{"id":146782,"date":"2025-06-02T16:18:08","date_gmt":"2025-06-02T16:18:08","guid":{"rendered":"https:\/\/www.europesays.com\/fr\/146782\/"},"modified":"2025-06-02T16:18:08","modified_gmt":"2025-06-02T16:18:08","slug":"pres-de-grenoble-cette-celebre-chaine-de-restaurants-rouvre-avec-un-nouveau-concept","status":"publish","type":"post","link":"https:\/\/www.europesays.com\/fr\/146782\/","title":{"rendered":"Pr\u00e8s de Grenoble. Cette c\u00e9l\u00e8bre cha\u00eene de restaurants rouvre avec un nouveau concept"},"content":{"rendered":"<p>            Par<br \/>\n        <strong><br \/>\n            <a href=\"https:\/\/actu.fr\/auteur\/julien-sournies\" title=\"Consulter tous les articles de Julien Sournies\" rel=\"nofollow noopener\" target=\"_blank\">Julien Sournies<\/a><br \/>\n        <\/strong><\/p>\n<p>        Publi\u00e9 le<\/p>\n<p>            2 juin 2025 \u00e0 17h45        <\/p>\n<p>Sa r\u00e9ouverture est pour <strong>bient\u00f4t\u2009<\/strong>: ferm\u00e9e depuis plusieurs mois dans la commune de Gi\u00e8res (<a href=\"https:\/\/actu.fr\/auvergne-rhone-alpes\/isere_38\" rel=\"nofollow noopener\" target=\"_blank\">Is\u00e8re<\/a>), \u00e0 l\u2019est de <a href=\"https:\/\/actu.fr\/grenoble\/\" rel=\"nofollow noopener\" target=\"_blank\">Grenoble<\/a>, l\u2019enseigne <strong>Hippopotamus<\/strong>, c\u00e9l\u00e8bre cha\u00eene de restaurants \u00e0 viande, va de nouveau ouvrir ses portes au public. Pour l\u2019heure, les derniers ajustements se poursuivent avant la remise en service de l\u2019\u00e9tablissement d\u2019ici quelques jours avec \u00ab\u2009un concept<strong> enti\u00e8rement revisit\u00e9<\/strong>\u2009\u00bb. Voici ce qui vous attend.<\/p>\n<p>Une culture du Steakhouse \u00ab\u2009\u00e0 la fran\u00e7aise\u2009\u00bb<\/p>\n<p class=\" wall-content\">Install\u00e9 \u00e0 l\u2019entr\u00e9e de l\u2019all\u00e9e du P\u00e9rou, \u00e0 proximit\u00e9 du campus universitaire de Grenoble, le restaurant va en effet accueillir ses premiers clients le <strong>mardi 10\u00a0juin 2025<\/strong>. D\u2019une superficie de 300\u00a0m2, l\u2019\u00e9tablissement pourra recevoir 160 clients en int\u00e9rieur et 64 sur sa terrasse ext\u00e9rieure.<\/p>\n<p class=\" wall-content\">Dans un communiqu\u00e9 de presse, l\u2019enseigne promet \u00ab\u2009un concept enti\u00e8rement revisit\u00e9, de la cuisine \u00e0 la salle, qui saura s\u00e9duire les amateurs de viande d\u2019exception sublim\u00e9e par le nouveau mode de cuisson \u00e0 la braise\u2009\u00bb.<\/p>\n<blockquote class=\"ac-article-quote wall-content\">\n<p>Avec ce nouveau concept, Hippopotamus revisite la culture du Steakhouse en l\u2019adaptant \u00e0 l\u2019art de vivre \u00ab\u2009\u00e0 la fran\u00e7aise\u2009\u00bb\u2009: le plaisir de d\u00e9guster des plats savoureux et g\u00e9n\u00e9reux s\u2019accorde avec celui de partager des moments conviviaux, chaleureux, entre amis, coll\u00e8gues ou en famille.<\/p>\n<p>    <strong>Hippopotamus<\/strong>\n            <\/p><\/blockquote>\n<p>Des exclusivit\u00e9s \u00e0 la carte<\/p>\n<p class=\" wall-content\">Pour sa r\u00e9ouverture, le restaurant va \u00e9galement afficher des <strong>exclusivit\u00e9s<\/strong> sur sa carte printemps-\u00e9t\u00e9. \u00ab\u2009On d\u00e9couvre notamment de nouvelles entr\u00e9es comme la tartine de ch\u00e8vre ou la petite salade veggie ou encore la terrine de campagne. Pour les plats, la salade Steakhouse, la salade plaisir veggie, le hach\u00e9 ch\u00e8vre et la cocotte du soleil font leur entr\u00e9e\u2009\u00bb, liste Hippopotamus.<\/p>\n<p class=\" wall-content\">C\u00f4t\u00e9 prix, l\u2019enseigne propose par ailleurs de nouveaux plats du jour \u00e0 <strong>13,90\u20ac<\/strong>, disponibles tous les midis, du lundi au vendredi.<\/p>\n<p class=\" wall-content\">En tout cas, devant cette nouveaut\u00e9, le franchis\u00e9 de l\u2019\u00e9tablissement de Gi\u00e8res, Adel Mati, se dit \u00ab\u2009convaincu que ce concept va offrir un nouveau cadre contemporain, cosy et chaleureux \u00e0 la client\u00e8le locale\u2009\u00bb.<\/p>\n<p><strong>Infos pratiques\u2009:<br \/><\/strong>1 all\u00e9e du P\u00e9rou 38610 Gi\u00e8res<br \/>Du dimanche au jeudi\u2009: de 11h30 \u00e0 22h00<br \/>Du vendredi au samedi\u2009: de 11h30 \u00e0 23h00<\/p>\n<p class=\" wall-content\">Suivez toute l\u2019actualit\u00e9 de vos villes et m\u00e9dias favoris en vous inscrivant \u00e0 <a href=\"https:\/\/moncompte.actu.fr\" title=\"D\u00e9couvez Mon Actu\" rel=\"nofollow noopener\" data-trk=\"{&quot;cta&quot;:{&quot;action&quot;:&quot;https:\\\/\\\/moncompte.actu.fr&quot;,&quot;category&quot;:&quot;mon compte&quot;,&quot;from&quot;:&quot;article footer&quot;,&quot;name&quot;:&quot;Mon actu&quot;,&quot;type&quot;:&quot;cta&quot;}}\" target=\"_blank\">Mon Actu<\/a>.<\/p>\n","protected":false},"excerpt":{"rendered":"Par Julien Sournies Publi\u00e9 le 2 juin 2025 \u00e0 17h45 Sa r\u00e9ouverture est pour bient\u00f4t\u2009: ferm\u00e9e depuis plusieurs&hellip;\n","protected":false},"author":2,"featured_media":146783,"comment_status":"","ping_status":"","sticky":false,"template":"","format":"standard","meta":{"footnotes":""},"categories":[9566],"tags":[1111,11,2430,33,1777,674,1011,27,2731,12,25,1340],"class_list":{"0":"post-146782","1":"post","2":"type-post","3":"status-publish","4":"format-standard","5":"has-post-thumbnail","7":"category-grenoble","8":"tag-actu","9":"tag-actualites","10":"tag-auvergne-rhone-alpes","11":"tag-economie","12":"tag-eu","13":"tag-europe","14":"tag-fr","15":"tag-france","16":"tag-grenoble","17":"tag-news","18":"tag-republique-francaise","19":"tag-restaurant"},"share_on_mastodon":{"url":"https:\/\/pubeurope.com\/@fr\/114614678757534052","error":""},"_links":{"self":[{"href":"https:\/\/www.europesays.com\/fr\/wp-json\/wp\/v2\/posts\/146782","targetHints":{"allow":["GET"]}}],"collection":[{"href":"https:\/\/www.europesays.com\/fr\/wp-json\/wp\/v2\/posts"}],"about":[{"href":"https:\/\/www.europesays.com\/fr\/wp-json\/wp\/v2\/types\/post"}],"author":[{"embeddable":true,"href":"https:\/\/www.europesays.com\/fr\/wp-json\/wp\/v2\/users\/2"}],"replies":[{"embeddable":true,"href":"https:\/\/www.europesays.com\/fr\/wp-json\/wp\/v2\/comments?post=146782"}],"version-history":[{"count":0,"href":"https:\/\/www.europesays.com\/fr\/wp-json\/wp\/v2\/posts\/146782\/revisions"}],"wp:featuredmedia":[{"embeddable":true,"href":"https:\/\/www.europesays.com\/fr\/wp-json\/wp\/v2\/media\/146783"}],"wp:attachment":[{"href":"https:\/\/www.europesays.com\/fr\/wp-json\/wp\/v2\/media?parent=146782"}],"wp:term":[{"taxonomy":"category","embeddable":true,"href":"https:\/\/www.europesays.com\/fr\/wp-json\/wp\/v2\/categories?post=146782"},{"taxonomy":"post_tag","embeddable":true,"href":"https:\/\/www.europesays.com\/fr\/wp-json\/wp\/v2\/tags?post=146782"}],"curies":[{"name":"wp","href":"https:\/\/api.w.org\/{rel}","templated":true}]}}