{"id":146788,"date":"2025-06-02T16:21:15","date_gmt":"2025-06-02T16:21:15","guid":{"rendered":"https:\/\/www.europesays.com\/fr\/146788\/"},"modified":"2025-06-02T16:21:15","modified_gmt":"2025-06-02T16:21:15","slug":"a-rennes-on-connait-la-date-dinauguration-des-travaux-de-la-future-usine-safran","status":"publish","type":"post","link":"https:\/\/www.europesays.com\/fr\/146788\/","title":{"rendered":"\u00c0 Rennes, on conna\u00eet la date d\u2019inauguration des travaux de la future usine Safran"},"content":{"rendered":"<p>C\u2019est l\u2019un des projets industriels les plus regard\u00e9s de la m\u00e9tropole rennaise. L\u2019un des plus discut\u00e9s, \u00e9galement. \u00c0 Chartres-de-Bretagne (35), au sud de Rennes, le g\u00e9ant Safran a lanc\u00e9 la construction de <a href=\"https:\/\/www.letelegramme.fr\/ille-et-vilaine\/rennes-35000\/lindustriel-safran-simplante-pres-de-rennes-pour-fabriquer-ses-pieces-destinees-a-laviation-6534695.php\" target=\"_blank\" rel=\"noopener\">sa future usine<\/a> de production de pi\u00e8ces de moteurs d\u2019avions civils et militaires. Un investissement de 80 M\u20ac, symbole de la r\u00e9industrialisation des anciens terrains du constructeur automobile Stellantis \u00e0 la Janais, et qui doit permettre de cr\u00e9er jusqu\u2019\u00e0 500 emplois \u00e0 terme.<\/p>\n<p>Permis de construire<\/p>\n<p>Comme l\u2019indiquait Le T\u00e9l\u00e9gramme <a href=\"https:\/\/www.letelegramme.fr\/ille-et-vilaine\/rennes-35000\/usine-safran-a-rennes-non-le-projet-nest-pas-abandonne-6800697.php\" target=\"_blank\" rel=\"noopener\">en avril<\/a>, les premiers travaux ont commenc\u00e9 il y a quelques semaines sur la parcelle de plus de 6 hectares rachet\u00e9e par Safran \u00e0 Rennes M\u00e9tropole. Le permis de construire lui a \u00e9t\u00e9 d\u00e9livr\u00e9 le 25 avril par la mairie de Chartres-de-Bretagne, permettant aux tractopelles et autres engins de chantier de commencer \u00e0 s\u2019affairer s\u00e9rieusement. Le tout est supervis\u00e9 par une petite \u00e9quipe d\u00e9p\u00each\u00e9e sur place par Safran et install\u00e9e au sein du <a href=\"https:\/\/www.letelegramme.fr\/ille-et-vilaine\/rennes-35000\/laboutissement-dun-travail-de-longue-haleine-cinq-choses-a-savoir-sur-le-batiment-78-le-nouveau-lieu-dedie-a-lindustrie-a-rennes-6826404.php\" target=\"_blank\" rel=\"noopener\">B\u00e2timent 78<\/a>, la nouvelle p\u00e9pini\u00e8re-h\u00f4tel d\u2019entreprises de la m\u00e9tropole, situ\u00e9e jusqu\u2019en face de la future fonderie.<\/p>\n<p><img decoding=\"async\" src=\"https:\/\/www.europesays.com\/fr\/wp-content\/uploads\/2025\/06\/683dc4fbf218d5752005f584.1.jpeg\" width=\"480\" height=\"300\" class=\"web_golden_m\" loading=\"lazy\" alt=\"Tractopelles et engins de chantier s\u2019affairent sur le terrain de la future usine, autrefois occup\u00e9 par le constructeur automobile Stellantis.\"\/>Tractopelles et engins de chantier s\u2019affairent sur le terrain de la future usine, autrefois occup\u00e9 par le constructeur automobile Stellantis. (Photo Le T\u00e9l\u00e9gramme\/Guillaume Bietry)<\/p>\n<p>Selon Rennes M\u00e9tropole, la c\u00e9r\u00e9monie de pose de la premi\u00e8re pierre du chantier &#8211; un moment symbolique permettant de lancer officiellement les travaux &#8211; se tiendra mercredi 11 juillet. Une date que Safran confirme \u00ab \u00e0 ce stade \u00bb. Plusieurs dirigeants du groupe industriel seront pr\u00e9sents, ainsi que des \u00e9lus locaux, dont Nathalie App\u00e9r\u00e9, la pr\u00e9sidente socialiste de la M\u00e9tropole et fervente d\u00e9fenseuse du projet.<\/p>\n<p>Tr\u00e8s attendu, le lancement des travaux a permis de couper court \u00e0 des rumeurs laissant penser que le groupe avait renonc\u00e9 \u00e0 son usine rennaise. <a href=\"https:\/\/www.letelegramme.fr\/ille-et-vilaine\/rennes-35000\/ils-nous-ont-jete-des-tomates-le-patron-du-groupe-safran-en-veut-aux-elus-ecologistes-de-rennes-6800056.php\" target=\"_blank\" rel=\"noopener\">Auditionn\u00e9 \u00e0 l\u2019Assembl\u00e9e nationale<\/a> courant avril, le directeur g\u00e9n\u00e9ral de Safran, Olivier Andri\u00e8s, s\u2019\u00e9tait fait mal comprendre de plusieurs politiques et commentateurs, en d\u00e9clarant qu\u2019il refuserait \u00e0 l\u2019avenir de s\u2019implanter dans \u00ab une ville d\u00e9tenue par une majorit\u00e9 \u00e9cologiste \u00bb. Et ce, en raison <a href=\"https:\/\/www.letelegramme.fr\/ille-et-vilaine\/rennes-35000\/a-rennes-le-projet-dusine-de-safran-ouvre-une-crise-dans-la-majorite-6535203.php\" target=\"_blank\" rel=\"noopener\">du mauvais accueil<\/a> que lui ont r\u00e9serv\u00e9 les \u00e9lus EELV de la m\u00e9tropole rennaise, alli\u00e9s de Nathalie App\u00e9r\u00e9 au sein de la collectivit\u00e9. Toujours dans les tuyaux, l\u2019usine rennaise, qui fera plus de 10 000 m\u00b2, doit \u00eatre op\u00e9rationnelle courant 2027 et produira 500 000 pi\u00e8ces par an, en rythme de croisi\u00e8re.<\/p>\n","protected":false},"excerpt":{"rendered":"C\u2019est l\u2019un des projets industriels les plus regard\u00e9s de la m\u00e9tropole rennaise. L\u2019un des plus discut\u00e9s, \u00e9galement. \u00c0&hellip;\n","protected":false},"author":2,"featured_media":146789,"comment_status":"","ping_status":"","sticky":false,"template":"","format":"standard","meta":{"footnotes":""},"categories":[2821],"tags":[1111,11,829,1777,674,1011,27,848,4555,12,584,25],"class_list":{"0":"post-146788","1":"post","2":"type-post","3":"status-publish","4":"format-standard","5":"has-post-thumbnail","7":"category-rennes","8":"tag-actu","9":"tag-actualites","10":"tag-bretagne","11":"tag-eu","12":"tag-europe","13":"tag-fr","14":"tag-france","15":"tag-ille-et-vilaine","16":"tag-local","17":"tag-news","18":"tag-rennes","19":"tag-republique-francaise"},"share_on_mastodon":{"url":"https:\/\/pubeurope.com\/@fr\/114614690468022697","error":""},"_links":{"self":[{"href":"https:\/\/www.europesays.com\/fr\/wp-json\/wp\/v2\/posts\/146788","targetHints":{"allow":["GET"]}}],"collection":[{"href":"https:\/\/www.europesays.com\/fr\/wp-json\/wp\/v2\/posts"}],"about":[{"href":"https:\/\/www.europesays.com\/fr\/wp-json\/wp\/v2\/types\/post"}],"author":[{"embeddable":true,"href":"https:\/\/www.europesays.com\/fr\/wp-json\/wp\/v2\/users\/2"}],"replies":[{"embeddable":true,"href":"https:\/\/www.europesays.com\/fr\/wp-json\/wp\/v2\/comments?post=146788"}],"version-history":[{"count":0,"href":"https:\/\/www.europesays.com\/fr\/wp-json\/wp\/v2\/posts\/146788\/revisions"}],"wp:featuredmedia":[{"embeddable":true,"href":"https:\/\/www.europesays.com\/fr\/wp-json\/wp\/v2\/media\/146789"}],"wp:attachment":[{"href":"https:\/\/www.europesays.com\/fr\/wp-json\/wp\/v2\/media?parent=146788"}],"wp:term":[{"taxonomy":"category","embeddable":true,"href":"https:\/\/www.europesays.com\/fr\/wp-json\/wp\/v2\/categories?post=146788"},{"taxonomy":"post_tag","embeddable":true,"href":"https:\/\/www.europesays.com\/fr\/wp-json\/wp\/v2\/tags?post=146788"}],"curies":[{"name":"wp","href":"https:\/\/api.w.org\/{rel}","templated":true}]}}