{"id":146797,"date":"2025-06-02T16:26:14","date_gmt":"2025-06-02T16:26:14","guid":{"rendered":"https:\/\/www.europesays.com\/fr\/146797\/"},"modified":"2025-06-02T16:26:14","modified_gmt":"2025-06-02T16:26:14","slug":"grace-a-cette-association-de-loire-atlantique-ces-papiers-donnent-de-lespoir","status":"publish","type":"post","link":"https:\/\/www.europesays.com\/fr\/146797\/","title":{"rendered":"Gr\u00e2ce \u00e0 cette association de Loire-Atlantique, ces papiers donnent de l&rsquo;espoir"},"content":{"rendered":"<p>            Par<br \/>\n        <strong><br \/>\n            <a href=\"https:\/\/actu.fr\/auteur\/journaliste-sm\" title=\"Consulter tous les articles de R\u00e9daction Clisson\" target=\"_blank\" rel=\"noopener\">R\u00e9daction Clisson<\/a><br \/>\n        <\/strong><\/p>\n<p>        Publi\u00e9 le<\/p>\n<p>            2 juin 2025 \u00e0 17h58        <\/p>\n<p><a href=\"https:\/\/www.lespapiersdelespoir.fr\/\" target=\"_blank\" rel=\"noopener\">L\u2019association Papiers de l\u2019espoir, <\/a>c\u2019est avant tout une id\u00e9e simple et g\u00e9n\u00e9reuse. Uniquement sous statut b\u00e9n\u00e9voles, les 200 personnes adh\u00e9rentes <b>collectent<\/b> aupr\u00e8s des soci\u00e9t\u00e9s, organismes et collectivit\u00e9,<b> le papier usag\u00e9 devenu inutile et encombrant.<\/b> Ce papier est <b>revendu \u00e0 des entreprises sp\u00e9cialis\u00e9es <\/b>dans son recyclage.<\/p>\n<p class=\" wall-content\">Seule ressource de l\u2019association de <a href=\"https:\/\/actu.fr\/pays-de-la-loire\/vertou_44215\" target=\"_blank\" rel=\"noopener\"><b>Vertou<\/b><\/a>, cette vente permet de<b> financer des projets humanitaires et \u00e9ducatifs en France et dans les pays en d\u00e9veloppement<\/b>. A titre d\u2019exemple, <b>une tonne de papiers permet de financer 20 livres scolaires<\/b>.<\/p>\n<blockquote class=\"ac-article-quote wall-content\">\n<p>Le prix du papier d\u00e9pend de sa cat\u00e9gorie. Il y en a 4 grandes parmi lesquelles le \u00a0\u00bb l\u2019\u00e9crit blanc\u00a0\u00bb, qui a la plus grande valeur marchande. C\u2019est pourquoi, nous consacrons de grands efforts pour trier plus de 2 000 tonnes par an, afin d\u2019extraire environ 400 tonnes de ce papier. Et mieux le valoriser m\u00eame si le prix de rachat a nettement diminu\u00e9 par rapport \u00e0 certaines ann\u00e9es pass\u00e9es. Nous sommes encore plus heureux si nos partenaires font eux-m\u00eames ce tri.<\/p>\n<p>Bernard Thouzeau lors de l\u2019assembl\u00e9e g\u00e9n\u00e9rale<\/p><\/blockquote>\n<p class=\" wall-content\">Il ajoute que \u00ab l\u2019utilisation du papier recycl\u00e9 permet <b>une \u00e9conomie importante d\u2019eau <\/b>et d\u2019\u00e9nergie dans la production \u00bb, soit pr\u00e8s de 200\u00a0m3 d\u2019eau et plus de 250 litres de p\u00e9trole \u00e9conomis\u00e9s par tonne de papier collect\u00e9.<\/p>\n<p>Vid\u00e9os : en ce moment sur ActuDes bacs pour les particuliers<\/p>\n<p class=\" wall-content\">Les Papiers de l\u2019espoir d<b>\u00e9veloppent la collecte aupr\u00e8s des particuliers<\/b> en mettant \u00e0 leur disposition sur la commune des bacs que des b\u00e9n\u00e9voles se chargent de vider r\u00e9guli\u00e8rement.<\/p>\n<blockquote class=\"ac-article-quote wall-content\">\n<p>Devant le succ\u00e8s de ce mode de participation de nos citoyens, nous envisageons de multiplier le nombre de points de collecte et, pourquoi pas, d\u2019\u00e9tendre ce mode de collecte aux villes environnantes.<\/p>\n<p>Le pr\u00e9sident<\/p><\/blockquote>\n<p class=\" wall-content\">Ce dernier a pr\u00e9cis\u00e9 que les particuliers peuvent directement d\u00e9poser leurs papiers, journaux, publicit\u00e9s et livres usag\u00e9s au <a href=\"https:\/\/www.google.com\/maps\/place\/\/@47.1835001,-1.4787769,15z\/data=!4m2!3m1!1s0x0:0x987f1150d8145f64?entry=s&amp;sa=X\" target=\"_blank\" rel=\"noopener\">centre de tri de la Vertonne<\/a> (16, rue des entrepreneurs).<\/p>\n<blockquote class=\"ac-article-quote wall-content\">\n<p>\u00a0Notre r\u00e9ussite tient aux quelque 220 b\u00e9n\u00e9voles qui viennent aux Papiers de l\u2019Espoir pour participer \u00e0 une aide humanitaire, mais aussi pour trouver bonne humeur et convivialit\u00e9. Tous les jours, dans un rayon de 70 km autour de Vertou, les roulants comme on les appelle, partent au volant des cinq fourgons et des deux poids lourds, pour les enl\u00e8vements chez les fournisseurs ou les livraisons chez les recycleurs.<\/p>\n<p>Bernard Thouzeau.<\/p><\/blockquote>\n<p class=\" wall-content\">Il a expliqu\u00e9 que la difficult\u00e9 \u00e0 trouver un <b>nouveau local \u00e0 un prix de location abordable<\/b> pourrait conduire l\u2019association \u00e0 effectuer les<b> collectes de la zone de Pornic-Saint-Br\u00e9vin<\/b> \u00e0 partir de Vertou et <b>de ne plus faire le tri \u00e0 Saint-Nazaire.<\/b><\/p>\n<p>317 000\u00a0euros vers\u00e9s \u00e0 des associations<\/p>\n<p class=\" wall-content\">Dans son rapport financier, le pr\u00e9sident a indiqu\u00e9 que le total des produits s\u2019\u00e9l\u00e8ve \u00e0<b> 547 953\u00a0\u20ac pour 2024, <\/b>soit pratiquement le m\u00eame qu\u2019en 2023.<\/p>\n<blockquote class=\"ac-article-quote wall-content\">\n<p>En 2024, nous avons soutenu 62 projets pour un montant de 317 439 \u20ac. En 2025, afin de tenir compte des demandes formul\u00e9es par les associations humanitaires, le conseil d\u2019administration a d\u00e9cid\u00e9 de financer le programme humanitaire \u00e0 hauteur de 300 000 \u20ac.<\/p>\n<\/blockquote>\n<p class=\" wall-content\">D\u2019ailleurs, lors de l\u2019assembl\u00e9e g\u00e9n\u00e9rale, deux associations locales ont pr\u00e9sent\u00e9 les actions men\u00e9es gr\u00e2ce au soutien financier apport\u00e9 par Papiers de l\u2019espoir.<\/p>\n<p class=\" wall-content\">L\u2019objectif de l\u2019association nantaise<a href=\"https:\/\/www.eam-zazamalagasy.org\/\" target=\"_blank\" rel=\"noopener\"> Zaza Malagasy Enfance Actions Madagascar<\/a> est le <b>d\u00e9veloppement de l\u2019\u00e9ducation, la formation et la sant\u00e9 par l\u2019accueil ou l\u2019accompagnement d\u2019enfants et adolescents \u00e0 Madagascar.\u00a0<\/b><\/p>\n<blockquote class=\"ac-article-quote wall-content\">\n<p>Des actions compl\u00e9mentaires sont men\u00e9es pour pr\u00e9server l\u2019environnement, combattre la malnutrition, am\u00e9liorer l\u2019hygi\u00e8ne, r\u00e9aliser la construction de blocs sanitaires et des adductions d\u2019eau, mais aussi assurer des animations culturelles et sportives. Depuis 2012, chacune des participations des Papiers de l\u2019Espoir a permis ces belles r\u00e9alisations, tr\u00e8s concr\u00e8tes<\/p>\n<p>Jeannine Desneuf, la pr\u00e9sidente de l\u2019association.<\/p><\/blockquote>\n<p>    <img   decoding=\"async\" loading=\"lazy\" class=\"size-large\" src=\"https:\/\/www.europesays.com\/fr\/wp-content\/uploads\/2025\/06\/456a0e3ffc086496a0e3ffc082d6a0v-960x640.jpg\" alt=\"Les participants \u00e0 l'assembl\u00e9e g\u00e9n\u00e9rale.\" width=\"960\" height=\"640\"\/><br \/>\n    Les participants \u00e0 l\u2019assembl\u00e9e g\u00e9n\u00e9rale. \u00a9Hebdo de S\u00e8vre et Maine<\/p>\n<p class=\" wall-content\">De son c\u00f4t\u00e9, l\u2019association des <a href=\"https:\/\/www.la-joliverie.com\/groupe-joliverie\/entreprises-anciens-eleves\/associations-des-anciens\/\" target=\"_blank\" rel=\"noopener\">Anciens \u00e9l\u00e8ves de la Joliverie<\/a> (AICP) incarne <b>les valeurs de solidarit\u00e9 et d\u2019engagement social<\/b>. Depuis de nombreuses ann\u00e9es elle m\u00e8ne des initiatives en Afrique afin de contribuer au d\u00e9veloppement local.<\/p>\n<blockquote class=\"ac-article-quote wall-content\">\n<p>Parmi ces initiatives, je peux mentionner le soutien \u00e0 la cr\u00e9ation et au d\u00e9marrage du Centre des M\u00e9tiers de la Joliverie de Boudry, au Burkina Faso.<\/p>\n<p>Hubert Bregeon, le vice-pr\u00e9sident de l\u2019association.<\/p><\/blockquote>\n<p class=\" wall-content\">Des papiers qui permettent d\u2019\u00e9crire ensemble de belles histoires.<\/p>\n<p>Papiers de l\u2019espoir, contact : 02 40 34 29 24 ou <a href=\"https:\/\/actu.fr\/cdn-cgi\/l\/email-protection\" class=\"__cf_email__\" data-cfemail=\"84e7ebeaf0e5e7f0c4e8e1f7f4e5f4ede1f6f7e0e1e8e1f7f4ebedf6aae2f6\" target=\"_blank\" rel=\"noopener\">[email\u00a0protected]<\/a><\/p>\n<p class=\" wall-content\">Suivez toute l\u2019actualit\u00e9 de vos villes et m\u00e9dias favoris en vous inscrivant \u00e0 <a href=\"https:\/\/moncompte.actu.fr\" title=\"D\u00e9couvez Mon Actu\" rel=\"nofollow noopener\" data-trk=\"{&quot;cta&quot;:{&quot;action&quot;:&quot;https:\\\/\\\/moncompte.actu.fr&quot;,&quot;category&quot;:&quot;mon compte&quot;,&quot;from&quot;:&quot;article footer&quot;,&quot;name&quot;:&quot;Mon actu&quot;,&quot;type&quot;:&quot;cta&quot;}}\" target=\"_blank\">Mon Actu<\/a>.<\/p>\n<ul class=\"ac-article-tag wall-content\">\n<li><a href=\"https:\/\/actu.fr\/tag\/solidarite\" data-trk=\"{&quot;cta&quot;:{&quot;action&quot;:&quot;Solidarit\\u00e9&quot;,&quot;category&quot;:&quot;tag&quot;,&quot;from&quot;:&quot;article footer&quot;,&quot;name&quot;:&quot;Solidarit\\u00e9&quot;,&quot;type&quot;:&quot;cta&quot;}}\" target=\"_blank\" rel=\"noopener\">#Solidarit\u00e9<\/a><\/li>\n<li><a href=\"https:\/\/actu.fr\/tag\/vignoble-nantais\" data-trk=\"{&quot;cta&quot;:{&quot;action&quot;:&quot;Vignoble nantais&quot;,&quot;category&quot;:&quot;tag&quot;,&quot;from&quot;:&quot;article footer&quot;,&quot;name&quot;:&quot;Vignoble nantais&quot;,&quot;type&quot;:&quot;cta&quot;}}\" target=\"_blank\" rel=\"noopener\">#Vignoble nantais<\/a><\/li>\n<\/ul>\n","protected":false},"excerpt":{"rendered":"Par R\u00e9daction Clisson Publi\u00e9 le 2 juin 2025 \u00e0 17h58 L\u2019association Papiers de l\u2019espoir, c\u2019est avant tout une&hellip;\n","protected":false},"author":2,"featured_media":146798,"comment_status":"","ping_status":"","sticky":false,"template":"","format":"standard","meta":{"footnotes":""},"categories":[2818],"tags":[1111,11,1777,674,1011,27,766,12,2636,25,104,3400,2900],"class_list":{"0":"post-146797","1":"post","2":"type-post","3":"status-publish","4":"format-standard","5":"has-post-thumbnail","7":"category-nantes","8":"tag-actu","9":"tag-actualites","10":"tag-eu","11":"tag-europe","12":"tag-fr","13":"tag-france","14":"tag-nantes","15":"tag-news","16":"tag-pays-de-la-loire","17":"tag-republique-francaise","18":"tag-societe","19":"tag-solidarite","20":"tag-vignoble-nantais"},"share_on_mastodon":{"url":"https:\/\/pubeurope.com\/@fr\/114614710057179685","error":""},"_links":{"self":[{"href":"https:\/\/www.europesays.com\/fr\/wp-json\/wp\/v2\/posts\/146797","targetHints":{"allow":["GET"]}}],"collection":[{"href":"https:\/\/www.europesays.com\/fr\/wp-json\/wp\/v2\/posts"}],"about":[{"href":"https:\/\/www.europesays.com\/fr\/wp-json\/wp\/v2\/types\/post"}],"author":[{"embeddable":true,"href":"https:\/\/www.europesays.com\/fr\/wp-json\/wp\/v2\/users\/2"}],"replies":[{"embeddable":true,"href":"https:\/\/www.europesays.com\/fr\/wp-json\/wp\/v2\/comments?post=146797"}],"version-history":[{"count":0,"href":"https:\/\/www.europesays.com\/fr\/wp-json\/wp\/v2\/posts\/146797\/revisions"}],"wp:featuredmedia":[{"embeddable":true,"href":"https:\/\/www.europesays.com\/fr\/wp-json\/wp\/v2\/media\/146798"}],"wp:attachment":[{"href":"https:\/\/www.europesays.com\/fr\/wp-json\/wp\/v2\/media?parent=146797"}],"wp:term":[{"taxonomy":"category","embeddable":true,"href":"https:\/\/www.europesays.com\/fr\/wp-json\/wp\/v2\/categories?post=146797"},{"taxonomy":"post_tag","embeddable":true,"href":"https:\/\/www.europesays.com\/fr\/wp-json\/wp\/v2\/tags?post=146797"}],"curies":[{"name":"wp","href":"https:\/\/api.w.org\/{rel}","templated":true}]}}