{"id":146803,"date":"2025-06-02T16:29:09","date_gmt":"2025-06-02T16:29:09","guid":{"rendered":"https:\/\/www.europesays.com\/fr\/146803\/"},"modified":"2025-06-02T16:29:09","modified_gmt":"2025-06-02T16:29:09","slug":"volotea-base-un-troisieme-avion-a-bordeaux","status":"publish","type":"post","link":"https:\/\/www.europesays.com\/fr\/146803\/","title":{"rendered":"Volotea base un troisi\u00e8me avion \u00e0 Bordeaux"},"content":{"rendered":"<p>Malte, Marseille, Alicante et Bari, au d\u00e9part de Bordeaux, sont au programme de Volotea depuis fin mai 2025. Ces nouvelles routes viennent renforcer le r\u00e9seau de la compagnie qui atteint\u00a038 destinations, dont 8 domestiques\u00a0(Ajaccio, Bastia, Calvi, Figari, Lille, Marseille, Nice, Strasbourg)\u00a0et 30 internationales\u00a0au d\u00e9part de Bordeaux. La compagnie espagnole dessert\u00a010 pays\u00a0(Alg\u00e9rie, Belgique, Croatie, Espagne, France, Gr\u00e8ce, Italie, Malte, Maroc et R\u00e9publique Tch\u00e8que) au d\u00e9part de Bordeaux.\u00a0Les\u00a0liaisons insulaires repr\u00e9sentent 35 % de l\u2019offre\u00a0et\u00a025 % pour les lignes&#8230;<\/p>\n","protected":false},"excerpt":{"rendered":"Malte, Marseille, Alicante et Bari, au d\u00e9part de Bordeaux, sont au programme de Volotea depuis fin mai 2025.&hellip;\n","protected":false},"author":2,"featured_media":146804,"comment_status":"","ping_status":"","sticky":false,"template":"","format":"standard","meta":{"footnotes":""},"categories":[2817],"tags":[1111,11,663,1997,1777,674,1011,27,12,2219,25,11756],"class_list":{"0":"post-146803","1":"post","2":"type-post","3":"status-publish","4":"format-standard","5":"has-post-thumbnail","7":"category-bordeaux","8":"tag-actu","9":"tag-actualites","10":"tag-aeroport","11":"tag-bordeaux","12":"tag-eu","13":"tag-europe","14":"tag-fr","15":"tag-france","16":"tag-news","17":"tag-nouvelle-aquitaine","18":"tag-republique-francaise","19":"tag-volotea"},"share_on_mastodon":{"url":"https:\/\/pubeurope.com\/@fr\/114614721888222538","error":""},"_links":{"self":[{"href":"https:\/\/www.europesays.com\/fr\/wp-json\/wp\/v2\/posts\/146803","targetHints":{"allow":["GET"]}}],"collection":[{"href":"https:\/\/www.europesays.com\/fr\/wp-json\/wp\/v2\/posts"}],"about":[{"href":"https:\/\/www.europesays.com\/fr\/wp-json\/wp\/v2\/types\/post"}],"author":[{"embeddable":true,"href":"https:\/\/www.europesays.com\/fr\/wp-json\/wp\/v2\/users\/2"}],"replies":[{"embeddable":true,"href":"https:\/\/www.europesays.com\/fr\/wp-json\/wp\/v2\/comments?post=146803"}],"version-history":[{"count":0,"href":"https:\/\/www.europesays.com\/fr\/wp-json\/wp\/v2\/posts\/146803\/revisions"}],"wp:featuredmedia":[{"embeddable":true,"href":"https:\/\/www.europesays.com\/fr\/wp-json\/wp\/v2\/media\/146804"}],"wp:attachment":[{"href":"https:\/\/www.europesays.com\/fr\/wp-json\/wp\/v2\/media?parent=146803"}],"wp:term":[{"taxonomy":"category","embeddable":true,"href":"https:\/\/www.europesays.com\/fr\/wp-json\/wp\/v2\/categories?post=146803"},{"taxonomy":"post_tag","embeddable":true,"href":"https:\/\/www.europesays.com\/fr\/wp-json\/wp\/v2\/tags?post=146803"}],"curies":[{"name":"wp","href":"https:\/\/api.w.org\/{rel}","templated":true}]}}