{"id":146809,"date":"2025-06-02T16:32:12","date_gmt":"2025-06-02T16:32:12","guid":{"rendered":"https:\/\/www.europesays.com\/fr\/146809\/"},"modified":"2025-06-02T16:32:12","modified_gmt":"2025-06-02T16:32:12","slug":"pres-de-lille-une-liquidation-organisee-dans-cette-jolie-boutique-avant-sa-fermeture-definitive","status":"publish","type":"post","link":"https:\/\/www.europesays.com\/fr\/146809\/","title":{"rendered":"Pr\u00e8s de Lille. Une liquidation organis\u00e9e dans cette jolie boutique, avant sa fermeture d\u00e9finitive"},"content":{"rendered":"<p>            Par<br \/>\n        <strong><br \/>\n            <a href=\"https:\/\/actu.fr\/auteur\/hervine-mahaud\" title=\"Consulter tous les articles de Hervine Mahaud\" target=\"_blank\" rel=\"noopener\">Hervine Mahaud<\/a><br \/>\n        <\/strong><\/p>\n<p>        Publi\u00e9 le<\/p>\n<p>            2 juin 2025 \u00e0 17h34        <\/p>\n<p>C\u2019est une page qui se tourne \u00e0 <a href=\"https:\/\/actu.fr\/hauts-de-france\/croix_59163\" target=\"_blank\" rel=\"noopener\"><b>Croix<\/b><\/a>, dans la <a href=\"https:\/\/actu.fr\/lille\/\" target=\"_blank\" rel=\"noopener\">m\u00e9tropole de Lille<\/a>. Apr\u00e8s deux ans d\u2019activit\u00e9, le <b>concept store Maison Alauda<\/b>, install\u00e9 34 rue Jean Jaur\u00e8s, s\u2019appr\u00eate \u00e0 <b>fermer d\u00e9finitivement ses portes<\/b>. Avant de dire adieu \u00e0 ses fid\u00e8les clientes, la <b>boutique<\/b> organise une <b>grande liquidation<\/b>, du 3 au 21 juin 2025, sur l\u2019ensemble de ses articles.<\/p>\n<p>Des prix doux pour une derni\u00e8re parenth\u00e8se shopping<\/p>\n<p class=\" wall-content\"><a href=\"https:\/\/actu.fr\/hauts-de-france\/croix_59163\/a-croix-romane-a-ouvert-maison-alauda-sa-boutique-mode-deco-et-bien-etre_59089214.html\" target=\"_blank\" rel=\"noopener\">Ouverte en mars 2023, Maison Alauda<\/a> s\u2019\u00e9tait impos\u00e9e comme une adresse coup de c\u0153ur pour les amatrices de <b>mode<\/b> et de <b>d\u00e9coration<\/b>. On y retrouvait une jolie s\u00e9lection de <b>v\u00eatements pour femmes<\/b> avec des marques au bon rapport qualit\u00e9-prix (Grace &amp; Mila, Art Love, Vila\u2026), mais aussi des <b>bijoux<\/b> cr\u00e9ateurs (Atelier Marpo, Badhanati, Cloralys), des <b>accessoires<\/b> tendance (La Coque Fran\u00e7aise, Craie Studio, Vanessa Wu), ainsi que de nombreux <b>objets d\u00e9co et bien-\u00eatre<\/b> (bougies, parfums, vaisselle, savons\u2026).<\/p>\n<p class=\" wall-content\">Mais en 2025, Romane Le M\u00e9e, la fondatrice a choisi de quitter la r\u00e9gion pour d\u00e9marrer une nouvelle vie dans le sud. \u00ab\u00a0Depuis de nombreux mois ma vie se partage entre Croix et Aix-en-Provence. Mon choix de partir m\u2019installer d\u00e9finitivement dans le sud marque donc la fin d\u2019un tr\u00e8s beau chapitre sur Croix mais c\u2019est aussi le d\u00e9but d\u2019un nouveau\u00a0\u00bb, explique Romane sur le compte Instagram de la boutique.<\/p>\n<p class=\" wall-content\"><a href=\"https:\/\/www.instagram.com\/p\/DKPSJryMWKJ\/embed\" title=\"Ouvrir le lien sur Instagram\" target=\"_blank\" rel=\"noopener\">Visualiser le contenu sur Instagram<\/a><\/p>\n<p class=\" wall-content\">Alors, pour terminer l\u2019aventure \u00a0\u00bb Maison Alauda \u00a0\u00bb en beaut\u00e9, une grande liquidation est organis\u00e9e. \u00c0 cette occasion, tous les univers qui ont fait la sp\u00e9cificit\u00e9 de la boutique seront propos\u00e9s \u00e0 <b>\u2013 50 %<\/b>. Une belle opportunit\u00e9 pour faire de bonnes affaires tout en c\u00e9l\u00e9brant une aventure locale marquante.<\/p>\n<p>Infos pratiques : Maison Alauda, 34 rue Jean Jaur\u00e8s, 59170 Croix. Liquidation du 3 au 21 juin 2025 inclus en boutique ainsi que <a href=\"http:\/\/www.maison-alauda.fr\" target=\"_blank\" rel=\"noopener\">sur l\u2019eshop<\/a>.Vid\u00e9os : en ce moment sur Actu<\/p>\n<p class=\" wall-content\">Suivez toute l\u2019actualit\u00e9 de vos villes et m\u00e9dias favoris en vous inscrivant \u00e0 <a href=\"https:\/\/moncompte.actu.fr\" title=\"D\u00e9couvez Mon Actu\" rel=\"nofollow noopener\" data-trk=\"{&quot;cta&quot;:{&quot;action&quot;:&quot;https:\\\/\\\/moncompte.actu.fr&quot;,&quot;category&quot;:&quot;mon compte&quot;,&quot;from&quot;:&quot;article footer&quot;,&quot;name&quot;:&quot;Mon actu&quot;,&quot;type&quot;:&quot;cta&quot;}}\" target=\"_blank\">Mon Actu<\/a>.<\/p>\n<ul class=\"ac-article-tag wall-content\">\n<li><a href=\"https:\/\/actu.fr\/tag\/bon-plan-a-lille\" data-trk=\"{&quot;cta&quot;:{&quot;action&quot;:&quot;Bon plan \\u00e0 Lille&quot;,&quot;category&quot;:&quot;tag&quot;,&quot;from&quot;:&quot;article footer&quot;,&quot;name&quot;:&quot;Bon plan \\u00e0 Lille&quot;,&quot;type&quot;:&quot;cta&quot;}}\" target=\"_blank\" rel=\"noopener\">#Bon plan \u00e0 Lille<\/a><\/li>\n<li><a href=\"https:\/\/actu.fr\/tag\/textile\" data-trk=\"{&quot;cta&quot;:{&quot;action&quot;:&quot;Textile&quot;,&quot;category&quot;:&quot;tag&quot;,&quot;from&quot;:&quot;article footer&quot;,&quot;name&quot;:&quot;Textile&quot;,&quot;type&quot;:&quot;cta&quot;}}\" target=\"_blank\" rel=\"noopener\">#Textile<\/a><\/li>\n<\/ul>\n<p>                    <script async src=\"\/\/www.instagram.com\/embed.js\"><\/script><\/p>\n","protected":false},"excerpt":{"rendered":"Par Hervine Mahaud Publi\u00e9 le 2 juin 2025 \u00e0 17h34 C\u2019est une page qui se tourne \u00e0 Croix,&hellip;\n","protected":false},"author":2,"featured_media":146810,"comment_status":"","ping_status":"","sticky":false,"template":"","format":"standard","meta":{"footnotes":""},"categories":[2815],"tags":[1111,11,6557,33,1777,674,1011,27,811,1307,12,25,2422],"class_list":{"0":"post-146809","1":"post","2":"type-post","3":"status-publish","4":"format-standard","5":"has-post-thumbnail","7":"category-lille","8":"tag-actu","9":"tag-actualites","10":"tag-bon-plan-a-lille","11":"tag-economie","12":"tag-eu","13":"tag-europe","14":"tag-fr","15":"tag-france","16":"tag-hauts-de-france","17":"tag-lille","18":"tag-news","19":"tag-republique-francaise","20":"tag-textile"},"share_on_mastodon":{"url":"https:\/\/pubeurope.com\/@fr\/114614733698110331","error":""},"_links":{"self":[{"href":"https:\/\/www.europesays.com\/fr\/wp-json\/wp\/v2\/posts\/146809","targetHints":{"allow":["GET"]}}],"collection":[{"href":"https:\/\/www.europesays.com\/fr\/wp-json\/wp\/v2\/posts"}],"about":[{"href":"https:\/\/www.europesays.com\/fr\/wp-json\/wp\/v2\/types\/post"}],"author":[{"embeddable":true,"href":"https:\/\/www.europesays.com\/fr\/wp-json\/wp\/v2\/users\/2"}],"replies":[{"embeddable":true,"href":"https:\/\/www.europesays.com\/fr\/wp-json\/wp\/v2\/comments?post=146809"}],"version-history":[{"count":0,"href":"https:\/\/www.europesays.com\/fr\/wp-json\/wp\/v2\/posts\/146809\/revisions"}],"wp:featuredmedia":[{"embeddable":true,"href":"https:\/\/www.europesays.com\/fr\/wp-json\/wp\/v2\/media\/146810"}],"wp:attachment":[{"href":"https:\/\/www.europesays.com\/fr\/wp-json\/wp\/v2\/media?parent=146809"}],"wp:term":[{"taxonomy":"category","embeddable":true,"href":"https:\/\/www.europesays.com\/fr\/wp-json\/wp\/v2\/categories?post=146809"},{"taxonomy":"post_tag","embeddable":true,"href":"https:\/\/www.europesays.com\/fr\/wp-json\/wp\/v2\/tags?post=146809"}],"curies":[{"name":"wp","href":"https:\/\/api.w.org\/{rel}","templated":true}]}}