{"id":146815,"date":"2025-06-02T16:35:10","date_gmt":"2025-06-02T16:35:10","guid":{"rendered":"https:\/\/www.europesays.com\/fr\/146815\/"},"modified":"2025-06-02T16:35:10","modified_gmt":"2025-06-02T16:35:10","slug":"une-nouvelle-oeuvre-de-banksy-est-apparue-a-marseille-avant-detre-vandalisee","status":"publish","type":"post","link":"https:\/\/www.europesays.com\/fr\/146815\/","title":{"rendered":"Une nouvelle \u0153uvre de Banksy est apparue a Marseille (avant d&rsquo;\u00eatre vandalis\u00e9e)"},"content":{"rendered":"<p>Le timing \u00e9tait presque trop parfait. \u00c0 peine un jour apr\u00e8s que l&rsquo;artiste <a href=\"https:\/\/www.vanityfair.fr\/dossier\/banksy\" isautogenerated=\"true\" target=\"_blank\" rel=\"noopener\">Banksy<\/a> a r\u00e9v\u00e9l\u00e9 sur <a href=\"https:\/\/www.vanityfair.fr\/dossier\/instagram\" isautogenerated=\"true\" target=\"_blank\" rel=\"noopener\">Instagram<\/a> une nouvelle oeuvre \u00e0 <a href=\"https:\/\/www.vanityfair.fr\/dossier\/marseille\" isautogenerated=\"true\" target=\"_blank\" rel=\"noopener\">Marseille<\/a> \u2013 un phare noir projetant une lumi\u00e8re blanche sur fond de po\u00e9sie m\u00e9lancolique \u2013 la fresque \u00e9tait d\u00e9j\u00e0 d\u00e9t\u00e9rior\u00e9e. Dans la nuit du 31 mai au 1er juin, un inconnu a barbouill\u00e9 la fa\u00e7ade d\u2019un graffiti violet, ajoutant deux testicules de part et d\u2019autre de l\u2019image transformant ainsi le jeu d\u2019ombre entre un poteau et la lumi\u00e8re du phare en\u2026 phallus assum\u00e9.<\/p>\n<p>Au petit matin, la restauratrice <strong>Agn\u00e8s Perrone<\/strong> mobilis\u00e9e depuis l\u2019annonce de la d\u00e9couverte est intervenue. Malgr\u00e9 un vernis anti-graffiti pas encore pleinement efficace, elle a r\u00e9ussi \u00e0 effacer les ajouts sans alt\u00e9rer l&rsquo;\u0153uvre originale. \u00ab Je trouve \u00e7a tr\u00e8s con. Mais en m\u00eame temps, je suis Marseillaise : c\u2019est un sport national de combattre les tags ici \u00bb, a-t-elle confi\u00e9 \u00e0 l\u2019AFP. \u00c0 midi, le phare avait retrouv\u00e9 sa clart\u00e9, et la phrase qui l\u2019accompagne, \u00ab I want to be what you saw in me \u00bb ( Je veux \u00eatre ce que tu as vu en moi ), pouvait \u00e0 nouveau \u00eatre lisible sans entrave.<\/p>\n<p>Install\u00e9e rue F\u00e9lix-Fr\u00e9gier, non loin des Catalans, l&rsquo;\u0153uvre n\u2019a pas \u00e9t\u00e9 signal\u00e9e par hasard. C\u2019est via les r\u00e9seaux sociaux que l&rsquo;artiste de street art mythique l\u2019a d\u00e9voil\u00e9e, un post sans l\u00e9gende, fid\u00e8le \u00e0 sa m\u00e9thode de communication minimaliste. En jouant avec le mobilier urbain, ici, l\u2019ombre d\u2019un poteau devenant partie int\u00e9grante du pochoir, il continue de tordre le r\u00e9el avec une simplicit\u00e9 d\u00e9sarmante. Le message, quant \u00e0 lui, est \u00e0 double tranchant. Intime mais livr\u00e9 \u00e0 un espace public comme une lettre ouverte que chacun peut s\u2019approprier.<\/p>\n<p>Instagram content<\/p>\n<p>This content can also be viewed on the site it <a href=\"https:\/\/www.instagram.com\/p\/DKPUg56MqyT\" target=\"_blank\" rel=\"nofollow noreferrer noopener\" aria-label=\"Opens in a new window\" class=\"BaseWrap-sc-gjQpdd BaseText-ewhhUZ BaseLink-eNWuiM ConsentBannerLink-dJZMSz iUEiRd hfDfPc joAuXZ\">originates<\/a> from.<\/p>\n<p>Et l&rsquo;appropriation, justement, est au c\u0153ur du d\u00e9bat. Banksy, fervent d\u00e9fenseur de l<a href=\"https:\/\/www.vanityfair.fr\/culture\/article\/9-uvres-emblematiques-de-bansky-a-voir-en-france\" target=\"_blank\" rel=\"noopener\">\u2019art dans l\u2019espace urbain<\/a> et sa gratuit\u00e9 accepte et embrasse l\u2019id\u00e9e de l\u2019\u00e9ph\u00e9m\u00e8re. Il a m\u00eame orchestr\u00e9 la destruction en direct de <a href=\"https:\/\/www.vanityfair.fr\/actualites\/article\/la-celebre-toile-auto-detruite-de-banksy-sera-remise-aux-encheres-en-octobre\" target=\"_blank\" rel=\"noopener\">La petite fille au ballon<\/a> dans une salle des ventes. \u00c0 Marseille, c\u2019est l\u2019ironie du destin. Une \u0153uvre apparue sans autorisation est prot\u00e9g\u00e9e comme un tr\u00e9sor puis vandalis\u00e9e, restaur\u00e9e\u2026et devenue en 48 heures une attraction. L\u2019ombre d\u2019un poteau, quelques coups de bombe de peinture, un pochoir, et voil\u00e0 la ville qui s\u2019enflamme.<\/p>\n<p>Connue pour ses murs couverts de graffitis, du Panier aux abords du Vieux-Port, Marseille accueille les tags comme d\u2019autres accueillent les statues. La venue surprise de Banksy dans la cit\u00e9e phoc\u00e9enne a ravi autant qu\u2019elle a r\u00e9veill\u00e9 touristes, curieux et photographes. Tous ont converg\u00e9 vers cette ruelle discr\u00e8te entre deux bains de mer et un concert de <a href=\"https:\/\/www.vanityfair.fr\/people\/article\/pour-voir-bruce-springsteen-en-concert-les-fans-devront-payer-jusqua-5000-dollars\" target=\"_blank\" rel=\"noopener\"><strong>Bruce Springsteen<\/strong><\/a> au V\u00e9lodrome. Et si le phare de Banksy n\u2019est rest\u00e9 intact que quelques heures, il a d\u00e9j\u00e0 trouv\u00e9 sa place dans la m\u00e9moire de la ville.<\/p>\n<p><script async src=\"\/\/www.instagram.com\/embed.js\"><\/script><\/p>\n","protected":false},"excerpt":{"rendered":"Le timing \u00e9tait presque trop parfait. \u00c0 peine un jour apr\u00e8s que l&rsquo;artiste Banksy a r\u00e9v\u00e9l\u00e9 sur Instagram&hellip;\n","protected":false},"author":2,"featured_media":146816,"comment_status":"","ping_status":"","sticky":false,"template":"","format":"standard","meta":{"footnotes":""},"categories":[2814],"tags":[1111,11,7190,1777,674,1011,27,884,12,882,25],"class_list":{"0":"post-146815","1":"post","2":"type-post","3":"status-publish","4":"format-standard","5":"has-post-thumbnail","7":"category-marseille","8":"tag-actu","9":"tag-actualites","10":"tag-banksy","11":"tag-eu","12":"tag-europe","13":"tag-fr","14":"tag-france","15":"tag-marseille","16":"tag-news","17":"tag-provence-alpes-cote-dazur","18":"tag-republique-francaise"},"share_on_mastodon":{"url":"https:\/\/pubeurope.com\/@fr\/114614745402263880","error":""},"_links":{"self":[{"href":"https:\/\/www.europesays.com\/fr\/wp-json\/wp\/v2\/posts\/146815","targetHints":{"allow":["GET"]}}],"collection":[{"href":"https:\/\/www.europesays.com\/fr\/wp-json\/wp\/v2\/posts"}],"about":[{"href":"https:\/\/www.europesays.com\/fr\/wp-json\/wp\/v2\/types\/post"}],"author":[{"embeddable":true,"href":"https:\/\/www.europesays.com\/fr\/wp-json\/wp\/v2\/users\/2"}],"replies":[{"embeddable":true,"href":"https:\/\/www.europesays.com\/fr\/wp-json\/wp\/v2\/comments?post=146815"}],"version-history":[{"count":0,"href":"https:\/\/www.europesays.com\/fr\/wp-json\/wp\/v2\/posts\/146815\/revisions"}],"wp:featuredmedia":[{"embeddable":true,"href":"https:\/\/www.europesays.com\/fr\/wp-json\/wp\/v2\/media\/146816"}],"wp:attachment":[{"href":"https:\/\/www.europesays.com\/fr\/wp-json\/wp\/v2\/media?parent=146815"}],"wp:term":[{"taxonomy":"category","embeddable":true,"href":"https:\/\/www.europesays.com\/fr\/wp-json\/wp\/v2\/categories?post=146815"},{"taxonomy":"post_tag","embeddable":true,"href":"https:\/\/www.europesays.com\/fr\/wp-json\/wp\/v2\/tags?post=146815"}],"curies":[{"name":"wp","href":"https:\/\/api.w.org\/{rel}","templated":true}]}}