{"id":146817,"date":"2025-06-02T16:36:09","date_gmt":"2025-06-02T16:36:09","guid":{"rendered":"https:\/\/www.europesays.com\/fr\/146817\/"},"modified":"2025-06-02T16:36:09","modified_gmt":"2025-06-02T16:36:09","slug":"lautomobiliste-prend-la-fuite-apres-laccident","status":"publish","type":"post","link":"https:\/\/www.europesays.com\/fr\/146817\/","title":{"rendered":"l\u2019automobiliste prend la fuite apr\u00e8s l\u2019accident"},"content":{"rendered":"<p>Une scoot\u00e9riste renvers\u00e9e pr\u00e8s de Lyon : l\u2019automobiliste prend la fuite apr\u00e8s l\u2019accident &#8211; LyonMag<\/p>\n<p itemprop=\"description\"><strong>Une jeune femme originaire de la Loire a \u00e9t\u00e9 bless\u00e9e ce lundi 2 juin au matin, sur la route de Duerne (Rh\u00f4ne), apr\u00e8s avoir \u00e9t\u00e9 percut\u00e9e par une voiture. L&rsquo;automobiliste a poursuivi sa route.<\/strong><\/p>\n<p>Les faits se sont produits vers 7h25, dans une zone de r\u00e9tr\u00e9cissement de chauss\u00e9e, sur la route d\u00e9partementale entre Duerne et La Chapelle-sur-Coise.<\/p>\n<p>Alors qu\u2019elle circulait en scooter, une femme a \u00e9t\u00e9 d\u00e9s\u00e9quilibr\u00e9e apr\u00e8s avoir \u00e9t\u00e9 heurt\u00e9e \u00e0 la jambe par un v\u00e9hicule arrivant en sens inverse. Elle a gliss\u00e9 sur plusieurs m\u00e8tres avant de chuter lourdement, rapporte Le Progr\u00e8s.\u00a0<\/p>\n<p>Souffrant d\u2019une entorse au cou, elle a \u00e9t\u00e9 prise en charge par les secours et transport\u00e9e \u00e0 l\u2019h\u00f4pital Nord de Saint-\u00c9tienne. La victime a d\u00e9pos\u00e9 plainte. Selon les premiers \u00e9l\u00e9ments, le conducteur de la voiture aurait forc\u00e9 le passage dans une zone de priorit\u00e9 altern\u00e9e, sans s\u2019arr\u00eater apr\u00e8s l&rsquo;accident.<\/p>\n<p>La gendarmerie de Saint-Symphorien-sur-Coise a ouvert une enqu\u00eate. L\u2019incident intervient alors que des chicanes provisoires ont \u00e9t\u00e9 mises en place la semaine derni\u00e8re par la mairie de Duerne pour faire ralentir la circulation.<\/p>\n","protected":false},"excerpt":{"rendered":"Une scoot\u00e9riste renvers\u00e9e pr\u00e8s de Lyon : l\u2019automobiliste prend la fuite apr\u00e8s l\u2019accident &#8211; LyonMag Une jeune femme&hellip;\n","protected":false},"author":2,"featured_media":146818,"comment_status":"","ping_status":"","sticky":false,"template":"","format":"standard","meta":{"footnotes":""},"categories":[1889],"tags":[1111,11,2813,2190,2430,1109,251,1112,2811,1777,674,118,1011,27,1922,1110,1114,2428,2810,12,241,316,25,2812,517,800],"class_list":{"0":"post-146817","1":"post","2":"type-post","3":"status-publish","4":"format-standard","5":"has-post-thumbnail","7":"category-lyon","8":"tag-actu","9":"tag-actualites","10":"tag-article","11":"tag-asvel","12":"tag-auvergne-rhone-alpes","13":"tag-breves","14":"tag-culture","15":"tag-depeches","16":"tag-economique","17":"tag-eu","18":"tag-europe","19":"tag-faits-divers","20":"tag-fr","21":"tag-france","22":"tag-info","23":"tag-informations","24":"tag-infos","25":"tag-lyon","26":"tag-lyonmag","27":"tag-news","28":"tag-ol","29":"tag-politique","30":"tag-republique-francaise","31":"tag-sociale","32":"tag-sport","33":"tag-transports"},"share_on_mastodon":{"url":"https:\/\/pubeurope.com\/@fr\/114614749421378935","error":""},"_links":{"self":[{"href":"https:\/\/www.europesays.com\/fr\/wp-json\/wp\/v2\/posts\/146817","targetHints":{"allow":["GET"]}}],"collection":[{"href":"https:\/\/www.europesays.com\/fr\/wp-json\/wp\/v2\/posts"}],"about":[{"href":"https:\/\/www.europesays.com\/fr\/wp-json\/wp\/v2\/types\/post"}],"author":[{"embeddable":true,"href":"https:\/\/www.europesays.com\/fr\/wp-json\/wp\/v2\/users\/2"}],"replies":[{"embeddable":true,"href":"https:\/\/www.europesays.com\/fr\/wp-json\/wp\/v2\/comments?post=146817"}],"version-history":[{"count":0,"href":"https:\/\/www.europesays.com\/fr\/wp-json\/wp\/v2\/posts\/146817\/revisions"}],"wp:featuredmedia":[{"embeddable":true,"href":"https:\/\/www.europesays.com\/fr\/wp-json\/wp\/v2\/media\/146818"}],"wp:attachment":[{"href":"https:\/\/www.europesays.com\/fr\/wp-json\/wp\/v2\/media?parent=146817"}],"wp:term":[{"taxonomy":"category","embeddable":true,"href":"https:\/\/www.europesays.com\/fr\/wp-json\/wp\/v2\/categories?post=146817"},{"taxonomy":"post_tag","embeddable":true,"href":"https:\/\/www.europesays.com\/fr\/wp-json\/wp\/v2\/tags?post=146817"}],"curies":[{"name":"wp","href":"https:\/\/api.w.org\/{rel}","templated":true}]}}