{"id":146819,"date":"2025-06-02T16:37:17","date_gmt":"2025-06-02T16:37:17","guid":{"rendered":"https:\/\/www.europesays.com\/fr\/146819\/"},"modified":"2025-06-02T16:37:17","modified_gmt":"2025-06-02T16:37:17","slug":"ils-pillent-un-magasin-en-centre-ville-de-lyon-le-karma-les-rattrape","status":"publish","type":"post","link":"https:\/\/www.europesays.com\/fr\/146819\/","title":{"rendered":"ils pillent un magasin en centre-ville de Lyon, le karma les rattrape"},"content":{"rendered":"<p>            Par<br \/>\n        <strong><br \/>\n            <a href=\"https:\/\/actu.fr\/auteur\/julien-damboise\" title=\"Consulter tous les articles de Julien Damboise\" rel=\"nofollow noopener\" target=\"_blank\">Julien Damboise<\/a><br \/>\n        <\/strong><\/p>\n<p>        Publi\u00e9 le<\/p>\n<p>            2 juin 2025 \u00e0 18h21        <\/p>\n<p>Dans la nuit du samedi 31 mai au dimanche 1er juin, la victoire du PSG en finale de la Ligue des Champions a provoqu\u00e9 de <a href=\"https:\/\/actu.fr\/auvergne-rhone-alpes\/lyon_69123\/victoire-du-psg-la-fete-tourne-a-l-emeute-a-lyon-des-magasins-attaques-et-des-degats_62713157.html\" rel=\"nofollow noopener\" target=\"_blank\">graves incidents<\/a> dans le centre-ville de <a href=\"https:\/\/actu.fr\/auvergne-rhone-alpes\/lyon_69123\" rel=\"nofollow noopener\" target=\"_blank\">Lyon<\/a>. La faute \u00e0\u00a0des groupes d\u2019<strong>individus violents<\/strong> qui n\u2019ont pas h\u00e9sit\u00e9 \u00e0 <strong>s\u2019attaquer \u00e0 des commerces<\/strong> de la <a href=\"https:\/\/actu.fr\/tag\/presqu-ile\" rel=\"nofollow noopener\" target=\"_blank\">Presqu\u2019Ile<\/a> jusque tard dans la nuit.<\/p>\n<p class=\" wall-content\">Trois interpellations ont \u00e9t\u00e9 men\u00e9es, la police livre quelques d\u00e9tails ce lundi 2 juin 2025.<\/p>\n<p>Une boutique pill\u00e9e<\/p>\n<p class=\" wall-content\">Dans ce contexte de <a href=\"https:\/\/actu.fr\/tag\/violences-urbaines\" rel=\"nofollow noopener\" target=\"_blank\">violences urbaines<\/a> apr\u00e8s la victoire des parisiens, un commerce situ\u00e9 rue de Brest, dans le centre-ville, a notamment \u00e9t\u00e9 la cible d\u2019un <strong>pillage<\/strong> vers 3 h 30 du matin.<\/p>\n<p class=\" wall-content\">Alert\u00e9e, une patrouille de police est rapidement intervenue pour s\u00e9curiser les lieux. \u00c0 leur arriv\u00e9e, les agents ont surpris <strong>deux individus en flagrant d\u00e9lit<\/strong>. Il s\u2019agissait d\u2019un homme et d\u2019une femme, en train de sortir du magasin avec une trottinette \u00e9lectrique et un sac estampill\u00e9 au nom de la boutique cibl\u00e9e.<\/p>\n<p class=\" wall-content\">Les deux suspects ont imm\u00e9diatement tent\u00e9 de prendre la fuite en montant sur la trottinette. Mais les policiers \u00e9taient d\u00e9termin\u00e9s \u00e0 les stopper.<\/p>\n<p>Vid\u00e9os : en ce moment sur ActuRevenu sur les lieux\u2026 et arr\u00eat\u00e9<\/p>\n<p class=\" wall-content\">Un agent a r\u00e9ussi \u00e0 intercepter le duo en for\u00e7ant le conducteur \u00e0 abandonner la trottinette. La passag\u00e8re a \u00e9t\u00e9 ma\u00eetris\u00e9e et interpell\u00e9e sur place. Son complice, quant \u00e0 lui, s\u2019est \u00e9chapp\u00e9 en courant en direction de la place des <a href=\"https:\/\/actu.fr\/tag\/place-des-terreaux\" rel=\"nofollow noopener\" target=\"_blank\">Terreaux<\/a>.<\/p>\n<p class=\" wall-content\">Mais par un <strong>exc\u00e8s de t\u00e9m\u00e9rit\u00e9<\/strong>, un quart d\u2019heure plus tard et alors que les agents restaient sur place pour s\u00e9curiser l\u2019entr\u00e9e fractur\u00e9e du commerce, le mis en cause est revenu sur les lieux des faits, visiblement pour s\u2019enqu\u00e9rir du sort de sa complice. Il a donc \u00e9t\u00e9 imm\u00e9diatement reconnu et <strong>arr\u00eat\u00e9 \u00e0 son tour<\/strong>.<\/p>\n<p>Un maigre butin<\/p>\n<p class=\" wall-content\">Les deux individus, \u00e2g\u00e9s de <strong>22 et 26 ans<\/strong>, ont \u00e9t\u00e9 plac\u00e9s en garde \u00e0 vue. La jeune femme, d\u00e9favorablement connue des services de police, a reconnu les faits lors de son audition. Elle a par ailleurs \u00e9t\u00e9 retrouv\u00e9e en possession d\u2019un <strong>rouleau de pi\u00e8ces de 10 centimes<\/strong> provenant du magasin. La trottinette \u00e9lectrique vol\u00e9e a \u00e9t\u00e9 restitu\u00e9e au g\u00e9rant, qui a d\u00e9pos\u00e9 plainte.<\/p>\n<p class=\" wall-content\">Les enregistrements des cam\u00e9ras de vid\u00e9osurveillance sont venus confirmer sans ambigu\u00eft\u00e9 l\u2019implication du duo. Toutefois, \u00e0\u00a0l\u2019issue de sa garde \u00e0 vue, la jeune femme a \u00e9t\u00e9 <strong>remise en libert\u00e9<\/strong>. L\u2019homme, en revanche, a \u00e9t\u00e9 pr\u00e9sent\u00e9 ce lundi 2 juin 2025 au parquet de Lyon pour une comparution imm\u00e9diate.<\/p>\n<p class=\" wall-content\">Suivez toute l\u2019actualit\u00e9 de vos villes et m\u00e9dias favoris en vous inscrivant \u00e0 <a href=\"https:\/\/moncompte.actu.fr\" title=\"D\u00e9couvez Mon Actu\" rel=\"nofollow noopener\" data-trk=\"{&quot;cta&quot;:{&quot;action&quot;:&quot;https:\\\/\\\/moncompte.actu.fr&quot;,&quot;category&quot;:&quot;mon compte&quot;,&quot;from&quot;:&quot;article footer&quot;,&quot;name&quot;:&quot;Mon actu&quot;,&quot;type&quot;:&quot;cta&quot;}}\" target=\"_blank\">Mon Actu<\/a>.<\/p>\n","protected":false},"excerpt":{"rendered":"Par Julien Damboise Publi\u00e9 le 2 juin 2025 \u00e0 18h21 Dans la nuit du samedi 31 mai au&hellip;\n","protected":false},"author":2,"featured_media":146820,"comment_status":"","ping_status":"","sticky":false,"template":"","format":"standard","meta":{"footnotes":""},"categories":[1889],"tags":[1111,11,2430,215,1777,674,118,1011,27,2428,12,2809,25,7501],"class_list":{"0":"post-146819","1":"post","2":"type-post","3":"status-publish","4":"format-standard","5":"has-post-thumbnail","7":"category-lyon","8":"tag-actu","9":"tag-actualites","10":"tag-auvergne-rhone-alpes","11":"tag-commerce","12":"tag-eu","13":"tag-europe","14":"tag-faits-divers","15":"tag-fr","16":"tag-france","17":"tag-lyon","18":"tag-news","19":"tag-presquile","20":"tag-republique-francaise","21":"tag-violences-urbaines"},"share_on_mastodon":{"url":"https:\/\/pubeurope.com\/@fr\/114614753309769909","error":""},"_links":{"self":[{"href":"https:\/\/www.europesays.com\/fr\/wp-json\/wp\/v2\/posts\/146819","targetHints":{"allow":["GET"]}}],"collection":[{"href":"https:\/\/www.europesays.com\/fr\/wp-json\/wp\/v2\/posts"}],"about":[{"href":"https:\/\/www.europesays.com\/fr\/wp-json\/wp\/v2\/types\/post"}],"author":[{"embeddable":true,"href":"https:\/\/www.europesays.com\/fr\/wp-json\/wp\/v2\/users\/2"}],"replies":[{"embeddable":true,"href":"https:\/\/www.europesays.com\/fr\/wp-json\/wp\/v2\/comments?post=146819"}],"version-history":[{"count":0,"href":"https:\/\/www.europesays.com\/fr\/wp-json\/wp\/v2\/posts\/146819\/revisions"}],"wp:featuredmedia":[{"embeddable":true,"href":"https:\/\/www.europesays.com\/fr\/wp-json\/wp\/v2\/media\/146820"}],"wp:attachment":[{"href":"https:\/\/www.europesays.com\/fr\/wp-json\/wp\/v2\/media?parent=146819"}],"wp:term":[{"taxonomy":"category","embeddable":true,"href":"https:\/\/www.europesays.com\/fr\/wp-json\/wp\/v2\/categories?post=146819"},{"taxonomy":"post_tag","embeddable":true,"href":"https:\/\/www.europesays.com\/fr\/wp-json\/wp\/v2\/tags?post=146819"}],"curies":[{"name":"wp","href":"https:\/\/api.w.org\/{rel}","templated":true}]}}