{"id":146821,"date":"2025-06-02T16:38:14","date_gmt":"2025-06-02T16:38:14","guid":{"rendered":"https:\/\/www.europesays.com\/fr\/146821\/"},"modified":"2025-06-02T16:38:14","modified_gmt":"2025-06-02T16:38:14","slug":"les-mesures-de-valerie-pecresse","status":"publish","type":"post","link":"https:\/\/www.europesays.com\/fr\/146821\/","title":{"rendered":"les mesures de Val\u00e9rie P\u00e9cresse"},"content":{"rendered":"<p>        <a href=\"https:\/\/solnum.b-cdn.net\/wp-content\/uploads\/2022\/03\/2022_02_21_valerie_pecresse_ccalais.jpg\" data-caption=\"Val\u00e9rie P\u00e9cresse, LR \u00a9 Christine Calais\" target=\"_blank\" rel=\"noopener\"><img loading=\"lazy\" decoding=\"async\" width=\"696\" height=\"696\" class=\"entry-thumb td-modal-image\" src=\"https:\/\/www.europesays.com\/fr\/wp-content\/uploads\/2025\/06\/2022_02_21_valerie_pecresse_ccalais-696x696.jpg\"   alt=\"\" title=\"2022_02_21_valerie_pecresse_ccalais\"\/><\/a>Val\u00e9rie P\u00e9cresse, LR \u00a9 Christine Calais<\/p>\n<p><strong>Val\u00e9rie P\u00e9cresse, la pr\u00e9sidente de la r\u00e9gion Ile-de-France, va pr\u00e9senter la 12 juin les nouvelles initiatives IA pour 2025, apprend-on.<\/strong><\/p>\n<p>C\u2019est sur le pavillon francilien du salon Viva Technology que Val\u00e9rie P\u00e9cresse va annoncer la cr\u00e9ation et les modalit\u00e9s du premier fonds d\u2019investissement fran\u00e7ais d\u00e9di\u00e9 \u00e0 la sant\u00e9 des femmes, qui permettra de f\u00e9d\u00e9rer les startups de la FemTech, qui souffrent d\u2019un manque de fonds propres par rapport \u00e0 d\u2019autres pays europ\u00e9ens.\u00a0<\/p>\n<p>Elle reviendra \u00e9galement sur les investissements de la r\u00e9gion qui viennent d\u2019\u00eatre vot\u00e9s en faveur des infrastructures franciliennes strat\u00e9giques pour le d\u00e9veloppement de l\u2019IA et du quantique (Mistral, Eclairion, Weling \u2026)\u00a0<\/p>\n<p>Il s\u2019agira aussi de faire un premier bilan de l\u2019exp\u00e9rimentation de l\u2019IA dans l\u2019administration r\u00e9gionale, de revenir sur les investissements de la r\u00e9gion pour assurer la formation qualifi\u00e9e en IA, avec l\u2019ouverture du lyc\u00e9e Paul Val\u00e9ry, v\u00e9ritable campus de l\u2019IA, et des mesures pour attirer en \u00cele-de-France les chercheurs venus des Etats-Unis.<\/p>\n<p>\u00a0<\/p>\n<p>        Lire aussi&#8230;<\/p>\n<p>                    L&rsquo;article de la semaine<\/p>\n","protected":false},"excerpt":{"rendered":"Val\u00e9rie P\u00e9cresse, LR \u00a9 Christine Calais Val\u00e9rie P\u00e9cresse, la pr\u00e9sidente de la r\u00e9gion Ile-de-France, va pr\u00e9senter la 12&hellip;\n","protected":false},"author":2,"featured_media":146822,"comment_status":"","ping_status":"","sticky":false,"template":"","format":"standard","meta":{"footnotes":""},"categories":[1592],"tags":[1111,11,35,11233,1777,674,1011,27,662,5701,12,626,25],"class_list":{"0":"post-146821","1":"post","2":"type-post","3":"status-publish","4":"format-standard","5":"has-post-thumbnail","7":"category-ile-de-france","8":"tag-actu","9":"tag-actualites","10":"tag-business","11":"tag-decideur-entreprise","12":"tag-eu","13":"tag-europe","14":"tag-fr","15":"tag-france","16":"tag-ile-de-france","17":"tag-innovation","18":"tag-news","19":"tag-paris","20":"tag-republique-francaise"},"share_on_mastodon":{"url":"https:\/\/pubeurope.com\/@fr\/114614757308227849","error":""},"_links":{"self":[{"href":"https:\/\/www.europesays.com\/fr\/wp-json\/wp\/v2\/posts\/146821","targetHints":{"allow":["GET"]}}],"collection":[{"href":"https:\/\/www.europesays.com\/fr\/wp-json\/wp\/v2\/posts"}],"about":[{"href":"https:\/\/www.europesays.com\/fr\/wp-json\/wp\/v2\/types\/post"}],"author":[{"embeddable":true,"href":"https:\/\/www.europesays.com\/fr\/wp-json\/wp\/v2\/users\/2"}],"replies":[{"embeddable":true,"href":"https:\/\/www.europesays.com\/fr\/wp-json\/wp\/v2\/comments?post=146821"}],"version-history":[{"count":0,"href":"https:\/\/www.europesays.com\/fr\/wp-json\/wp\/v2\/posts\/146821\/revisions"}],"wp:featuredmedia":[{"embeddable":true,"href":"https:\/\/www.europesays.com\/fr\/wp-json\/wp\/v2\/media\/146822"}],"wp:attachment":[{"href":"https:\/\/www.europesays.com\/fr\/wp-json\/wp\/v2\/media?parent=146821"}],"wp:term":[{"taxonomy":"category","embeddable":true,"href":"https:\/\/www.europesays.com\/fr\/wp-json\/wp\/v2\/categories?post=146821"},{"taxonomy":"post_tag","embeddable":true,"href":"https:\/\/www.europesays.com\/fr\/wp-json\/wp\/v2\/tags?post=146821"}],"curies":[{"name":"wp","href":"https:\/\/api.w.org\/{rel}","templated":true}]}}