{"id":146823,"date":"2025-06-02T16:39:16","date_gmt":"2025-06-02T16:39:16","guid":{"rendered":"https:\/\/www.europesays.com\/fr\/146823\/"},"modified":"2025-06-02T16:39:16","modified_gmt":"2025-06-02T16:39:16","slug":"le-pass-navigo-liberte-disponible-dans-quelques-semaines-sur-smartphone","status":"publish","type":"post","link":"https:\/\/www.europesays.com\/fr\/146823\/","title":{"rendered":"le Pass Navigo Libert\u00e9 + disponible dans quelques semaines sur smartphone"},"content":{"rendered":"<p>            Par<br \/>\n        <strong><br \/>\n            <a href=\"https:\/\/actu.fr\/auteur\/dorinegoth\" title=\"Consulter tous les articles de Dorine Goth\" target=\"_blank\" rel=\"noopener\">Dorine Goth<\/a><br \/>\n        <\/strong><\/p>\n<p>        Publi\u00e9 le<\/p>\n<p>            2 juin 2025 \u00e0 17h55        <\/p>\n<p>Plus besoin de faire la queue aux automates. Apr\u00e8s plusieurs mois de tests, <a href=\"https:\/\/actu.fr\/tag\/valerie-pecresse\" target=\"_blank\" rel=\"noopener\">Val\u00e9rie P\u00e9cresse<\/a> a annonc\u00e9, lundi 2\u00a0juin 2025, l\u2019arriv\u00e9e prochaine des <a href=\"https:\/\/actu.fr\/ile-de-france\/paris_75056\/transports-vers-une-generalisation-du-navigo-liberte-dans-toute-l-ile-de-france-en-2025_61083829.html\" target=\"_blank\" rel=\"noopener\"><strong>Pass Navigo Libert\u00e9 +<\/strong><\/a>\u00a0sur <strong>smartphone<\/strong> <a href=\"https:\/\/actu.fr\/sciences-technologie\/google-va-t-il-devoir-lacher-chrome-et-android-la-maison-blanche-met-la-pression-au-geant-du-web_61893592.html\" target=\"_blank\" rel=\"noopener\">Android<\/a> et <a href=\"https:\/\/actu.fr\/tag\/apple\" target=\"_blank\" rel=\"noopener\">Apple<\/a>. La petite r\u00e9volution sera effective \u00e0 compter du 23\u00a0juin 2025, a confirm\u00e9 \u00cele-de-France Mobilit\u00e9s \u00e0\u00a0actu Paris, confirmant une information de Cnews.<\/p>\n<p>1,3\u00a0million d\u2019utilisateurs<\/p>\n<p class=\" wall-content\">\u00ab\u2009Ce sera le 23\u00a0juin\u2009! Dans la r\u00e9volution des transports, il y a cette mutation de la billettique, qui incarne pleinement notre vision de la r\u00e9gion\u2009\u00bb, avait-elle lanc\u00e9 dans les colonnes de Cnews ce lundi 2\u00a0juin. Pour l\u2019heure,<strong> 1,3\u00a0million<\/strong> de personnes ont souscrit au Pass Libert\u00e9 +.<\/p>\n<p class=\" wall-content\">L\u2019abonnement, qui permet de payer seulement son trajet et d\u2019\u00eatre pr\u00e9lev\u00e9 \u00e0 la fin du mois, s\u2019adresse uniquement aux Franciliens. Il propose des tarifs avantageux et <a href=\"https:\/\/actu.fr\/societe\/tarif-unique-correspondance-offerte-ce-qui-va-changer-dans-les-transports-en-ile-de-france_61618789.html\" target=\"_blank\" rel=\"noopener\">plafonn\u00e9 \u00e0 1,99\u00a0euro le trajet<\/a>, contre 2,50\u00a0euros pour les usagers du Pass Navigo Easy qui <a href=\"https:\/\/actu.fr\/ile-de-france\/paris_75056\/ratp-fin-du-carnet-de-tickets-et-maintenant-on-fait-comment_60109997.html\" target=\"_blank\" rel=\"noopener\">remplace le carnet de Ticket +. <\/a><\/p>\n<p class=\" wall-content\">\u00abLe potentiel est immense puisque 3\u00a0millions de Franciliens prennent les transports de mani\u00e8re occasionnelle\u2009\u00bb, ajoute la pr\u00e9sidente de la r\u00e9gion. Et bon \u00e0 savoir\u2009: si le t\u00e9l\u00e9phone est d\u00e9charg\u00e9, le Pass fonctionne quand m\u00eame.<\/p>\n<p class=\" wall-content\">Suivez toute l\u2019actualit\u00e9 de vos villes et m\u00e9dias favoris en vous inscrivant \u00e0 <a href=\"https:\/\/moncompte.actu.fr\" title=\"D\u00e9couvez Mon Actu\" rel=\"nofollow noopener\" data-trk=\"{&quot;cta&quot;:{&quot;action&quot;:&quot;https:\\\/\\\/moncompte.actu.fr&quot;,&quot;category&quot;:&quot;mon compte&quot;,&quot;from&quot;:&quot;article footer&quot;,&quot;name&quot;:&quot;Mon actu&quot;,&quot;type&quot;:&quot;cta&quot;}}\" target=\"_blank\">Mon Actu<\/a>.<\/p>\n","protected":false},"excerpt":{"rendered":"Par Dorine Goth Publi\u00e9 le 2 juin 2025 \u00e0 17h55 Plus besoin de faire la queue aux automates.&hellip;\n","protected":false},"author":2,"featured_media":146824,"comment_status":"","ping_status":"","sticky":false,"template":"","format":"standard","meta":{"footnotes":""},"categories":[1592],"tags":[1111,11,1777,674,1011,27,662,10883,12,626,25,104,2803,2328],"class_list":{"0":"post-146823","1":"post","2":"type-post","3":"status-publish","4":"format-standard","5":"has-post-thumbnail","7":"category-ile-de-france","8":"tag-actu","9":"tag-actualites","10":"tag-eu","11":"tag-europe","12":"tag-fr","13":"tag-france","14":"tag-ile-de-france","15":"tag-ile-de-france-mobilites","16":"tag-news","17":"tag-paris","18":"tag-republique-francaise","19":"tag-societe","20":"tag-transport","21":"tag-valerie-pecresse"},"share_on_mastodon":{"url":"https:\/\/pubeurope.com\/@fr\/114614761071851703","error":""},"_links":{"self":[{"href":"https:\/\/www.europesays.com\/fr\/wp-json\/wp\/v2\/posts\/146823","targetHints":{"allow":["GET"]}}],"collection":[{"href":"https:\/\/www.europesays.com\/fr\/wp-json\/wp\/v2\/posts"}],"about":[{"href":"https:\/\/www.europesays.com\/fr\/wp-json\/wp\/v2\/types\/post"}],"author":[{"embeddable":true,"href":"https:\/\/www.europesays.com\/fr\/wp-json\/wp\/v2\/users\/2"}],"replies":[{"embeddable":true,"href":"https:\/\/www.europesays.com\/fr\/wp-json\/wp\/v2\/comments?post=146823"}],"version-history":[{"count":0,"href":"https:\/\/www.europesays.com\/fr\/wp-json\/wp\/v2\/posts\/146823\/revisions"}],"wp:featuredmedia":[{"embeddable":true,"href":"https:\/\/www.europesays.com\/fr\/wp-json\/wp\/v2\/media\/146824"}],"wp:attachment":[{"href":"https:\/\/www.europesays.com\/fr\/wp-json\/wp\/v2\/media?parent=146823"}],"wp:term":[{"taxonomy":"category","embeddable":true,"href":"https:\/\/www.europesays.com\/fr\/wp-json\/wp\/v2\/categories?post=146823"},{"taxonomy":"post_tag","embeddable":true,"href":"https:\/\/www.europesays.com\/fr\/wp-json\/wp\/v2\/tags?post=146823"}],"curies":[{"name":"wp","href":"https:\/\/api.w.org\/{rel}","templated":true}]}}