{"id":146829,"date":"2025-06-02T16:43:10","date_gmt":"2025-06-02T16:43:10","guid":{"rendered":"https:\/\/www.europesays.com\/fr\/146829\/"},"modified":"2025-06-02T16:43:10","modified_gmt":"2025-06-02T16:43:10","slug":"jai-bon-espoir-pour-cet-ete-paris-sattend-a-une-saison-touristique-florissante","status":"publish","type":"post","link":"https:\/\/www.europesays.com\/fr\/146829\/","title":{"rendered":"\u00ab\u00a0J\u2019ai bon espoir pour cet \u00e9t\u00e9\u00a0\u00bb\u00a0: Paris s\u2019attend \u00e0 une saison touristique florissante"},"content":{"rendered":"<p class=\"paragraph text_align_left\">\u00ab C\u2019est la premi\u00e8re fois que je viens et j\u2019ai h\u00e2te de d\u00e9couvrir les monuments mythiques de <a href=\"https:\/\/www.leparisien.fr\/paris-75\/\" target=\"_self\" rel=\"nofollow noopener\">Paris<\/a>. \u00bb Levant la t\u00eate vers la <a href=\"https:\/\/www.leparisien.fr\/paris-75\/tour-eiffel\/\" target=\"_self\" rel=\"nofollow noopener\">tour Eiffel,<\/a> Janv, originaire de Prague (R\u00e9publique tch\u00e8que), vient tout juste d\u2019arriver dans la capitale mais commence d\u00e9j\u00e0 sa visite. Comme de nombreux autres touristes, <a href=\"https:\/\/www.leparisien.fr\/paris-75\/paris-leffet-jo-continue-de-se-faire-ressentir-se-felicite-la-ministre-du-tourisme-17-03-2025-4UKFVRVTRZD5LLUF3FC4R43M6U.php\" target=\"_blank\" rel=\"noreferrer nofollow noopener\">toujours aussi nombreux.<\/a><\/p>\n<p class=\"paragraph text_align_left\">Car la Ville Lumi\u00e8re demeure l\u2019une des destinations les plus pris\u00e9es du monde, et ce sera toujours le cas cet \u00e9t\u00e9. L\u2019office de tourisme vient en effet de d\u00e9voiler des pr\u00e9visions enthousiastes pour la saison estivale \u00e0 venir dans son nouveau barom\u00e8tre, publi\u00e9 mi-mai.<\/p>\n","protected":false},"excerpt":{"rendered":"\u00ab C\u2019est la premi\u00e8re fois que je viens et j\u2019ai h\u00e2te de d\u00e9couvrir les monuments mythiques de Paris.&hellip;\n","protected":false},"author":2,"featured_media":146830,"comment_status":"","ping_status":"","sticky":false,"template":"","format":"standard","meta":{"footnotes":""},"categories":[1888],"tags":[11,1777,674,1011,27,1944,12,626,25],"class_list":{"0":"post-146829","1":"post","2":"type-post","3":"status-publish","4":"format-standard","5":"has-post-thumbnail","7":"category-paris","8":"tag-actualites","9":"tag-eu","10":"tag-europe","11":"tag-fr","12":"tag-france","13":"tag-ma-ville","14":"tag-news","15":"tag-paris","16":"tag-republique-francaise"},"share_on_mastodon":{"url":"https:\/\/pubeurope.com\/@fr\/114614776875283894","error":""},"_links":{"self":[{"href":"https:\/\/www.europesays.com\/fr\/wp-json\/wp\/v2\/posts\/146829","targetHints":{"allow":["GET"]}}],"collection":[{"href":"https:\/\/www.europesays.com\/fr\/wp-json\/wp\/v2\/posts"}],"about":[{"href":"https:\/\/www.europesays.com\/fr\/wp-json\/wp\/v2\/types\/post"}],"author":[{"embeddable":true,"href":"https:\/\/www.europesays.com\/fr\/wp-json\/wp\/v2\/users\/2"}],"replies":[{"embeddable":true,"href":"https:\/\/www.europesays.com\/fr\/wp-json\/wp\/v2\/comments?post=146829"}],"version-history":[{"count":0,"href":"https:\/\/www.europesays.com\/fr\/wp-json\/wp\/v2\/posts\/146829\/revisions"}],"wp:featuredmedia":[{"embeddable":true,"href":"https:\/\/www.europesays.com\/fr\/wp-json\/wp\/v2\/media\/146830"}],"wp:attachment":[{"href":"https:\/\/www.europesays.com\/fr\/wp-json\/wp\/v2\/media?parent=146829"}],"wp:term":[{"taxonomy":"category","embeddable":true,"href":"https:\/\/www.europesays.com\/fr\/wp-json\/wp\/v2\/categories?post=146829"},{"taxonomy":"post_tag","embeddable":true,"href":"https:\/\/www.europesays.com\/fr\/wp-json\/wp\/v2\/tags?post=146829"}],"curies":[{"name":"wp","href":"https:\/\/api.w.org\/{rel}","templated":true}]}}