{"id":146831,"date":"2025-06-02T16:44:10","date_gmt":"2025-06-02T16:44:10","guid":{"rendered":"https:\/\/www.europesays.com\/fr\/146831\/"},"modified":"2025-06-02T16:44:10","modified_gmt":"2025-06-02T16:44:10","slug":"jets-de-peinture-verte-sur-des-lieux-juifs-a-paris-trois-etrangers-interpelles","status":"publish","type":"post","link":"https:\/\/www.europesays.com\/fr\/146831\/","title":{"rendered":"Jets de peinture verte sur des lieux juifs \u00e0 Paris\u00a0: trois \u00e9trangers interpell\u00e9s"},"content":{"rendered":"<p>Les faits ont \u00e9t\u00e9 d\u00e9couverts vers 5\u00a0h\u00a015, samedi, et les cam\u00e9ras de surveillance du M\u00e9morial et de deux des synagogues vis\u00e9es ont film\u00e9, pour les unes, un homme v\u00eatu de noir et, pour l\u2019autre, deux hommes, l\u2019un aspergeant de peinture verte et l\u2019autre le filmant. L\u2019enqu\u00eate est conduite par la S\u00fbret\u00e9 territoriale pour \u00ab\u00a0d\u00e9gradations commises en raison de la religion\u00a0\u00bb. Le lieu des interpellations n\u2019a pas \u00e9t\u00e9 pr\u00e9cis\u00e9 mais, selon une source proche du dossier, les trois ressortissants \u00e9trangers \u00e9taient en train de quitter le pays au moment de leur arrestation.<\/p>\n<p>En mai 2024, l\u2019affaire des \u00ab\u00a0mains rouges\u00a0\u00bb<\/p>\n<p>Aucun message ni revendication n\u2019a \u00e9t\u00e9 d\u00e9couvert sur les diff\u00e9rents lieux pris pour cible, ce qui rappelle les \u00ab\u00a0mains rouges\u00a0\u00bb tagu\u00e9es sur le mur des Justes, au M\u00e9morial de la Shoah, en mai 2024. Dans cette affaire, trois Bulgares, soup\u00e7onn\u00e9s de les avoir peintes, avaient \u00e9t\u00e9 mis en examen et plac\u00e9s en d\u00e9tention provisoire, en fin d\u2019ann\u00e9e derni\u00e8re. Ces tags de \u00ab\u00a0mains rouges\u00a0\u00bb, symbole pouvant \u00eatre li\u00e9 au lynchage de soldats isra\u00e9liens \u00e0 Ramallah, en 2000, ont \u00e9t\u00e9 analys\u00e9s par les services de s\u00e9curit\u00e9 comme une op\u00e9ration d\u2019ing\u00e9rence de la part de russophones.<\/p>\n<p>Les jets de peinture verte ont \u00e9t\u00e9 imm\u00e9diatement condamn\u00e9s par le ministre de l\u2019Int\u00e9rieur, Bruno Retailleau, la maire de Paris, Anne Hidalgo, et l\u2019ensemble du spectre politique, et provoqu\u00e9 la col\u00e8re d\u2019Isra\u00ebl.<\/p>\n","protected":false},"excerpt":{"rendered":"Les faits ont \u00e9t\u00e9 d\u00e9couverts vers 5\u00a0h\u00a015, samedi, et les cam\u00e9ras de surveillance du M\u00e9morial et de deux&hellip;\n","protected":false},"author":2,"featured_media":146832,"comment_status":"","ping_status":"","sticky":false,"template":"","format":"standard","meta":{"footnotes":""},"categories":[1888],"tags":[11,6155,765,1777,674,1011,27,12,626,25],"class_list":{"0":"post-146831","1":"post","2":"type-post","3":"status-publish","4":"format-standard","5":"has-post-thumbnail","7":"category-paris","8":"tag-actualites","9":"tag-antisemitisme","10":"tag-en-continu","11":"tag-eu","12":"tag-europe","13":"tag-fr","14":"tag-france","15":"tag-news","16":"tag-paris","17":"tag-republique-francaise"},"share_on_mastodon":{"url":"https:\/\/pubeurope.com\/@fr\/114614780996531598","error":""},"_links":{"self":[{"href":"https:\/\/www.europesays.com\/fr\/wp-json\/wp\/v2\/posts\/146831","targetHints":{"allow":["GET"]}}],"collection":[{"href":"https:\/\/www.europesays.com\/fr\/wp-json\/wp\/v2\/posts"}],"about":[{"href":"https:\/\/www.europesays.com\/fr\/wp-json\/wp\/v2\/types\/post"}],"author":[{"embeddable":true,"href":"https:\/\/www.europesays.com\/fr\/wp-json\/wp\/v2\/users\/2"}],"replies":[{"embeddable":true,"href":"https:\/\/www.europesays.com\/fr\/wp-json\/wp\/v2\/comments?post=146831"}],"version-history":[{"count":0,"href":"https:\/\/www.europesays.com\/fr\/wp-json\/wp\/v2\/posts\/146831\/revisions"}],"wp:featuredmedia":[{"embeddable":true,"href":"https:\/\/www.europesays.com\/fr\/wp-json\/wp\/v2\/media\/146832"}],"wp:attachment":[{"href":"https:\/\/www.europesays.com\/fr\/wp-json\/wp\/v2\/media?parent=146831"}],"wp:term":[{"taxonomy":"category","embeddable":true,"href":"https:\/\/www.europesays.com\/fr\/wp-json\/wp\/v2\/categories?post=146831"},{"taxonomy":"post_tag","embeddable":true,"href":"https:\/\/www.europesays.com\/fr\/wp-json\/wp\/v2\/tags?post=146831"}],"curies":[{"name":"wp","href":"https:\/\/api.w.org\/{rel}","templated":true}]}}