{"id":146837,"date":"2025-06-02T16:47:09","date_gmt":"2025-06-02T16:47:09","guid":{"rendered":"https:\/\/www.europesays.com\/fr\/146837\/"},"modified":"2025-06-02T16:47:09","modified_gmt":"2025-06-02T16:47:09","slug":"la-mondialisation-des-universites-americaines-est-remise-en-cause","status":"publish","type":"post","link":"https:\/\/www.europesays.com\/fr\/146837\/","title":{"rendered":"La mondialisation des universit\u00e9s am\u00e9ricaines est remise en cause"},"content":{"rendered":"\n<p>\u201cLes universit\u00e9s d\u2019\u00e9lite peuvent-elles rester des institutions mondiales\u00a0?\u201d C\u2019est la question pos\u00e9e <a href=\"https:\/\/www.bostonglobe.com\/2025\/06\/02\/opinion\/selective-research-universities-internationalization\/\" target=\"_blank\" rel=\"noopener\">dans les colonnes du <strong>Boston Globe<\/strong><\/a> par un contributeur charg\u00e9 de cours \u00e0 Harvard, Michael Horn. La prestigieuse universit\u00e9 est en plein bras de fer avec le gouvernement Trump, qui veut <a href=\"https:\/\/www.courrierinternational.com\/article\/etats-unis-harvard-sous-le-choc-apres-l-interdiction-d-accueillir-des-etudiants-etrangers_231251\" target=\"_blank\" rel=\"noopener\">l\u2019emp\u00eacher de recruter des \u00e9tudiants \u00e9trangers<\/a> \u2013 une tentative <a href=\"https:\/\/www.courrierinternational.com\/article\/pendant-que-vous-dormiez-cessez-le-feu-incertain-a-gaza-harvard-soulagee-proces-maradona-annule-et-nouvelle-cite-maya-les-informations-de-la-nuit_231431\" target=\"_blank\" rel=\"noopener\">pour l\u2019instant bloqu\u00e9e par la justice<\/a>.<\/p>\n<p>Le secr\u00e9taire d\u2019\u00c9tat, Marco Rubio, a en outre annonc\u00e9 le 28\u00a0mai que les \u00c9tats-Unis allaient r\u00e9voquer les visas d\u2019\u00e9tudiants chinois. Peu avant, Rubio <a href=\"https:\/\/www.courrierinternational.com\/article\/etats-unis-washington-suspend-les-demandes-de-visas-pour-les-etudiants-etrangers_231363\" target=\"_blank\" rel=\"noopener\">a aussi ordonn\u00e9 la suspension du traitement des demandes de visa<\/a> pour les \u00e9tudiants \u00e9trangers.<\/p>\n<p> Des universit\u00e9s en d\u00e9calage avec le pays <\/p>\n<p>De quoi remettre en cause \u201cla mondialisation des universit\u00e9s aux \u00c9tats-Unis [qui] a commenc\u00e9 il y a des d\u00e9cennies\u201d, rappelle la tribune du Boston Globe, citant le discours inaugural d\u2019un ex-pr\u00e9sident de l\u2019universit\u00e9 Yale, Richard Levin, en 1993\u00a0: \u201c\u00c0 l\u2019or\u00e9e du XIXe\u00a0si\u00e8cle, nous devons aspirer \u00e0 former des leaders du monde entier.\u201d<\/p>\n<p>Depuis lors, \u201cbeaucoup d\u2019universit\u00e9s ont radicalement chang\u00e9, que ce soit en ouvrant des campus \u00e0 l\u2019\u00e9tranger, en c<\/p>\n","protected":false},"excerpt":{"rendered":"\u201cLes universit\u00e9s d\u2019\u00e9lite peuvent-elles rester des institutions mondiales\u00a0?\u201d C\u2019est la question pos\u00e9e dans les colonnes du Boston Globe&hellip;\n","protected":false},"author":2,"featured_media":146838,"comment_status":"","ping_status":"","sticky":false,"template":"","format":"standard","meta":{"footnotes":""},"categories":[1589],"tags":[11,3822,73,1866,12,316,770,1864,1865,6871,1863,308],"class_list":{"0":"post-146837","1":"post","2":"type-post","3":"status-publish","4":"format-standard","5":"has-post-thumbnail","7":"category-etats-unis","8":"tag-actualites","9":"tag-amu00e9riques","10":"tag-etats-unis","11":"tag-etats-unis-damerique","12":"tag-news","13":"tag-politique","14":"tag-u00e9tats-unis","15":"tag-united-states","16":"tag-united-states-of-america","17":"tag-universitu00e9s","18":"tag-us","19":"tag-usa"},"share_on_mastodon":{"url":"https:\/\/pubeurope.com\/@fr\/114614792645046391","error":""},"_links":{"self":[{"href":"https:\/\/www.europesays.com\/fr\/wp-json\/wp\/v2\/posts\/146837","targetHints":{"allow":["GET"]}}],"collection":[{"href":"https:\/\/www.europesays.com\/fr\/wp-json\/wp\/v2\/posts"}],"about":[{"href":"https:\/\/www.europesays.com\/fr\/wp-json\/wp\/v2\/types\/post"}],"author":[{"embeddable":true,"href":"https:\/\/www.europesays.com\/fr\/wp-json\/wp\/v2\/users\/2"}],"replies":[{"embeddable":true,"href":"https:\/\/www.europesays.com\/fr\/wp-json\/wp\/v2\/comments?post=146837"}],"version-history":[{"count":0,"href":"https:\/\/www.europesays.com\/fr\/wp-json\/wp\/v2\/posts\/146837\/revisions"}],"wp:featuredmedia":[{"embeddable":true,"href":"https:\/\/www.europesays.com\/fr\/wp-json\/wp\/v2\/media\/146838"}],"wp:attachment":[{"href":"https:\/\/www.europesays.com\/fr\/wp-json\/wp\/v2\/media?parent=146837"}],"wp:term":[{"taxonomy":"category","embeddable":true,"href":"https:\/\/www.europesays.com\/fr\/wp-json\/wp\/v2\/categories?post=146837"},{"taxonomy":"post_tag","embeddable":true,"href":"https:\/\/www.europesays.com\/fr\/wp-json\/wp\/v2\/tags?post=146837"}],"curies":[{"name":"wp","href":"https:\/\/api.w.org\/{rel}","templated":true}]}}