{"id":146839,"date":"2025-06-02T16:48:13","date_gmt":"2025-06-02T16:48:13","guid":{"rendered":"https:\/\/www.europesays.com\/fr\/146839\/"},"modified":"2025-06-02T16:48:13","modified_gmt":"2025-06-02T16:48:13","slug":"melanie-johnson-a-nomme-directeur-de-la-transformation-au-royaume-uni","status":"publish","type":"post","link":"https:\/\/www.europesays.com\/fr\/146839\/","title":{"rendered":"Melanie Johnson a nomm\u00e9 directeur de la transformation au Royaume-Uni"},"content":{"rendered":"<p>PPL, l&rsquo;organisation de gestion collective du Royaume-Uni (CMO) pour les interpr\u00e8tes et l&rsquo;enregistrement des droits, a nomm\u00e9 Melanie Johnson en tant que directeur de la transformation, un r\u00f4le nouvellement cr\u00e9\u00e9 au sein de l&rsquo;\u00e9quipe de direction du PDG.<\/p>\n<p>Selon PPL, Johnson supervisera \u00abun ambitieux programme d&rsquo;innovation de r\u00e9duction\u00bb, qui comprendra l&rsquo;utilisation de \u00abdes investissements technologiques en cours importants et des flux de donn\u00e9es am\u00e9lior\u00e9s\u00bb pour fournir une distribution de redevances \u00abplus rapide et plus efficace\u00bb \u00e0 l&rsquo;organisme d&rsquo;adh\u00e9sion de PPL.<\/p>\n<p>La carri\u00e8re de Johnson a conclu des r\u00f4les seniors chez Audoo, Utopia Music, Facebook et Sony \/ Emi Music Publishing.<\/p>\n<p>Johnson est \u00e9galement vice-pr\u00e9sident du conseil d&rsquo;administration de Music Minds Matter, un organisme de bienfaisance en sant\u00e9 mentale d\u00e9di\u00e9e \u00e0 soutenir tous ceux qui travaillent dans la musique au Royaume-Uni.<\/p>\n<p>Elle a \u00e9galement \u00e9t\u00e9 administratrice du conseil d&rsquo;administration de l&rsquo;Ivors Academy Trust, qui offre des programmes de d\u00e9veloppement professionnel et \u00e9ducatifs aux auteurs-compositeurs.<\/p>\n<p>Commentant la nomination de Johnson, le PDG du PPL, Peter Leathem, a d\u00e9clar\u00e9: \u00ab\u00a0J&rsquo;ai longtemps \u00e9t\u00e9 impressionn\u00e9 par la capacit\u00e9 de Melanie \u00e0 fournir des r\u00e9sultats significatifs d&rsquo;une mani\u00e8re collaborative et empathique.\u00a0\u00bb<\/p>\n<p>\u00abSa pens\u00e9e commerciale, associ\u00e9e \u00e0 une profonde connaissance de l&rsquo;industrie, sera un excellent atout pour l&rsquo;\u00e9quipe PPL alors que nous continuons \u00e0 d\u00e9velopper notre licence britannique, nos collections de redevances internationales et notre base de membres.\u00bb<\/p>\n<blockquote>\n<p>\u00abSa pens\u00e9e commerciale, associ\u00e9e \u00e0 une profonde connaissance de l&rsquo;industrie, sera un excellent atout pour l&rsquo;\u00e9quipe PPL alors que nous continuons \u00e0 d\u00e9velopper notre licence britannique, nos collections de redevances internationales et notre base de membres.\u00bb<\/p>\n<p>Peter Leathem, obe <\/p>\n<\/blockquote>\n<p>Commentant son nouveau r\u00f4le, Johnson a d\u00e9clar\u00e9: \u00abJe suis ravi de rejoindre PPL en ce moment passionnant dans son \u00e9volution.<\/p>\n<p>\u00abLes droits voisins sont devenus une source de revenus importante pour les artistes et les droits, et PPL s&rsquo;est montr\u00e9 comme un leader mondial sur le march\u00e9.\u00bb<\/p>\n<p>Ajout de Johnson: \u00ab\u00a0J&rsquo;ai h\u00e2te d&rsquo;apporter mon exp\u00e9rience du monde de la musique \u00e0 PPL en transformant ses syst\u00e8mes et processus internes pour maximiser davantage les rendements pour les membres.\u00a0\u00bb<\/p>\n<blockquote>\n<p>\u00abJ&rsquo;ai h\u00e2te d&rsquo;apporter mon exp\u00e9rience du monde de la musique \u00e0 PPL en transformant ses syst\u00e8mes et processus internes pour maximiser davantage les rendements pour les membres.\u00bb<\/p>\n<p>Melanie Johnson, ppl<\/p>\n<\/blockquote>\n<p>Johnson rejoint ppl apr\u00e8s un an (2024) dans lequel il a enregistr\u00e9 les revenus les plus \u00e9lev\u00e9s de ses 90 ans d&rsquo;histoire.<\/p>\n<p>Les revenus de l&rsquo;ann\u00e9e ont augment\u00e9 <strong>6% en glissement annuel<\/strong> \u00e0<strong> 301 millions de livres sterling<\/strong> (<strong>384,4 millions USD<\/strong> au taux de change moyen pour 2024) \u00e0 partir du record pr\u00e9c\u00e9dent de 283,5 millions de livres sterling (352,6 millions de dollars) \u00e9tabli en 2023.<\/p>\n<p>Prendre la parole avec Mbw En d\u00e9cembre, le PDG Peter Leathem avait une vision positive des r\u00e9sultats financiers de PPL: \u00abLa position de PPL dans l&rsquo;industrie musicale s&rsquo;est transform\u00e9e massivement. C&rsquo;est un indicateur de choses qui se passent dans une bonne direction; nous sommes devenus une organisation tr\u00e8s respect\u00e9e et bien appr\u00e9ci\u00e9e qui est au c\u0153ur de l&rsquo;industrie musicale.\u00bb<\/p>\n","protected":false},"excerpt":{"rendered":"PPL, l&rsquo;organisation de gestion collective du Royaume-Uni (CMO) pour les interpr\u00e8tes et l&rsquo;enregistrement des droits, a nomm\u00e9 Melanie&hellip;\n","protected":false},"author":2,"featured_media":146840,"comment_status":"","ping_status":"","sticky":false,"template":"","format":"standard","meta":{"footnotes":""},"categories":[1588],"tags":[11,7889,1777,674,27585,12066,12,3870,473,1853,1873,9400,1851,1850,1852],"class_list":{"0":"post-146839","1":"post","2":"type-post","3":"status-publish","4":"format-standard","5":"has-post-thumbnail","7":"category-royaume-uni","8":"tag-actualites","9":"tag-directeur","10":"tag-eu","11":"tag-europe","12":"tag-johnson","13":"tag-melanie","14":"tag-news","15":"tag-nomme","16":"tag-royaume-uni","17":"tag-royaume-uni-de-grande-bretagne-et-dirlande-du-nord","18":"tag-royaumeuni","19":"tag-transformation","20":"tag-uk","21":"tag-united-kingdom","22":"tag-united-kingdom-of-great-britain-and-northern-ireland"},"share_on_mastodon":{"url":"https:\/\/pubeurope.com\/@fr\/114614797156722404","error":""},"_links":{"self":[{"href":"https:\/\/www.europesays.com\/fr\/wp-json\/wp\/v2\/posts\/146839","targetHints":{"allow":["GET"]}}],"collection":[{"href":"https:\/\/www.europesays.com\/fr\/wp-json\/wp\/v2\/posts"}],"about":[{"href":"https:\/\/www.europesays.com\/fr\/wp-json\/wp\/v2\/types\/post"}],"author":[{"embeddable":true,"href":"https:\/\/www.europesays.com\/fr\/wp-json\/wp\/v2\/users\/2"}],"replies":[{"embeddable":true,"href":"https:\/\/www.europesays.com\/fr\/wp-json\/wp\/v2\/comments?post=146839"}],"version-history":[{"count":0,"href":"https:\/\/www.europesays.com\/fr\/wp-json\/wp\/v2\/posts\/146839\/revisions"}],"wp:featuredmedia":[{"embeddable":true,"href":"https:\/\/www.europesays.com\/fr\/wp-json\/wp\/v2\/media\/146840"}],"wp:attachment":[{"href":"https:\/\/www.europesays.com\/fr\/wp-json\/wp\/v2\/media?parent=146839"}],"wp:term":[{"taxonomy":"category","embeddable":true,"href":"https:\/\/www.europesays.com\/fr\/wp-json\/wp\/v2\/categories?post=146839"},{"taxonomy":"post_tag","embeddable":true,"href":"https:\/\/www.europesays.com\/fr\/wp-json\/wp\/v2\/tags?post=146839"}],"curies":[{"name":"wp","href":"https:\/\/api.w.org\/{rel}","templated":true}]}}