{"id":146843,"date":"2025-06-02T16:50:09","date_gmt":"2025-06-02T16:50:09","guid":{"rendered":"https:\/\/www.europesays.com\/fr\/146843\/"},"modified":"2025-06-02T16:50:09","modified_gmt":"2025-06-02T16:50:09","slug":"la-victoire-du-pro-trump-nawrocki-en-pologne-coup-de-semonce-pour-leurope","status":"publish","type":"post","link":"https:\/\/www.europesays.com\/fr\/146843\/","title":{"rendered":"La victoire du pro-Trump Nawrocki en Pologne, coup de semonce pour l\u2019Europe"},"content":{"rendered":"<p>Le nationaliste a gagn\u00e9 la pr\u00e9sidentielle sur le fil du rasoir avec 50,89\u00a0% des voix face au maire pro-europ\u00e9en de Varsovie, Rafal Trzaskowski.<\/p>\n<p class=\"fig-paragraph\">La victoire sur le fil de\u00a0<a href=\"http:\/\/www.lefigaro.fr\/international\/pro-trump-critique-de-l-ue-qui-est-karol-nawrocki-vainqueur-de-l-election-presidentielle-en-pologne-20250602\" data-fig-type=\"NewsFlash\" data-gtm-custom-categorie=\"navigation\" data-gtm-custom-action=\"crossclick\" data-gtm-custom-label=\"Contextuel\" data-gtm-event=\"customEventSPE\" data-fig-domain=\"LEFIGARO\" target=\"_blank\" rel=\"noopener\">Karol Nawrocki<\/a>\u00a0\u00e0 la pr\u00e9sidentielle polonaise, dimanche, est un peu aussi celle de Donald Trump. Pour la premi\u00e8re fois, le camp\u00a0<a href=\"http:\/\/www.lefigaro.fr\/vox\/monde\/douglas-murray-la-droite-maga-se-trompe-en-estimant-que-la-russie-est-un-rempart-contre-le-progressisme-20250319\" data-fig-type=\"Article\" data-gtm-custom-categorie=\"navigation\" data-gtm-custom-action=\"crossclick\" data-gtm-custom-label=\"Contextuel\" data-gtm-event=\"customEventSPE\" data-fig-domain=\"LEFIGARO\" target=\"_blank\" rel=\"noopener\">Maga\u00a0<\/a>(\u00ab\u00a0Make America Great Again\u00a0\u00bb) peut revendiquer un succ\u00e8s dans son offensive pour peser sur des \u00e9lections en Europe. Apr\u00e8s le\u00a0<a href=\"http:\/\/www.lefigaro.fr\/international\/elon-musk-soutien-de-l-afd-perturbe-la-campagne-legislative-allemande-20250102\" data-fig-type=\"Article\" data-gtm-custom-categorie=\"navigation\" data-gtm-custom-action=\"crossclick\" data-gtm-custom-label=\"Contextuel\" data-gtm-event=\"customEventSPE\" data-fig-domain=\"LEFIGARO\" target=\"_blank\" rel=\"noopener\">soutien \u00e0 bras-le-corps d\u2019Elon Musk \u00e0 l\u2019AfD<\/a>\u00a0(Alternative fur Deutschland) aux l\u00e9gislatives allemandes de f\u00e9vrier, l\u2019appui au nationaliste\u00a0<a href=\"http:\/\/www.lefigaro.fr\/international\/en-roumanie-la-spectaculaire-montee-en-puissance-des-nationalistes-20250504\" data-fig-type=\"Article\" data-gtm-custom-categorie=\"navigation\" data-gtm-custom-action=\"crossclick\" data-gtm-custom-label=\"Contextuel\" data-gtm-event=\"customEventSPE\" data-fig-domain=\"LEFIGARO\" target=\"_blank\" rel=\"noopener\">George Simion<\/a>, d\u00e9fait in extremis \u00e0 la pr\u00e9sidentielle en Roumanie le mois dernier, l\u2019Administration r\u00e9publicaine am\u00e9ricaine peut, cette fois, se f\u00e9liciter du r\u00e9sultat du vote de l\u2019\u00e9lectorat polonais, plus que jamais polaris\u00e9 \u00e0 l\u2019issue de ce scrutin.<\/p>\n<p class=\"fig-paragraph\">\u00ab\u00a0Tu vas gagner\u00a0!\u00a0\u00bb avait assur\u00e9 Donald Trump au candidat soutenu par le PiS (Droit et Justice),\u00a0<a href=\"https:\/\/x.com\/Nawrocki25\/status\/1918179327440765114\" target=\"_blank\" rel=\"nofollow noopener\" data-gtm-custom-categorie=\"navigation\" data-gtm-custom-action=\"crossclick\" data-gtm-custom-label=\"Contextuel\" data-gtm-event=\"customEventSPE\">re\u00e7u dans le Bureau ovale<\/a>\u00a0d\u00e9but mai, deux semaines avant le premier tour. \u00ab\u00a0Nous avons besoin de vous pour \u00e9lire le bon dirigeant\u00a0!\u00a0\u00bb, a rench\u00e9ri la secr\u00e9taire \u00e0 la S\u00e9curit\u00e9 nationale am\u00e9ricaine, Kristi Noem\u2026<\/p>\n<p class=\"fig-premium-paywall__infos\">\n        Cet article est r\u00e9serv\u00e9 aux abonn\u00e9s.        Il vous reste 84% \u00e0 d\u00e9couvrir.\n    <\/p>\n<p>                <img  data- alt=\"Le Figaro\" class=\"fig-img--complete fig-img\"\/><\/p>\n<p class=\"fig-premium-paywall__title\">Vente Flash<\/p>\n<p class=\"fig-premium-paywall__subtitle\">4,99\u20ac par mois pendant 12 mois. Sans engagement.<\/p>\n<p class=\"fig-premium-paywall__connect\">\n                D\u00e9j\u00e0 abonn\u00e9\u00a0?                <a class=\"fig-premium-paywall__connect-link\" href=\"https:\/\/connect.lefigaro.fr\/login?client=horizon_web&amp;type=main&amp;redirect_uri=https%3A%2F%2Fwww.lefigaro.fr%2Finternational%2Fla-victoire-du-pro-trump-nawrocki-en-pologne-coup-de-semonce-pour-l-europe-20250602\" data-js-gtm=\"{&quot;customCategorie&quot;: &quot;conversion&quot;, &quot;customAction&quot;: &quot;before_Landing_Connexion_paywall_auto&quot;, &quot;customLabel&quot;: &quot;bGVmaWdhcm8uZnJfXzFmMDNmYWYxLTAwY2EtNjM2ZS04NzgwLTA1NjA2YTVlMGQ2ZV9fQXJ0aWNsZQ==_La victoire du pro-Trump Nawrocki en Pologne, coup de semonce pour l\u2019Europe_324&quot;, &quot;customIDSPE&quot;: &quot;bGVmaWdhcm8uZnJfXzFmMDNmYWYxLTAwY2EtNjM2ZS04NzgwLTA1NjA2YTVlMGQ2ZV9fQXJ0aWNsZQ==&quot;, &quot;event&quot;: &quot;customEventSPE&quot;}\" target=\"_blank\" rel=\"noopener\"><br \/>\n                    Connectez-vous<br \/>\n                <\/a>\n            <\/p>\n","protected":false},"excerpt":{"rendered":"Le nationaliste a gagn\u00e9 la pr\u00e9sidentielle sur le fil du rasoir avec 50,89\u00a0% des voix face au maire&hellip;\n","protected":false},"author":2,"featured_media":146844,"comment_status":"","ping_status":"","sticky":false,"template":"","format":"standard","meta":{"footnotes":""},"categories":[1586],"tags":[259,11,260,1777,674,1011,27,14,261,12,262,2437,25],"class_list":{"0":"post-146843","1":"post","2":"type-post","3":"status-publish","4":"format-standard","5":"has-post-thumbnail","7":"category-europe","8":"tag-actualite-internationale","9":"tag-actualites","10":"tag-affaires-etrangeres","11":"tag-eu","12":"tag-europe","13":"tag-fr","14":"tag-france","15":"tag-international","16":"tag-ministere-des-affaires-etrangeres","17":"tag-news","18":"tag-politique-etrangere","19":"tag-pologne","20":"tag-republique-francaise"},"share_on_mastodon":{"url":"","error":""},"_links":{"self":[{"href":"https:\/\/www.europesays.com\/fr\/wp-json\/wp\/v2\/posts\/146843","targetHints":{"allow":["GET"]}}],"collection":[{"href":"https:\/\/www.europesays.com\/fr\/wp-json\/wp\/v2\/posts"}],"about":[{"href":"https:\/\/www.europesays.com\/fr\/wp-json\/wp\/v2\/types\/post"}],"author":[{"embeddable":true,"href":"https:\/\/www.europesays.com\/fr\/wp-json\/wp\/v2\/users\/2"}],"replies":[{"embeddable":true,"href":"https:\/\/www.europesays.com\/fr\/wp-json\/wp\/v2\/comments?post=146843"}],"version-history":[{"count":0,"href":"https:\/\/www.europesays.com\/fr\/wp-json\/wp\/v2\/posts\/146843\/revisions"}],"wp:featuredmedia":[{"embeddable":true,"href":"https:\/\/www.europesays.com\/fr\/wp-json\/wp\/v2\/media\/146844"}],"wp:attachment":[{"href":"https:\/\/www.europesays.com\/fr\/wp-json\/wp\/v2\/media?parent=146843"}],"wp:term":[{"taxonomy":"category","embeddable":true,"href":"https:\/\/www.europesays.com\/fr\/wp-json\/wp\/v2\/categories?post=146843"},{"taxonomy":"post_tag","embeddable":true,"href":"https:\/\/www.europesays.com\/fr\/wp-json\/wp\/v2\/tags?post=146843"}],"curies":[{"name":"wp","href":"https:\/\/api.w.org\/{rel}","templated":true}]}}