{"id":146845,"date":"2025-06-02T16:51:10","date_gmt":"2025-06-02T16:51:10","guid":{"rendered":"https:\/\/www.europesays.com\/fr\/146845\/"},"modified":"2025-06-02T16:51:10","modified_gmt":"2025-06-02T16:51:10","slug":"le-systeme-na-pas-eu-le-temps-de-se-declencher-pourquoi-le-tram-a-percute-un-poteau","status":"publish","type":"post","link":"https:\/\/www.europesays.com\/fr\/146845\/","title":{"rendered":"\u00ab Le syst\u00e8me n\u2019a pas eu le temps de se d\u00e9clencher \u00bb\u2026 Pourquoi le tram a percut\u00e9 un poteau"},"content":{"rendered":"<p><strong>Accident &#8211; Cinq bless\u00e9s l\u00e9gers, une cabine compl\u00e8tement enfonc\u00e9e\u2026 Un spectaculaire accident de tram a eu lieu dimanche \u00e0 Illkirch-Graffenstaden, \u00e0 c\u00f4t\u00e9 de Strasbourg<\/strong><\/p>\n<p>Comme si de rien n\u2019\u00e9tait\u2026 A <a href=\"https:\/\/www.20minutes.fr\/dossier\/illkirch-graffenstaden?at_medium=RSS%20feed&amp;at_campaign=ynews&amp;utm_source=yahoo&amp;utm_medium=rss&amp;utm_campaign=news_feed&amp;utm_content=in_article_link\" rel=\"nofollow noopener\" target=\"_blank\" data-ylk=\"slk:Illkirch-Graffenstaden;elm:context_link;itc:0;sec:content-canvas\" class=\"link \">Illkirch-Graffenstaden<\/a> ce lundi matin, il ne restait presque plus aucune trace de l\u2019impressionnant accident de <a href=\"https:\/\/www.20minutes.fr\/dossier\/tram?at_medium=RSS%20feed&amp;at_campaign=ynews&amp;utm_source=yahoo&amp;utm_medium=rss&amp;utm_campaign=news_feed&amp;utm_content=in_article_link\" rel=\"nofollow noopener\" target=\"_blank\" data-ylk=\"slk:tram;elm:context_link;itc:0;sec:content-canvas\" class=\"link \">tram<\/a> de la veille. Seulement quelques barri\u00e8res de chantier pour prot\u00e9ger le poteau endommag\u00e9, rien de plus. La circulation avait repris normalement d\u00e8s dimanche soir, une fois la rame \u00e9vacu\u00e9e par tracteur.<\/p>\n<p>Cette derni\u00e8re est repartie salement endommag\u00e9e, surtout au niveau d\u2019une des deux cabines. \u00ab\u00a0C\u2019\u00e9tait impressionnant\u00a0\u00bb, confirme \u00e0 20 Minutes Thibaud Philipps, le maire de cette commune de 28.000 habitants coll\u00e9e \u00e0 <a href=\"https:\/\/www.20minutes.fr\/strasbourg\/?at_medium=RSS%20feed&amp;at_campaign=ynews&amp;utm_source=yahoo&amp;utm_medium=rss&amp;utm_campaign=news_feed&amp;utm_content=in_article_link\" rel=\"nofollow noopener\" target=\"_blank\" data-ylk=\"slk:Strasbourg;elm:context_link;itc:0;sec:content-canvas\" class=\"link \">Strasbourg<\/a>. \u00ab\u00a0Le tram ne roulait qu\u2019\u00e0 20\u00a0km\/h mais m\u00eame \u00e0 cette vitesse, un engin de 55 tonnes peut provoquer de nombreux d\u00e9g\u00e2ts. Tout l\u2019avant \u00e9tait cass\u00e9, le pare-brise d\u00e9fonc\u00e9\u2026 Le choc a \u00e9t\u00e9 assez important.\u00a0\u00bb<\/p>\n<p>Le v\u00e9hicule ne s\u2019est tout simplement pas arr\u00eat\u00e9 au terminus et a poursuivi son chemin hors rails, sur environ trois m\u00e8tres. Jusqu\u2019\u00e0 \u00eatre stopp\u00e9 par ce fameux poteau. \u00ab\u00a0Ce n\u2019est pas pour rien qu\u2019il a \u00e9t\u00e9 mis l\u00e0, en plein milieu\u00a0\u00bb, d\u00e9taille l\u2019\u00e9lu, par ailleurs vice-pr\u00e9sident du Grand-Est en charge des transports. \u00ab\u00a0C\u2019est un poteau renforc\u00e9 de fin de ligne pr\u00e9vu pour \u00e7a.\u00a0\u00bb<\/p>\n<p>La preuve, le pilier n\u2019a pas boug\u00e9. Le mat\u00e9riel autour non plus, ce qui a facilit\u00e9 une reprise rapide du trafic. Tout comme les explications, rapides, du chauffeur. \u00ab\u00a0Il a indiqu\u00e9 s\u2019\u00eatre assoupi entre les deux derniers arr\u00eats\u00a0\u00bb, assure Thibaud Philipps en reprenant l\u00e0 une communication de la Compagnie des transports strasbourgeois (CTS). \u00ab\u00a0\u00c7a a \u00e9t\u00e9 co(&#8230;)<\/p>\n<p><a href=\"https:\/\/www.20minutes.fr\/societe\/4156503-20250602-strasbourg-systeme-temps-declencher-pourquoi-tram-percute-poteau?at_medium=RSS%20feed&amp;at_campaign=ynews&amp;utm_source=yahoo&amp;utm_medium=rss&amp;utm_campaign=news_feed&amp;utm_content=read_more_link&quot;\" rel=\"nofollow noopener\" target=\"_blank\" data-ylk=\"slk:Lire la suite sur 20minutes;elm:context_link;itc:0;sec:content-canvas\" class=\"link \">Lire la suite sur 20minutes<\/a><\/p>\n<p>\u00c0 lire aussi :<br \/><a href=\"https:\/\/www.20minutes.fr\/faits_divers\/faits-divers-strasbourg\/4133393-20250113-strasbourg-tram-systeme-bloquant-retour-arriere?at_medium=RSS%20feed&amp;at_campaign=ynews&amp;utm_source=yahoo&amp;utm_medium=rss&amp;utm_campaign=news_feed&amp;utm_content=related_content_link\" rel=\"nofollow noopener\" target=\"_blank\" data-ylk=\"slk:Strasbourg\u00a0: Le tram n\u2019avait pas de syst\u00e8me bloquant un retour en arri\u00e8re;elm:context_link;itc:0;sec:content-canvas\" class=\"link \">Strasbourg\u00a0: Le tram n\u2019avait pas de syst\u00e8me bloquant un retour en arri\u00e8re<\/a><br \/><a href=\"https:\/\/www.20minutes.fr\/societe\/4155621-20250528-guerre-israel-hamas-keffieh-jumelage-camp-refugies-palestinien-strasbourg-prend-parti?at_medium=RSS%20feed&amp;at_campaign=ynews&amp;utm_source=yahoo&amp;utm_medium=rss&amp;utm_campaign=news_feed&amp;utm_content=related_content_link\" rel=\"nofollow noopener\" target=\"_blank\" data-ylk=\"slk:Guerre Isra\u00ebl-Hamas\u00a0: Keffieh, jumelage avec un camp de r\u00e9fugi\u00e9s palestinien\u2026 Strasbourg prend-il parti\u00a0?;elm:context_link;itc:0;sec:content-canvas\" class=\"link \">Guerre Isra\u00ebl-Hamas\u00a0: Keffieh, jumelage avec un camp de r\u00e9fugi\u00e9s palestinien\u2026 Strasbourg prend-il parti\u00a0?<\/a><\/p>\n","protected":false},"excerpt":{"rendered":"Accident &#8211; Cinq bless\u00e9s l\u00e9gers, une cabine compl\u00e8tement enfonc\u00e9e\u2026 Un spectaculaire accident de tram a eu lieu dimanche&hellip;\n","protected":false},"author":2,"featured_media":146846,"comment_status":"","ping_status":"","sticky":false,"template":"","format":"standard","meta":{"footnotes":""},"categories":[1586],"tags":[11,6380,2589,27586,1777,674,1779,1011,27,3088,11301,12,25,640,1778,364],"class_list":{"0":"post-146845","1":"post","2":"type-post","3":"status-publish","4":"format-standard","5":"has-post-thumbnail","7":"category-europe","8":"tag-actualites","9":"tag-barrieres-de-chantier","10":"tag-comme-si-de-rien-netait","11":"tag-compagnie-des-transports-strasbourgeois","12":"tag-eu","13":"tag-europe","14":"tag-european-union","15":"tag-fr","16":"tag-france","17":"tag-illkirch-graffenstaden","18":"tag-le-choc","19":"tag-news","20":"tag-republique-francaise","21":"tag-strasbourg","22":"tag-ue","23":"tag-union-europeenne"},"share_on_mastodon":{"url":"https:\/\/pubeurope.com\/@fr\/114614808295420389","error":""},"_links":{"self":[{"href":"https:\/\/www.europesays.com\/fr\/wp-json\/wp\/v2\/posts\/146845","targetHints":{"allow":["GET"]}}],"collection":[{"href":"https:\/\/www.europesays.com\/fr\/wp-json\/wp\/v2\/posts"}],"about":[{"href":"https:\/\/www.europesays.com\/fr\/wp-json\/wp\/v2\/types\/post"}],"author":[{"embeddable":true,"href":"https:\/\/www.europesays.com\/fr\/wp-json\/wp\/v2\/users\/2"}],"replies":[{"embeddable":true,"href":"https:\/\/www.europesays.com\/fr\/wp-json\/wp\/v2\/comments?post=146845"}],"version-history":[{"count":0,"href":"https:\/\/www.europesays.com\/fr\/wp-json\/wp\/v2\/posts\/146845\/revisions"}],"wp:featuredmedia":[{"embeddable":true,"href":"https:\/\/www.europesays.com\/fr\/wp-json\/wp\/v2\/media\/146846"}],"wp:attachment":[{"href":"https:\/\/www.europesays.com\/fr\/wp-json\/wp\/v2\/media?parent=146845"}],"wp:term":[{"taxonomy":"category","embeddable":true,"href":"https:\/\/www.europesays.com\/fr\/wp-json\/wp\/v2\/categories?post=146845"},{"taxonomy":"post_tag","embeddable":true,"href":"https:\/\/www.europesays.com\/fr\/wp-json\/wp\/v2\/tags?post=146845"}],"curies":[{"name":"wp","href":"https:\/\/api.w.org\/{rel}","templated":true}]}}