{"id":146850,"date":"2025-06-02T16:54:09","date_gmt":"2025-06-02T16:54:09","guid":{"rendered":"https:\/\/www.europesays.com\/fr\/146850\/"},"modified":"2025-06-02T16:54:09","modified_gmt":"2025-06-02T16:54:09","slug":"equipe-de-france-je-ne-laisserai-pas-passer-ma-chance-promet-rayan-cherki","status":"publish","type":"post","link":"https:\/\/www.europesays.com\/fr\/146850\/","title":{"rendered":"\u00c9quipe de France\u00a0: \u00ab Je ne laisserai pas passer ma chance \u00bb, promet Rayan Cherki"},"content":{"rendered":"<p class=\"paragraph text_align_left\">Pendant que le Parisien Ousmane Demb\u00e9l\u00e9 p\u00e9n\u00e9trait sur le court central de Roland-Garros pour pr\u00e9senter la <a href=\"https:\/\/www.leparisien.fr\/sports\/football\/ligue-des-champions\/\" target=\"_blank\" rel=\"noreferrer noopener\">coupe aux grandes oreilles<\/a> au public, \u00e0 quelques dizaines de kilom\u00e8tres de l\u00e0, dans le calme du centre national de <a href=\"https:\/\/www.leparisien.fr\/sports\/football\/\" target=\"_blank\" rel=\"noreferrer noopener\">football<\/a> \u00e0 Clairefontaine, <a href=\"https:\/\/www.leparisien.fr\/sports\/football\/equipe-de-france\/il-a-pris-les-choses-en-main-la-metamorphose-de-rayan-cherki-appele-en-equipe-de-france-21-05-2025-JLJLZYSAMFHF3LUNGK4YGPW4KI.php\" target=\"_blank\" rel=\"noreferrer noopener\">Rayan Cherki<\/a> se pr\u00e9sentait devant quelques repr\u00e9sentants de la presse. Une premi\u00e8re pour le futur ancien Lyonnais et n\u00e9o-Bleu.<\/p>\n<p class=\"paragraph text_align_left\">Habitu\u00e9 des s\u00e9lections jeunes, le jeune cr\u00e9ateur de 21 ans est le bleu des Bleus. Appel\u00e9 par Didier Deschamps pour participer au Final Four de la Ligue des nations (demi-finale contre l\u2019Espagne jeudi \u00e0 Stuttgart, petite finale et finale dimanche) avec <a href=\"https:\/\/www.leparisien.fr\/sports\/football\/equipe-de-france\/\" target=\"_blank\" rel=\"noreferrer noopener\">la grande \u00e9quipe de France<\/a>, Cherki est revenu sur le sacre du PSG, le ballon d\u2019or et son avenir. En toute d\u00e9contraction.<\/p>\n<p class=\"paragraph text_align_left\"><b>Comment avez-vous appris votre s\u00e9lection ?<\/b><\/p>\n<p class=\"paragraph text_align_left\"><b>RAYAN CHERKI.<\/b> J\u2019\u00e9tais sur un tournage pour le titre de meilleur passeur du championnat. J\u2019aurais pr\u00e9f\u00e9r\u00e9 \u00eatre chez moi avec mes proches mais c\u2019est comme \u00e7a. J\u2019ai appel\u00e9 mon p\u00e8re et ma m\u00e8re en premier. C\u2019\u00e9tait logique. J\u2019\u00e9tais heureux de voir qu\u2019ils \u00e9taient pour moi.<\/p>\n<p class=\"paragraph text_align_left\"><b>Vous d\u00e9couvrez enfin l\u2019\u00e9quipe de France\u2026<\/b><\/p>\n<p class=\"paragraph text_align_left\">Je ne me suis pas inqui\u00e9t\u00e9. Il a fallu respecter un long chemin pour venir ici, \u00eatre patient. J\u2019ai travaill\u00e9. Je suis tr\u00e8s content d\u2019\u00eatre au Ch\u00e2teau (le surnom de la r\u00e9sidence de l\u2019\u00e9quipe de France \u00e0 Clairfontaine). On l\u2019avait un peu d\u00e9couvert pendant les Jeux l\u2019an dernier mais l\u00e0 c\u2019est un peu nouveau. Je suis heureux d\u2019\u00eatre l\u00e0.<\/p>\n<p class=\"paragraph text_align_left\"><b>C\u2019est aussi la r\u00e9compense de votre belle saison avec Lyon\u2026<\/b><\/p>\n<p class=\"paragraph text_align_left\">J\u2019ai fait une bonne saison mais je sais que je peux encore \u00eatre meilleur. Je travaille tous les jours pour devenir encore meilleur.<\/p>\n<p class=\"paragraph text_align_left\"><b>Avez-vous discut\u00e9 de votre positionnement avec Didier Deschamps ?<\/b><\/p>\n<p class=\"paragraph text_align_left\">J\u2019en ai discut\u00e9 un peu avec le coach, on est tous les deux conscients que je peux jouer \u00e0 tous les postes de l\u2019attaque. J\u2019essaierai de r\u00e9pondre pr\u00e9sent quelque soit le poste.<\/p>\n<p class=\"paragraph text_align_left\"><b>Pouvez-vous \u00eatre ce joueur cr\u00e9atif qui manque aux Bleus depuis l\u2019arr\u00eat de Griezmann<\/b> <b>?<\/b><\/p>\n<p class=\"paragraph text_align_left\">Je ne sais pas s\u2019il y a un manque de cr\u00e9ativit\u00e9 en \u00e9quipe de France, nos joueurs sont forts dans tous les domaines. Je coche peut-\u00eatre un peu plus la case de la cr\u00e9ativit\u00e9 et si on me demande de l\u2019apporter, je ne laisserai pas passer ma chance. Je sais ce que je peux apporter au groupe.<\/p>\n<p class=\"paragraph text_align_left\"><b>On vous annonce dans de nombreux clubs, dont Manchester City\u2026<\/b><\/p>\n<p class=\"paragraph text_align_left\">Toutes les pistes sont cr\u00e9dibles. Mais je ne savais pas que c\u2019\u00e9tait un sujet, \u00e7a ne pollue pas mon stage, je suis l\u00e0 pour jouer au football, le reste n\u2019est que futilit\u00e9. Il y a deux matchs importants avec l\u2019\u00e9quipe de France avant tout. Pour l\u2019instant la question ne se pose pas. On verra le moment venu.<\/p>\n<p class=\"paragraph text_align_left\"><b>Avez-vous un souvenir particulier de l\u2019\u00e9quipe de France ?<\/b><\/p>\n<p class=\"paragraph text_align_left\">Il y en a tellement. J\u2019ai eu la chance d\u2019assister \u00e0 la Coupe du monde 2018. Une comp\u00e9tition incroyable. \u00c0 qui j\u2019aimerais ressembler ? \u00c0 Zidane \u00e9videmment. Il y a tellement de mots qui me viennent \u00e0 l\u2019esprit quand on parle de lui qu\u2019on y passerait l\u2019apr\u00e8s-midi\u2026 mais c\u2019est la route que j\u2019aimerais suivre.<\/p>\n<p class=\"paragraph text_align_left\"><b>Aviez-vous envisag\u00e9 de jouer pour une autre s\u00e9lection ?<\/b><\/p>\n<p class=\"paragraph text_align_left\">J\u2019avais un plan en t\u00eate et je l\u2019ai suivi \u00e0 la lettre. C\u2019est bien d\u2019\u00eatre appel\u00e9 mais j\u2019esp\u00e8re que ce n\u2019est que le d\u00e9but d\u2019une longue histoire.<\/p>\n<p class=\"paragraph text_align_left\"><b>Que retenez-vous de votre m\u00e9daille d\u2019argent aux Jeux de Paris avec Thierry Henry l\u2019\u00e9t\u00e9 dernier<\/b> <b>?<\/b><\/p>\n<p class=\"paragraph text_align_left\">On a v\u00e9cu quelque chose de magnifique aux JO. Il a souvent \u00e9t\u00e9 dur avec moi mais on savait pourquoi. C\u2019\u00e9tait pour mon bien. Je lui en suis reconnaissant. Il connaissait mon plan. J\u2019ai r\u00e9ussi \u00e0 lui montrer que mon plan a fonctionn\u00e9.<\/p>\n<p class=\"paragraph text_align_left\"><b>Avez-vous suivi la finale de la Ligue des champions samedi ?<\/b><\/p>\n<p class=\"paragraph text_align_left\">On a regard\u00e9 le match tous ensemble, c\u2019\u00e9tait un match magnifique, \u00e0 sens unique. On \u00e9tait tr\u00e8s heureux pour nos partenaires (en \u00e9quipe de France). Ils (les joueurs du PSG) le m\u00e9ritent amplement. On est tr\u00e8s content pour eux.<\/p>\n<p class=\"paragraph text_align_left\"><b>Le PSG vous a-t-il impressionn\u00e9 ?<\/b><\/p>\n<p class=\"paragraph text_align_left\">ils ont \u00e9t\u00e9 impressionnants du d\u00e9but \u00e0 la fin, l\u2019Inter n\u2019a pas vu le jour.<\/p>\n<p class=\"paragraph text_align_left\"><b>Avez-vous un favori pour le prochain ballon d\u2019or ?<\/b><\/p>\n<p class=\"paragraph text_align_left\">La saison n\u2019est pas finie, il reste des matchs. Mais on sait que les deux meilleurs joueurs du monde sont des Fran\u00e7ais (Mbapp\u00e9 et Demb\u00e9l\u00e9). C\u2019est difficile de les partager.<\/p>\n<p class=\"paragraph text_align_left\"><b>Jouer avec eux dans quelques jours vous met un peu de pression ?<\/b><\/p>\n<p class=\"paragraph text_align_left\">Je suis l\u00e0 pour les servir. Ce sont les deux meilleurs joueurs du monde, je suis l\u00e0 pour les mettre dans les meilleures dispositions et qu\u2019ils prennent du plaisir sur le terrain et en dehors.<\/p>\n<p class=\"paragraph text_align_left\"><b>\u00cates-vous surpris de la nouvelle dimension prise par D\u00e9sir\u00e9 Dou\u00e9<\/b> <b>?<\/b><\/p>\n<p class=\"paragraph text_align_left\">Est-ce que je suis surpris ? Non on va tous r\u00e9pondre la m\u00eame chose, il est extr\u00eamement fort mais a une marge de progression importante. On ne peut qu\u2019applaudir ce qu\u2019il a fait en finale, il le m\u00e9rite. Il est bon, c\u2019est logique de le voir faire \u00e7a. Je lui souhaite de vivre une centaine de matchs comme \u00e7a.<\/p>\n","protected":false},"excerpt":{"rendered":"Pendant que le Parisien Ousmane Demb\u00e9l\u00e9 p\u00e9n\u00e9trait sur le court central de Roland-Garros pour pr\u00e9senter la coupe aux&hellip;\n","protected":false},"author":2,"featured_media":146851,"comment_status":"","ping_status":"","sticky":false,"template":"","format":"standard","meta":{"footnotes":""},"categories":[4],"tags":[11,27345,63,1011,27,12,25,60],"class_list":{"0":"post-146850","1":"post","2":"type-post","3":"status-publish","4":"format-standard","5":"has-post-thumbnail","7":"category-france","8":"tag-actualites","9":"tag-equipe_france_foot","10":"tag-football","11":"tag-fr","12":"tag-france","13":"tag-news","14":"tag-republique-francaise","15":"tag-sports"},"share_on_mastodon":{"url":"https:\/\/pubeurope.com\/@fr\/114614820090162057","error":""},"_links":{"self":[{"href":"https:\/\/www.europesays.com\/fr\/wp-json\/wp\/v2\/posts\/146850","targetHints":{"allow":["GET"]}}],"collection":[{"href":"https:\/\/www.europesays.com\/fr\/wp-json\/wp\/v2\/posts"}],"about":[{"href":"https:\/\/www.europesays.com\/fr\/wp-json\/wp\/v2\/types\/post"}],"author":[{"embeddable":true,"href":"https:\/\/www.europesays.com\/fr\/wp-json\/wp\/v2\/users\/2"}],"replies":[{"embeddable":true,"href":"https:\/\/www.europesays.com\/fr\/wp-json\/wp\/v2\/comments?post=146850"}],"version-history":[{"count":0,"href":"https:\/\/www.europesays.com\/fr\/wp-json\/wp\/v2\/posts\/146850\/revisions"}],"wp:featuredmedia":[{"embeddable":true,"href":"https:\/\/www.europesays.com\/fr\/wp-json\/wp\/v2\/media\/146851"}],"wp:attachment":[{"href":"https:\/\/www.europesays.com\/fr\/wp-json\/wp\/v2\/media?parent=146850"}],"wp:term":[{"taxonomy":"category","embeddable":true,"href":"https:\/\/www.europesays.com\/fr\/wp-json\/wp\/v2\/categories?post=146850"},{"taxonomy":"post_tag","embeddable":true,"href":"https:\/\/www.europesays.com\/fr\/wp-json\/wp\/v2\/tags?post=146850"}],"curies":[{"name":"wp","href":"https:\/\/api.w.org\/{rel}","templated":true}]}}