{"id":146856,"date":"2025-06-02T16:58:10","date_gmt":"2025-06-02T16:58:10","guid":{"rendered":"https:\/\/www.europesays.com\/fr\/146856\/"},"modified":"2025-06-02T16:58:10","modified_gmt":"2025-06-02T16:58:10","slug":"ici-cest-euphorique-ousmane-dembele-presente-le-trophee-de-la-ligue-des-champions-sur-le-court-philippe-chatrier","status":"publish","type":"post","link":"https:\/\/www.europesays.com\/fr\/146856\/","title":{"rendered":"\u00abIci c\u2019est&#8230;\u00bb, euphorique, Ousmane Demb\u00e9l\u00e9 pr\u00e9sente le troph\u00e9e de la Ligue des champions sur le court Philippe-Chatrier"},"content":{"rendered":"<p>LE SCAN SPORT &#8211; Le champion d\u2019Europe avec le PSG, Ousmane Demb\u00e9l\u00e9 a pr\u00e9sent\u00e9 le troph\u00e9e de la Ligue des champions ce lundi sur le Chatrier.<\/p>\n<p class=\"fig-paragraph\">Avant un passionnant Djokovic-Norrie, sur le Chatrier, le champion d\u2019Europe\u00a0<a href=\"http:\/\/www.lefigaro.fr\/sports\/football\/ligue-des-champions\/dembele-ballon-d-or-dj-snake-et-le-psg-lancent-le-lobbying-20250602\" data-fig-type=\"NewsFlash\" data-gtm-custom-categorie=\"navigation\" data-gtm-custom-action=\"crossclick\" data-gtm-custom-label=\"Contextuel\" data-gtm-event=\"customEventSPE\" data-fig-domain=\"LEFIGARO\" rel=\"nofollow noopener\" target=\"_blank\">Ousmane Demb\u00e9l\u00e9<\/a>\u00a0est venu pr\u00e9senter la Ligue des champions devant le fervent public de Roland-Garros.<\/p>\n<p class=\"fig-paragraph\">Lunettes, de soleil, grand sourire aux l\u00e8vres, le meilleur buteur parisien cette saison a visit\u00e9 les locaux pour brandir la coupe aux grandes oreilles aux quatre coins du court, en criant \u00abIci c\u2019est&#8230; Paris\u00a0!!\u00bb, sous les yeux de Nasser Al-Khela\u00effi, le pr\u00e9sident du PSG, en tribunes.<\/p>\n<p class=\"fig-paragraph\">Une d\u00e9marche pour le plus grand plaisir des spectateurs qui se sont empress\u00e9s de scander, \u00e0 plusieurs reprises \u00abDemb\u00e9l\u00e9, Ballon d\u2019Or\u00a0!\u00bb.<\/p>\n","protected":false},"excerpt":{"rendered":"LE SCAN SPORT &#8211; Le champion d\u2019Europe avec le PSG, Ousmane Demb\u00e9l\u00e9 a pr\u00e9sent\u00e9 le troph\u00e9e de la&hellip;\n","protected":false},"author":2,"featured_media":146857,"comment_status":"","ping_status":"","sticky":false,"template":"","format":"standard","meta":{"footnotes":""},"categories":[1415],"tags":[4791,786,525,448,1981,1089,814,2257,63,1011,27,2705,4977,447,1307,3490,955,2782,4589,4789,93,4790,1980,4171,60,1467,455],"class_list":{"0":"post-146856","1":"post","2":"type-post","3":"status-publish","4":"format-standard","5":"has-post-thumbnail","7":"category-tennis","8":"tag-barcelone","9":"tag-c1","10":"tag-calendrier","11":"tag-champions-league","12":"tag-classement","13":"tag-coupe-deurope","14":"tag-direct","15":"tag-foot","16":"tag-football","17":"tag-fr","18":"tag-france","19":"tag-groupe","20":"tag-le-scan-sport","21":"tag-ligue-des-champions","22":"tag-lille","23":"tag-liverpool","24":"tag-match","25":"tag-ousmane-dembele","26":"tag-phase-finale","27":"tag-poule","28":"tag-psg","29":"tag-real-madrid","30":"tag-resultats","31":"tag-roland-garros","32":"tag-sports","33":"tag-tennis","34":"tag-uefa"},"share_on_mastodon":{"url":"https:\/\/pubeurope.com\/@fr\/114614835805108888","error":""},"_links":{"self":[{"href":"https:\/\/www.europesays.com\/fr\/wp-json\/wp\/v2\/posts\/146856","targetHints":{"allow":["GET"]}}],"collection":[{"href":"https:\/\/www.europesays.com\/fr\/wp-json\/wp\/v2\/posts"}],"about":[{"href":"https:\/\/www.europesays.com\/fr\/wp-json\/wp\/v2\/types\/post"}],"author":[{"embeddable":true,"href":"https:\/\/www.europesays.com\/fr\/wp-json\/wp\/v2\/users\/2"}],"replies":[{"embeddable":true,"href":"https:\/\/www.europesays.com\/fr\/wp-json\/wp\/v2\/comments?post=146856"}],"version-history":[{"count":0,"href":"https:\/\/www.europesays.com\/fr\/wp-json\/wp\/v2\/posts\/146856\/revisions"}],"wp:featuredmedia":[{"embeddable":true,"href":"https:\/\/www.europesays.com\/fr\/wp-json\/wp\/v2\/media\/146857"}],"wp:attachment":[{"href":"https:\/\/www.europesays.com\/fr\/wp-json\/wp\/v2\/media?parent=146856"}],"wp:term":[{"taxonomy":"category","embeddable":true,"href":"https:\/\/www.europesays.com\/fr\/wp-json\/wp\/v2\/categories?post=146856"},{"taxonomy":"post_tag","embeddable":true,"href":"https:\/\/www.europesays.com\/fr\/wp-json\/wp\/v2\/tags?post=146856"}],"curies":[{"name":"wp","href":"https:\/\/api.w.org\/{rel}","templated":true}]}}