{"id":146862,"date":"2025-06-02T17:02:10","date_gmt":"2025-06-02T17:02:10","guid":{"rendered":"https:\/\/www.europesays.com\/fr\/146862\/"},"modified":"2025-06-02T17:02:10","modified_gmt":"2025-06-02T17:02:10","slug":"cyclisme-tour-de-slovenie-parcours-profils-engages-le-tour-de-slovenie-2025","status":"publish","type":"post","link":"https:\/\/www.europesays.com\/fr\/146862\/","title":{"rendered":"Cyclisme. Tour de Slov\u00e9nie &#8211; Parcours, profils, engag\u00e9s&#8230; le Tour de Slov\u00e9nie 2025"},"content":{"rendered":"<p>Le\u00a0<strong>Tour de Slov\u00e9nie<\/strong>\u00a0va f\u00eater sa 31e \u00e9dition du 4 au 8 juin ! Et pour la troisi\u00e8me ann\u00e9e de suite, il\u00a0devra faire\u00a0sans son \u00ab\u00a0King\u00a0\u00bb,\u00a0<strong><a href=\"https:\/\/www.cyclismactu.net\/..\/news-criterium-du-dauphine-route-evenepoel-pogacar-vingegaard-sacre-plateau-88093.html\" target=\"_blank\" rel=\"nofollow noopener\">Tadej Pogacar<\/a><\/strong>&#8230;\u00a0Proph\u00e8te en son pays en 2021 et 2022, le coureur d&rsquo;<strong>UAE Team Emirates-XRG<\/strong>\u00a0privil\u00e9gie logiquement le <strong><a href=\"https:\/\/www.cyclismactu.net\/..\/news-cyclisme-route-criterium-du-dauphine-parcours-profils-criterium-du-dauphine-2025-88190.html\" target=\"_blank\" rel=\"nofollow noopener\">Crit\u00e9rium du Dauphin\u00e9<\/a><\/strong>\u00a0(8-15 juin) dans sa pr\u00e9paration pour le <strong><a href=\"https:\/\/www.cyclismactu.net\/..\/news-tdf-route-tour-de-france-a-j-33-du-grand-depart-lille-parcours-et-profils-du-tour-2025-87899.html\" target=\"_blank\" rel=\"nofollow noopener\">Tour de France<\/a><\/strong>.\u00a0En l&rsquo;absence du triple vainqueur de\u00a0la\u00a0Grande Boucle, l&rsquo;\u00e9preuve slov\u00e8ne disput\u00e9e sur cinq jours et 799 km promet d&rsquo;\u00eatre tr\u00e8s ouverte pour conna\u00eetre le successeur de l&rsquo;Italien\u00a0<strong>Giovanni Aleotti<\/strong> (Red Bull-BORA-hansgrohe) ! Apr\u00e8s trois premi\u00e8res \u00e9tapes comme souvent promises \u00e0 des sprints massifs, le g\u00e9n\u00e9ral devrait se jouer le samedi lors de la 4e journ\u00e9e, de loin l&rsquo;\u00e9tape reine sur le papier avec l&rsquo;arriv\u00e9e au sommet de\u00a0Golte et ses 13,8 km \u00e0 7,4% de moyenne, avant une 5e \u00e9tape toujours tr\u00e8s anim\u00e9e autour de Nove Mesto, avec le terrible mur de Trska Gora (1,7 km \u00e0 10,5%) dans le final.<\/p>\n<p>Vid\u00e9o &#8211; Tadej Pogacar avait tout rafl\u00e9 chez lui en 2022 ! Lire la suite de l&rsquo;article&#13;<\/p>\n<p>\u00a0<\/p>\n<p>&#13;<br \/>\nQui pour succ\u00e9der \u00e0\u00a0Giovanni Aleotti ? De nombreux outsiders&#13;<\/p>\n<p>Le plateau sera forc\u00e9ment un peu moins relev\u00e9 que pr\u00e9vu avec l&rsquo;absence de derni\u00e8re minute de la <strong><a href=\"https:\/\/www.cyclismactu.net\/..\/news-tour-de-slovenie-route-trop-de-blesses-formation-visma-fait-impasse-en-slovenie-88147.html\" target=\"_blank\" rel=\"nofollow noopener\">Visma | Lease a Bike<\/a><\/strong>, d\u00e9cim\u00e9e par les blessures. Comme souvent en Slov\u00e9nie, l&rsquo;\u00e9quipe <strong>UAE Team Emirates-XRG<\/strong> emm\u00e8nera une \u00e9quipe tr\u00e8s solide avec des coureurs comme\u00a0<strong>Ant\u00f3nio Morgado<\/strong>, <strong>Alessandro Covi<\/strong> et <strong>Felix Gro\u00dfschartner<\/strong>. Parmi les meilleurs grimpeurs pr\u00e9sents au d\u00e9part pour viser la victoire finale, notons les noms de\u00a0<strong>Tao Geoghegan Hart<\/strong> et <strong>Juan Pedro L\u00f3pez<\/strong> (Lidl-Trek),\u00a0<strong>Giovanni Carboni, Adrien Maire<\/strong> (Unibet Tietema Rockets), <strong>Johannes Kulset<\/strong> (Uno-X Mobility), <strong>Davide De Pretto<\/strong>, <strong>Luke Plapp<\/strong> (Team Jayco AlUla), <strong>Jos\u00e9 Manuel D\u00edaz<\/strong>, <strong>Eric Antonio Fag\u00fandez<\/strong> (Burgos Burpellet BH), <strong>Iv\u00e1n Sosa<\/strong>, <strong>Urko Berrade<\/strong> (Equipo Kern Pharma)&#8230;<\/p>\n<p>&#13;<\/p>\n<p>C\u00f4t\u00e9 sprinteurs, les arriv\u00e9es massives s&rsquo;annoncent tr\u00e8s int\u00e9ressantes \u00e0 suivre,\u00a0avec pour la 4e\u00a0ann\u00e9e cons\u00e9cutive la pr\u00e9sence de\u00a0<strong>Dylan Groenewegen<\/strong>\u00a0(Team Jayco AlUla) en t\u00eate d&rsquo;affiche. Apr\u00e8s avoir enfin d\u00e9bloqu\u00e9 son compteur de victoire en Hongrie en mai, le champion des Pays-Bas voudra poursuivre sur sa lanc\u00e9e mais devra pour cela dominer\u00a0<strong>Phil Bauhaus<\/strong> (Bahrain &#8211; Victorious),\u00a0<strong>Tim Torn Teutenberg<\/strong> (Lidl &#8211; Trek) ou encore\u00a0<strong>Juan Sebasti\u00e1n Molano<\/strong> (UAE Team Emirates &#8211; XRG).<\/p>\n<p>&#13;<\/p>\n<p>\u00a0<\/p>\n<p>&#13;<br \/>\nProfil des \u00e9tapes :&#13;<\/p>\n<p><strong>Mercredi 4 juin<\/strong>\u00a0&#8211; \u00e9tape 1 :\u00a0Piran &#8211; Skofljica\u00a0\/ 170,6 km<\/p>\n<p>&#13;<\/p>\n<p><img decoding=\"async\" src=\"https:\/\/www.europesays.com\/fr\/wp-content\/uploads\/2025\/06\/slov\u00e9nie1.jpg\" style=\"max-width:100%;max-height:100%;\" alt=\"image\" loading=\"lazy\"\/><\/p>\n<p>&#13;<\/p>\n<p>\u00a0<\/p>\n<p>&#13;<\/p>\n<p><strong>Jeudi 5 juin<\/strong>\u00a0&#8211; \u00e9tape 2 :\u00a0Velejne &#8211; Rogaska Slatina\u00a0\/ 162.7 km<\/p>\n<p>&#13;<\/p>\n<p><img decoding=\"async\" src=\"https:\/\/www.europesays.com\/fr\/wp-content\/uploads\/2025\/06\/slov\u00e9nie2.jpg\" style=\"max-width:100%;max-height:100%;\" alt=\"image\" loading=\"lazy\"\/><\/p>\n<p>&#13;<\/p>\n<p>\u00a0<\/p>\n<p>&#13;<\/p>\n<p><strong>Vendredi 6 juin<\/strong>\u00a0&#8211; \u00e9tape 3 :\u00a0Majsperk &#8211; Ormoz\u00a0\/ 172 km<\/p>\n<p>&#13;<\/p>\n<p><img decoding=\"async\" src=\"https:\/\/www.europesays.com\/fr\/wp-content\/uploads\/2025\/06\/slov\u00e9nie3.jpg\" style=\"max-width:100%;max-height:100%;\" alt=\"image\" loading=\"lazy\"\/><\/p>\n<p>&#13;<\/p>\n<p>\u00a0<\/p>\n<p>&#13;<\/p>\n<p><strong>Samedi 7 juin<\/strong>\u00a0&#8211; \u00e9tape 4 :\u00a0Maribor &#8211; Golte\u00a0\/ 175 km<\/p>\n<p>&#13;<\/p>\n<p><img decoding=\"async\" src=\"https:\/\/www.europesays.com\/fr\/wp-content\/uploads\/2025\/06\/slov\u00e9nie4.jpg\" style=\"max-width:100%;max-height:100%;\" alt=\"image\" loading=\"lazy\"\/><\/p>\n<p>&#13;<\/p>\n<p>\u00a0<\/p>\n<p>&#13;<\/p>\n<p><strong>Dimanche 8 juin<\/strong>\u00a0&#8211; \u00e9tape 5 :\u00a0Litija &#8211; Novo Mesto\u00a0\/ 124,1 km<\/p>\n<p>&#13;<\/p>\n<p><img decoding=\"async\" src=\"https:\/\/www.europesays.com\/fr\/wp-content\/uploads\/2025\/06\/slov\u00e9nie5.jpg\" style=\"max-width:100%;max-height:100%;\" alt=\"image\" loading=\"lazy\"\/><\/p>\n<p>&#13;<\/p>\n<p>\u00a0<\/p>\n<p>&#13;<br \/>\nListe de d\u00e9part :&#13;<\/p>\n<p>A venir<\/p>\n","protected":false},"excerpt":{"rendered":"Le\u00a0Tour de Slov\u00e9nie\u00a0va f\u00eater sa 31e \u00e9dition du 4 au 8 juin ! Et pour la troisi\u00e8me ann\u00e9e&hellip;\n","protected":false},"author":2,"featured_media":146863,"comment_status":"","ping_status":"","sticky":false,"template":"","format":"standard","meta":{"footnotes":""},"categories":[1411],"tags":[1154,207,211,1011,27,209,60,210,27587,212,208,213],"class_list":{"0":"post-146862","1":"post","2":"type-post","3":"status-publish","4":"format-standard","5":"has-post-thumbnail","7":"category-cyclisme","8":"tag-cycling","9":"tag-cyclisme","10":"tag-ffc","11":"tag-fr","12":"tag-france","13":"tag-route","14":"tag-sports","15":"tag-tour-de-france","16":"tag-tour-de-slovenie","17":"tag-uci","18":"tag-velo","19":"tag-world-tour"},"share_on_mastodon":{"url":"https:\/\/pubeurope.com\/@fr\/114614851690821051","error":""},"_links":{"self":[{"href":"https:\/\/www.europesays.com\/fr\/wp-json\/wp\/v2\/posts\/146862","targetHints":{"allow":["GET"]}}],"collection":[{"href":"https:\/\/www.europesays.com\/fr\/wp-json\/wp\/v2\/posts"}],"about":[{"href":"https:\/\/www.europesays.com\/fr\/wp-json\/wp\/v2\/types\/post"}],"author":[{"embeddable":true,"href":"https:\/\/www.europesays.com\/fr\/wp-json\/wp\/v2\/users\/2"}],"replies":[{"embeddable":true,"href":"https:\/\/www.europesays.com\/fr\/wp-json\/wp\/v2\/comments?post=146862"}],"version-history":[{"count":0,"href":"https:\/\/www.europesays.com\/fr\/wp-json\/wp\/v2\/posts\/146862\/revisions"}],"wp:featuredmedia":[{"embeddable":true,"href":"https:\/\/www.europesays.com\/fr\/wp-json\/wp\/v2\/media\/146863"}],"wp:attachment":[{"href":"https:\/\/www.europesays.com\/fr\/wp-json\/wp\/v2\/media?parent=146862"}],"wp:term":[{"taxonomy":"category","embeddable":true,"href":"https:\/\/www.europesays.com\/fr\/wp-json\/wp\/v2\/categories?post=146862"},{"taxonomy":"post_tag","embeddable":true,"href":"https:\/\/www.europesays.com\/fr\/wp-json\/wp\/v2\/tags?post=146862"}],"curies":[{"name":"wp","href":"https:\/\/api.w.org\/{rel}","templated":true}]}}