{"id":146864,"date":"2025-06-02T17:03:10","date_gmt":"2025-06-02T17:03:10","guid":{"rendered":"https:\/\/www.europesays.com\/fr\/146864\/"},"modified":"2025-06-02T17:03:10","modified_gmt":"2025-06-02T17:03:10","slug":"cherki-ol-envoie-un-message-a-ses-courtisans","status":"publish","type":"post","link":"https:\/\/www.europesays.com\/fr\/146864\/","title":{"rendered":"Cherki (OL) envoie un message \u00e0 ses courtisans"},"content":{"rendered":"<p>                            <img width=\"770\" height=\"433\" src=\"https:\/\/www.europesays.com\/fr\/wp-content\/uploads\/2025\/06\/Cherki-e1712386471359-770x433.jpg\" class=\"attachment-article size-article wp-post-image\" alt=\"Rayan Cherki (OL) \u00e0 l'\u00e9chauffement\" decoding=\"async\" fetchpriority=\"high\"  \/><\/p>\n<p>Rayan Cherki (OL) \u00e0 l\u2019\u00e9chauffement (Photo by Olivier CHASSIGNOLE \/ AFP)<\/p>\n<p>Convoqu\u00e9 pour la premi\u00e8re fois en \u00e9quipe de France, Rayan Cherki a aussi un mercato \u00e0 g\u00e9rer. Conscient des sollicitations, le joueur offensif de l&rsquo;OL veut simplement s&rsquo;inscrire dans un projet dans lequel le jeu est au c\u0153ur de l&rsquo;aventure.<\/p>\n<p>Depuis trois jours, il n&rsquo;y en a que pour le <strong>PSG, <\/strong>et \u00e0 raison avec le sacre en Ligue des champions. N\u00e9anmoins, au rayon mercato, Rayan <strong>Cherki <\/strong>occupe une place de choix au moment de savoir de quoi sera fait son avenir. Apr\u00e8s le dernier match de la saison, le joueur de l&rsquo;OL avait <a href=\"https:\/\/www.olympique-et-lyonnais.com\/mercato-cherki-annonce-son-depart-et-egratigne-la-direction-de-lol,362104.html\" rel=\"nofollow noopener\" target=\"_blank\">confi\u00e9 <\/a>qu&rsquo;il \u00ab\u00a0s&rsquo;agissait s\u00fbrement de (son) dernier match\u00a0\u00bb avec son club formateur. Quinze jours plus tard, le discours est sensiblement le m\u00eame, c&rsquo;est-\u00e0-dire fait de prudence apr\u00e8s les \u00e9v\u00e8nements v\u00e9cus lors de l&rsquo;\u00e9t\u00e9 2024. \u00ab\u00a0On n&rsquo;est jamais s\u00fbr de rien. Mais je le dis : j&rsquo;ai fait ce que j&rsquo;avais envie de faire \u00e0 l&rsquo;OL, \u00eatre un vrai Lyonnais et tout donner pour mon club, a r\u00e9p\u00e9t\u00e9 le joueur offensif dans les colonnes de L&rsquo;\u00c9quipe. Je n&rsquo;ai pas quitt\u00e9 le navire dans la difficult\u00e9. Je suis rest\u00e9, j&rsquo;ai serr\u00e9 les dents. J&rsquo;ai pleur\u00e9, j&rsquo;ai ri, j&rsquo;ai eu peur. Mais un bonhomme doit \u00eatre comme \u00e7a, \u00e7a fait partie de son ADN.\u00a0\u00bb<\/p>\n<p>\u00c0 la diff\u00e9rence d&rsquo;il y a douze mois o\u00f9 le <strong>PSG <\/strong>et le <strong>Borussia Dortmund<\/strong> avaient tent\u00e9 de l&rsquo;attirer, Rayan Cherki sort d&rsquo;une saison pleine et a des courtisans encore un peu plus nombreux.<\/p>\n<p>\u00ab\u00a0Je suis pr\u00eat pour n&rsquo;importe quel syst\u00e8me\u00a0\u00bb<\/p>\n<p>Si <strong>Liverpool <\/strong>est concentr\u00e9 sur la piste de Florian <strong>Wirtz <\/strong>(<strong>Bayer Leverkusen<\/strong>), les Reds n&rsquo;ont pas oubli\u00e9 le n\u00e9o international fran\u00e7ais, tout comme Malick <a href=\"https:\/\/www.olympique-et-lyonnais.com\/ol-mercato-fofana-pour-remplacer-diaz-a-liverpool,362575.html\" rel=\"nofollow noopener\" target=\"_blank\">Fofana<\/a>. Pas plus que <strong>Manchester City<\/strong>. Le club mancunien est d&rsquo;ailleurs l<a href=\"https:\/\/www.olympique-et-lyonnais.com\/ol-mercato-denouement-semaine-prochaine-pour-cherki-a-manchester-city,363737.html\" rel=\"nofollow noopener\" target=\"_blank\">e plus insistant<\/a>, m\u00eame si Rayan <strong>Cherki <\/strong>ne veut rien confirmer. Il a simplement d\u00e9voil\u00e9 ce qu&rsquo;il attendait de son futur club. \u00ab\u00a0On doit me parler football. Du football, et encore du football. Tout simplement.\u00a0\u00bb Avec Pep <strong>Guardiola<\/strong>, le num\u00e9ro 18 de l&rsquo;OL devrait \u00eatre servi \u00e0 ce niveau-l\u00e0.<\/p>\n<p>Reste \u00e0 savoir s&rsquo;il aura la caisse pour s&rsquo;adapter au jeu pr\u00f4n\u00e9 en Premier League. \u00c0 l&rsquo; \u00e9couter, c&rsquo;est un faux probl\u00e8me, tout comme son positionnement. \u00ab\u00a0Je suis pr\u00eat pour n&rsquo;importe quel syst\u00e8me. Je travaille tous les jours, physiquement et mentalement, pour \u00eatre pr\u00eat. J&rsquo;essaie surtout de choisir la meilleure option pour moi, pour m&rsquo;\u00e9panouir en tant qu&rsquo;homme et footballeur. Apr\u00e8s, les clubs savent que mon poste pr\u00e9f\u00e9rentiel, c&rsquo;est num\u00e9ro 10, parce que j&rsquo;ai la chance et l&rsquo;aisance technique d&rsquo;avoir les deux pieds. Je peux aller \u00e0 gauche, \u00e0 droite, je peux me retourner, d\u00e9vier, dribbler, passer\u2026 Mais au final, qu&rsquo;est-ce qui compte ? \u00catre sur le terrain.\u00a0\u00bb Un terrain de jeu sur lequel il a donn\u00e9 \u00ab\u00a0du plaisir\u00a0\u00bb comme il aime tant.<\/p>\n","protected":false},"excerpt":{"rendered":"Rayan Cherki (OL) \u00e0 l\u2019\u00e9chauffement (Photo by Olivier CHASSIGNOLE \/ AFP) Convoqu\u00e9 pour la premi\u00e8re fois en \u00e9quipe&hellip;\n","protected":false},"author":2,"featured_media":146865,"comment_status":"","ping_status":"","sticky":false,"template":"","format":"standard","meta":{"footnotes":""},"categories":[1410],"tags":[63,1011,27,1434,241,978,60],"class_list":{"0":"post-146864","1":"post","2":"type-post","3":"status-publish","4":"format-standard","5":"has-post-thumbnail","7":"category-football","8":"tag-football","9":"tag-fr","10":"tag-france","11":"tag-mercato","12":"tag-ol","13":"tag-olympique-lyonnais","14":"tag-sports"},"share_on_mastodon":{"url":"https:\/\/pubeurope.com\/@fr\/114614855536758413","error":""},"_links":{"self":[{"href":"https:\/\/www.europesays.com\/fr\/wp-json\/wp\/v2\/posts\/146864","targetHints":{"allow":["GET"]}}],"collection":[{"href":"https:\/\/www.europesays.com\/fr\/wp-json\/wp\/v2\/posts"}],"about":[{"href":"https:\/\/www.europesays.com\/fr\/wp-json\/wp\/v2\/types\/post"}],"author":[{"embeddable":true,"href":"https:\/\/www.europesays.com\/fr\/wp-json\/wp\/v2\/users\/2"}],"replies":[{"embeddable":true,"href":"https:\/\/www.europesays.com\/fr\/wp-json\/wp\/v2\/comments?post=146864"}],"version-history":[{"count":0,"href":"https:\/\/www.europesays.com\/fr\/wp-json\/wp\/v2\/posts\/146864\/revisions"}],"wp:featuredmedia":[{"embeddable":true,"href":"https:\/\/www.europesays.com\/fr\/wp-json\/wp\/v2\/media\/146865"}],"wp:attachment":[{"href":"https:\/\/www.europesays.com\/fr\/wp-json\/wp\/v2\/media?parent=146864"}],"wp:term":[{"taxonomy":"category","embeddable":true,"href":"https:\/\/www.europesays.com\/fr\/wp-json\/wp\/v2\/categories?post=146864"},{"taxonomy":"post_tag","embeddable":true,"href":"https:\/\/www.europesays.com\/fr\/wp-json\/wp\/v2\/tags?post=146864"}],"curies":[{"name":"wp","href":"https:\/\/api.w.org\/{rel}","templated":true}]}}