{"id":146866,"date":"2025-06-02T17:04:15","date_gmt":"2025-06-02T17:04:15","guid":{"rendered":"https:\/\/www.europesays.com\/fr\/146866\/"},"modified":"2025-06-02T17:04:15","modified_gmt":"2025-06-02T17:04:15","slug":"karine-le-marchand-exprime-sa-deception-a-la-suite-des-audiences-dune-ambition-intime","status":"publish","type":"post","link":"https:\/\/www.europesays.com\/fr\/146866\/","title":{"rendered":"Karine Le Marchand exprime sa d\u00e9ception \u00e0 la suite des audiences d\u2019Une ambition intime"},"content":{"rendered":"<p>Ce lundi 2 juin, Karine Le Marchand a pris le temps de remercier les t\u00e9l\u00e9spectateurs qui ont suivi le nouveau num\u00e9ro d&rsquo;Une ambition intime, son rendez-vous politique diffus\u00e9 la veille en prime time sur M6.<\/p>\n<p>Rendez-vous attendu depuis deux ans, Une ambition intime a finalement r\u00e9v\u00e9l\u00e9 son contenu ce dimanche 1er juin. Diffus\u00e9e en prime sur M6, l&rsquo;\u00e9mission permettait \u00e0 de nouvelles figures politiques de faire tomber le masque face \u00e0 <a href=\"https:\/\/www.programme-tv.net\/biographie\/491-le-marchand-karine\/\" data-link-people=\"92fe2f1d-4ec9-49e7-b10c-4b824cd1c7ea\" target=\"_blank\" rel=\"noopener\">Karine Le Marchand<\/a>. L&rsquo;animatrice \u00e0 l&rsquo;origine de ce programme lanc\u00e9 en 2016 a d\u00e9j\u00e0 eu l&rsquo;occasion de s&rsquo;entretenir <a href=\"https:\/\/www.programme-tv.net\/news\/tv\/94264-nicolas-sarkozy-charmeur-face-a-karine-le-marchand-dans-les-premieres-images-d-ambition-intime-video\/\" data-api-deeplink=\"teleloisirs:\/\/news\/94264\" target=\"_blank\" rel=\"noopener\">avec Nicolas Sarkozy<\/a>, <a href=\"https:\/\/www.programme-tv.net\/news\/tv\/95800-exclu-bruno-le-maire-a-propos-d-une-ambition-intime-m6-humainement-ca-a-ete-une-epreuve\/\" data-api-deeplink=\"teleloisirs:\/\/news\/95800\" target=\"_blank\" rel=\"noopener\">Bruno Le Maire<\/a>, <a href=\"https:\/\/www.programme-tv.net\/news\/tv\/95787-karine-le-marchand-une-ambition-intime-j-ai-dit-a-marine-le-pen-qu-elle-me-faisait-peur\/\" data-api-deeplink=\"teleloisirs:\/\/news\/95787\" target=\"_blank\" rel=\"noopener\">Marine Le Pen<\/a> ou encore<a href=\"https:\/\/www.programme-tv.net\/news\/tv\/286765-rachida-dati-evoque-les-menaces-de-mort-recues-contre-sa-fille-zohra-des-cercueils-des-lettres-anonymes-video\/\" data-api-deeplink=\"teleloisirs:\/\/news\/286765\" target=\"_blank\" rel=\"noopener\"> Rachida Dati<\/a> lors des deux premiers num\u00e9ros. Cette fois-ci, des noms comme <a href=\"https:\/\/www.programme-tv.net\/biographie\/252154-rousseau-sandrine\/\" data-link-people=\"405bc1b1-dce2-419d-b5c3-e8bdcd136ad3\" target=\"_blank\" rel=\"noopener\">Sandrine Rousseau<\/a>, <a href=\"https:\/\/www.programme-tv.net\/biographie\/296918-roussel-fabien\/\" data-link-people=\"1b88fb88-0db0-4f49-9c0f-59121603fd65\" target=\"_blank\" rel=\"noopener\">Fabien Roussel<\/a>, G\u00e9rard Darmanin et <a href=\"https:\/\/www.programme-tv.net\/biographie\/282166-bardella-jordan\/\" data-link-people=\"134fad9e-25e4-4620-8151-0c4abdffa3f1\" target=\"_blank\" rel=\"noopener\">Jordan Bardella<\/a> composaient l&rsquo;affiche.<\/p>\n<p>Karine Le Marchand : quelle audience pour son \u00e9mission Une Ambition intime ce dimanche 1er juin ?<\/p>\n<p>Le nouveau num\u00e9ro qui s&rsquo;int\u00e9ressait \u00e0 la rel\u00e8ve politique de ces derni\u00e8res ann\u00e9es n&rsquo;a pas captiv\u00e9 les Fran\u00e7ais malgr\u00e9 la qualit\u00e9 des portraits. <b>Les interventions de<\/b><a href=\"https:\/\/www.programme-tv.net\/news\/tv\/337832-ca-doit-etre-chiant-votre-vie-vives-tensions-entre-gerald-darmanin-et-jean-michel-aphatie-dans-quotidien-yann-barthes-tente-de-calmer-le-jeu\/\" data-api-deeplink=\"teleloisirs:\/\/news\/337832\" target=\"_blank\" rel=\"noopener\"><b> l&rsquo;actuel ministre de la Justice<\/b><\/a><b> suivie de celle de <\/b><a href=\"https:\/\/www.programme-tv.net\/news\/tv\/380150-cette-douleur-permanente-sandrine-rousseau-victime-d-une-malformation-congenitale-raconte-son-calvaire-a-karine-le-marchand-dans-une-ambition-intime\/\" data-api-deeplink=\"teleloisirs:\/\/news\/380150\" target=\"_blank\" rel=\"noopener\"><b>la d\u00e9put\u00e9e \u00e9cologiste de Paris<\/b><\/a><b> ont captiv\u00e9 1,46 million de t\u00e9l\u00e9spectateurs entre 21h14 et 22h44<\/b>, selon les donn\u00e9es de M\u00e9diam\u00e9trie. Les t\u00e9l\u00e9spectateurs \u00e9taient un peu moins nombreux pour \u00e9couter <a href=\"https:\/\/www.programme-tv.net\/news\/tv\/380035-une-ambition-intime-pourquoi-la-mere-de-jordan-bardella-a-t-elle-le-visage-cache\/\" data-api-deeplink=\"teleloisirs:\/\/news\/380035\" target=\"_blank\" rel=\"noopener\">le pr\u00e9sident du Rassemblement national <\/a>et <a href=\"https:\/\/www.programme-tv.net\/news\/tv\/322352-jai-accompagne-ma-fille-atteinte-dun-cancer-les-confidences-bouleversantes-de-fabien-roussel-dans-20h30-le-dimanche-video\/\" data-api-deeplink=\"teleloisirs:\/\/news\/322352\" target=\"_blank\" rel=\"noopener\">le secr\u00e9taire national du Parti communiste fran\u00e7ais <\/a>un peu plus tard dans la soir\u00e9e avec 1,05 million de couche-tard devant leur poste entre 22h49 et 00h21. Ce lundi 2 juin, la productrice du concept a r\u00e9agi \u00e0 ces chiffres&#8230;<\/p>\n<p>                        Karine Le Marchand r\u00e9agit au score de son programme politique<\/p>\n<p>Dans sa story Instagram, Karine Le Marchand s&rsquo;est adress\u00e9e directement aux internautes pr\u00e9sents la veille devant leur \u00e9cran de t\u00e9l\u00e9vision : \u00ab\u00a0Je vous remercie beaucoup de m&rsquo;avoir suivie, d&rsquo;avoir vraiment <a href=\"https:\/\/www.programme-tv.net\/news\/tv\/378785-une-ambition-intime-familles-maladies-combats-ce-que-vous-allez-apprendre-sur-jordan-bardella-gerald-darmanin-sandrine-rousseau-et-fabien-roussel\/\" data-api-deeplink=\"teleloisirs:\/\/news\/378785\" target=\"_blank\" rel=\"noopener\">d\u00e9couvert avec beaucoup d&rsquo;enthousiasme les quatre personnalit\u00e9s politiques<\/a>, confie-t-elle avant d&rsquo;\u00e9mettre un petit regret. <b>Cela n&rsquo;a pas march\u00e9 comme je l&rsquo;esp\u00e9rais, pour dire la v\u00e9rit\u00e9, \u00e7a a march\u00e9 selon les personnes.<\/b> On s&rsquo;en doutait un petit peu, il y en a deux pour qui \u00e7a a mieux march\u00e9 que les 2 autres personnalit\u00e9s, on le savait mais au final,<b> \u00e7a fait une audience moyenne<\/b>&#8230; Je suis tr\u00e8s contente de cette \u00e9mission, j&rsquo;en suis vraiment extr\u00eamement fi\u00e8re\u00a0\u00bb. Son but premier \u00e9tant de faire \u00ab\u00a0d\u00e9couvrir des personnes loin des clich\u00e9s avec beaucoup de bienveillance\u00a0\u00bb.<\/p>\n","protected":false},"excerpt":{"rendered":"Ce lundi 2 juin, Karine Le Marchand a pris le temps de remercier les t\u00e9l\u00e9spectateurs qui ont suivi&hellip;\n","protected":false},"author":2,"featured_media":146867,"comment_status":"","ping_status":"","sticky":false,"template":"","format":"standard","meta":{"footnotes":""},"categories":[1359],"tags":[58,59,1011,27,973,23801],"class_list":{"0":"post-146866","1":"post","2":"type-post","3":"status-publish","4":"format-standard","5":"has-post-thumbnail","7":"category-people","8":"tag-divertissement","9":"tag-entertainment","10":"tag-fr","11":"tag-france","12":"tag-people","13":"tag-une-ambition-intime"},"share_on_mastodon":{"url":"https:\/\/pubeurope.com\/@fr\/114614859484367256","error":""},"_links":{"self":[{"href":"https:\/\/www.europesays.com\/fr\/wp-json\/wp\/v2\/posts\/146866","targetHints":{"allow":["GET"]}}],"collection":[{"href":"https:\/\/www.europesays.com\/fr\/wp-json\/wp\/v2\/posts"}],"about":[{"href":"https:\/\/www.europesays.com\/fr\/wp-json\/wp\/v2\/types\/post"}],"author":[{"embeddable":true,"href":"https:\/\/www.europesays.com\/fr\/wp-json\/wp\/v2\/users\/2"}],"replies":[{"embeddable":true,"href":"https:\/\/www.europesays.com\/fr\/wp-json\/wp\/v2\/comments?post=146866"}],"version-history":[{"count":0,"href":"https:\/\/www.europesays.com\/fr\/wp-json\/wp\/v2\/posts\/146866\/revisions"}],"wp:featuredmedia":[{"embeddable":true,"href":"https:\/\/www.europesays.com\/fr\/wp-json\/wp\/v2\/media\/146867"}],"wp:attachment":[{"href":"https:\/\/www.europesays.com\/fr\/wp-json\/wp\/v2\/media?parent=146866"}],"wp:term":[{"taxonomy":"category","embeddable":true,"href":"https:\/\/www.europesays.com\/fr\/wp-json\/wp\/v2\/categories?post=146866"},{"taxonomy":"post_tag","embeddable":true,"href":"https:\/\/www.europesays.com\/fr\/wp-json\/wp\/v2\/tags?post=146866"}],"curies":[{"name":"wp","href":"https:\/\/api.w.org\/{rel}","templated":true}]}}