{"id":146881,"date":"2025-06-02T17:12:09","date_gmt":"2025-06-02T17:12:09","guid":{"rendered":"https:\/\/www.europesays.com\/fr\/146881\/"},"modified":"2025-06-02T17:12:09","modified_gmt":"2025-06-02T17:12:09","slug":"la-gaffe-ultime-au-bureau","status":"publish","type":"post","link":"https:\/\/www.europesays.com\/fr\/146881\/","title":{"rendered":"la gaffe ultime au bureau"},"content":{"rendered":"<p><strong>CHRONIQUE &#8211;<\/strong> Les nombreux canaux de communication digitaux multiplient les risques de b\u00e9vues &#8211; tant\u00f4t regrettables, tant\u00f4t croquignolesques. Exemples.<\/p>\n<p class=\"fig-paragraph\">La liste des bavures ou m\u00e9prises\u00a0<a href=\"http:\/\/www.lefigaro.fr\/decideurs\/vie-bureau\/vous-avez-un-nouveau-job-voici-les-gaffes-a-eviter-absolument-20211220\" target=\"_blank\" data-fig-type=\"Article\" rel=\"noopener nofollow\" data-gtm-custom-categorie=\"navigation\" data-gtm-custom-action=\"crossclick\" data-gtm-custom-label=\"Contextuel\" data-gtm-event=\"customEventSPE\" data-fig-domain=\"LEFIGARO\">qu\u2019il est possible de faire chaque jour au bureau est longue<\/a>. En r\u00e9alit\u00e9, elle est m\u00eame infinie\u00a0: \u00e9tourderies diverses, gaffes en r\u00e9union, intelligence de situation plus que douteuse&#8230; En la mati\u00e8re,\u00a0<a href=\"http:\/\/emploi.lefigaro.fr\/vie-bureau\/cela-sonne-et-vibre-de-partout-pourquoi-la-communication-multicanale-gache-nos-vies-20231002\" target=\"_blank\" data-fig-type=\"Article\" rel=\"noopener nofollow\" data-gtm-custom-categorie=\"navigation\" data-gtm-custom-action=\"crossclick\" data-gtm-custom-label=\"Contextuel\" data-gtm-event=\"customEventSPE\" data-fig-domain=\"EMPLOI\">la multiplication des canaux de communication<\/a>\u00a0&#8211; Microsoft Teams, WhatsApp, Slack, et cetera &#8211; a multipli\u00e9 les chances de faire une bourde num\u00e9rique\u00a0! Qui n\u2019a jamais assist\u00e9, mi-constern\u00e9, mi-amus\u00e9 \u00e0 des \u00e9changes par mails lunaires entre coll\u00e8gues avec la fameuse fonction \u00abr\u00e9pondre \u00e0 tous\u00bb\u00a0? D\u2019ailleurs, qui n\u2019a jamais maudit cette fonction, au m\u00eame titre que les groupes WhatsApp, les notifications en rafales, et mille autres pratiques chronophages qui mettent sans rel\u00e2che nos nerfs \u00e0 l\u2019\u00e9preuve\u00a0?<\/p>\n<p>Honte absolue et disgr\u00e2ce<\/p>\n<p class=\"fig-paragraph\">Il arrive fr\u00e9quemment que l\u2019on se perde dans ces diff\u00e9rents canaux de communications. Que l\u2019on s\u2019y noie parfois &#8211; tant cette grande jungle d\u2019\u00e9changes num\u00e9riques illustre parfaitement la suppression de la fronti\u00e8re entre la vie professionnelle et la\u2026<\/p>\n<p class=\"fig-premium-paywall__infos\">\n        Cet article est r\u00e9serv\u00e9 aux abonn\u00e9s.        Il vous reste 78% \u00e0 d\u00e9couvrir.\n    <\/p>\n<p>                <img  data- alt=\"Le Figaro\" class=\"fig-img--complete fig-img\"\/><\/p>\n<p class=\"fig-premium-paywall__title\">Vente Flash<\/p>\n<p class=\"fig-premium-paywall__subtitle\">4,99\u20ac par mois pendant 12 mois. Sans engagement.<\/p>\n<p class=\"fig-premium-paywall__connect\">\n                D\u00e9j\u00e0 abonn\u00e9\u00a0?                <a class=\"fig-premium-paywall__connect-link\" href=\"https:\/\/connect.lefigaro.fr\/login?client=horizon_web&amp;type=main&amp;redirect_uri=https%3A%2F%2Fwww.lefigaro.fr%2Fdecideurs%2Fmanagement%2Fj-ai-ecrit-des-horreurs-sur-ma-boss-et-les-ai-envoyees-a-ma-boss-la-gaffe-ultime-au-bureau-20250602\" data-js-gtm=\"{&quot;customCategorie&quot;: &quot;conversion&quot;, &quot;customAction&quot;: &quot;before_Landing_Connexion_paywall_auto&quot;, &quot;customLabel&quot;: &quot;bGVmaWdhcm8uZnJfXzFmMDNmOGE3LWMzMDMtNjdlYy1hMTY5LWQxNDBhOGNmOGNjYV9fQXJ0aWNsZQ==_\u00abJ\u2019ai \u00e9crit des horreurs sur ma boss et les ai envoy\u00e9es... \u00e0 ma boss\u00bb\u00a0: la gaffe ultime au bureau_247&quot;, &quot;customIDSPE&quot;: &quot;bGVmaWdhcm8uZnJfXzFmMDNmOGE3LWMzMDMtNjdlYy1hMTY5LWQxNDBhOGNmOGNjYV9fQXJ0aWNsZQ==&quot;, &quot;event&quot;: &quot;customEventSPE&quot;}\" rel=\"nofollow noopener\" target=\"_blank\"><br \/>\n                    Connectez-vous<br \/>\n                <\/a>\n            <\/p>\n","protected":false},"excerpt":{"rendered":"CHRONIQUE &#8211; Les nombreux canaux de communication digitaux multiplient les risques de b\u00e9vues &#8211; tant\u00f4t regrettables, tant\u00f4t croquignolesques.&hellip;\n","protected":false},"author":2,"featured_media":146882,"comment_status":"","ping_status":"","sticky":false,"template":"","format":"standard","meta":{"footnotes":""},"categories":[8],"tags":[15272,15279,15280,15275,15278,58,15059,341,59,15273,15271,1011,27,8329,15277,8657,15276,7099,801,15274,21736],"class_list":{"0":"post-146881","1":"post","2":"type-post","3":"status-publish","4":"format-standard","5":"has-post-thumbnail","7":"category-divertissement","8":"tag-actualite-entreprise","9":"tag-autoentreprise","10":"tag-creation-entreprise","11":"tag-creer-entreprise","12":"tag-creer-entreprises","13":"tag-divertissement","14":"tag-droit-du-travail","15":"tag-emploi","16":"tag-entertainment","17":"tag-entrepreneur","18":"tag-entrepreneurs","19":"tag-fr","20":"tag-france","21":"tag-gestion-entreprise","22":"tag-gestion-societe","23":"tag-management","24":"tag-manager-les-hommes","25":"tag-recrutement","26":"tag-social","27":"tag-startups","28":"tag-vie-de-bureau"},"share_on_mastodon":{"url":"https:\/\/pubeurope.com\/@fr\/114614890906289093","error":""},"_links":{"self":[{"href":"https:\/\/www.europesays.com\/fr\/wp-json\/wp\/v2\/posts\/146881","targetHints":{"allow":["GET"]}}],"collection":[{"href":"https:\/\/www.europesays.com\/fr\/wp-json\/wp\/v2\/posts"}],"about":[{"href":"https:\/\/www.europesays.com\/fr\/wp-json\/wp\/v2\/types\/post"}],"author":[{"embeddable":true,"href":"https:\/\/www.europesays.com\/fr\/wp-json\/wp\/v2\/users\/2"}],"replies":[{"embeddable":true,"href":"https:\/\/www.europesays.com\/fr\/wp-json\/wp\/v2\/comments?post=146881"}],"version-history":[{"count":0,"href":"https:\/\/www.europesays.com\/fr\/wp-json\/wp\/v2\/posts\/146881\/revisions"}],"wp:featuredmedia":[{"embeddable":true,"href":"https:\/\/www.europesays.com\/fr\/wp-json\/wp\/v2\/media\/146882"}],"wp:attachment":[{"href":"https:\/\/www.europesays.com\/fr\/wp-json\/wp\/v2\/media?parent=146881"}],"wp:term":[{"taxonomy":"category","embeddable":true,"href":"https:\/\/www.europesays.com\/fr\/wp-json\/wp\/v2\/categories?post=146881"},{"taxonomy":"post_tag","embeddable":true,"href":"https:\/\/www.europesays.com\/fr\/wp-json\/wp\/v2\/tags?post=146881"}],"curies":[{"name":"wp","href":"https:\/\/api.w.org\/{rel}","templated":true}]}}