{"id":146893,"date":"2025-06-02T17:18:21","date_gmt":"2025-06-02T17:18:21","guid":{"rendered":"https:\/\/www.europesays.com\/fr\/146893\/"},"modified":"2025-06-02T17:18:21","modified_gmt":"2025-06-02T17:18:21","slug":"barbecue-vs-brasero-chicandier-remet-le-couvert-avec-un-nouveau-concours-dans-la-loire","status":"publish","type":"post","link":"https:\/\/www.europesays.com\/fr\/146893\/","title":{"rendered":"Barbecue vs brasero ? Chicandier remet le couvert avec un nouveau concours dans la Loire"},"content":{"rendered":"<p>Apr\u00e8s la plus grande raclette du monde \u00e0 Saint-\u00c9tienne, l&rsquo;humoriste st\u00e9phanois Jason Chicandier revient avec un nouveau concept, samedi 14 juin, \u00e0 Bellegarde-en-Forez : un concours entre barbecue et brasero !<\/p>\n<p>Quand il s&rsquo;agit de se r\u00e9galer et de partager, ce n&rsquo;est pas le dernier.<\/p>\n<p><b>Jason Chicandier<\/b> se lance un nouveau d\u00e9fi dans la Loire. Apr\u00e8s avoir battu <a class=\"url\" href=\"https:\/\/www.radioscoop.com\/infos.php?id=297347&amp;z=search\" target=\"_blank\" rel=\"noopener\">le record de la plus grande raclette du monde \u00e0 Saint-\u00c9tienne<\/a>, l&rsquo;humoriste st\u00e9phanois organise cette fois un concours inattendu. Un duel <b>entre barbecue et brasero<\/b>.<\/p>\n<p>\u00ab\u00a0J&rsquo;avais particip\u00e9 \u00e0 un grand rassemblement qui a lieu chaque ann\u00e9e pr\u00e8s de Paris : le salon du barbecue et du brasero, confie-t-il. J&rsquo;avais \u00e9t\u00e9 fascin\u00e9, il y a vraiment deux \u00e9quipes distinctes. Et on s&rsquo;est dit qu&rsquo;organiser le premier concours entre les deux pouvait \u00eatre marrant\u00a0\u00bb.<\/p>\n<p>\u00ab\u00a0Partager un grand moment convivial\u00a0\u00bb<\/p>\n<p>Le rendez-vous est fix\u00e9 au <b>samedi 14 juin<\/b>, au stade de <b>Bellegarde-en-Forez<\/b>. Un \u00e9v\u00e9nement coorganis\u00e9 avec le club de Bellegarde Sports, Bellegarde en F\u00eate et l&rsquo;Agence Co\u00efncidence.<\/p>\n<p>\u00ab\u00a0Un stade de foot, \u00e7a s&rsquo;y pr\u00eate bien, ajoute Chicandier. Bellegarde, c&rsquo;est tr\u00e8s sympa, avec la vue sur le ch\u00e2teau. Et on s&rsquo;est dit que \u00e7a pouvait \u00eatre clairement l&rsquo;occasion de partager un grand moment convivial\u00a0\u00bb.<\/p>\n<p>Au total, entre curieux, passionn\u00e9s et professionnels,\u00a0<b>plus de 700 personnes<\/b> sont attendues pour l&rsquo;occasion. Comptez <a class=\"url\" href=\"https:\/\/yp.events\/fb56166b-e385-45e8-b345-e832830f733f\/BBQ-VS-BRASERO\/ticketing\" target=\"_blank\" rel=\"noopener\">39 euros pour la journ\u00e9e<\/a>, le repas et les diff\u00e9rentes animations propos\u00e9es.\u00a0<\/p>\n<p>Un jury sera m\u00eame pr\u00e9sent pour r\u00e9pondre \u00e0 LA question : quelle est la meilleure m\u00e9thode de cuisson ?<\/p>\n<p>\u00c0 noter que tous les b\u00e9n\u00e9fices de l&rsquo;\u00e9v\u00e9nement seront <b>revers\u00e9s \u00e0 plusieurs associations<\/b>, notamment Le R\u00eave de Camille et DNA (Dr\u00f4le de Nom pour une Association). Les restes, eux, seront donn\u00e9s aux <b>Restos du C\u0153ur<\/b>.<\/p>\n<p><img loading=\"lazy\" decoding=\"async\" src=\"https:\/\/www.europesays.com\/fr\/wp-content\/uploads\/2025\/06\/1748884701_800_img\" width=\"350\" height=\"200\" border=\"0\" title=\"Jason Chicandier au micro de Radio SCOOP.\"\/><\/p>\n<p>\u25baSoci\u00e9t\u00e9<\/p>\n<p style=\"font-size: 22px;\"><b>[VIDEO] Revivez la raclette g\u00e9ante de Jason Chicandier dans le Rh\u00f4ne<\/b><\/p>\n<p>La raclette g\u00e9ante de Jason Chicandier a attir\u00e9&#8230;<\/p>\n<p><\/p>\n","protected":false},"excerpt":{"rendered":"Apr\u00e8s la plus grande raclette du monde \u00e0 Saint-\u00c9tienne, l&rsquo;humoriste st\u00e9phanois Jason Chicandier revient avec un nouveau concept,&hellip;\n","protected":false},"author":2,"featured_media":146894,"comment_status":"","ping_status":"","sticky":false,"template":"","format":"standard","meta":{"footnotes":""},"categories":[9653],"tags":[1111,11,2430,27588,27591,27589,27590,903,1777,674,1011,27,3367,12,25,4001],"class_list":{"0":"post-146893","1":"post","2":"type-post","3":"status-publish","4":"format-standard","5":"has-post-thumbnail","7":"category-saint-etienne","8":"tag-actu","9":"tag-actualites","10":"tag-auvergne-rhone-alpes","11":"tag-barbecue","12":"tag-bellegarde-en-forez","13":"tag-brasero","14":"tag-chicandier","15":"tag-concours","16":"tag-eu","17":"tag-europe","18":"tag-fr","19":"tag-france","20":"tag-loire","21":"tag-news","22":"tag-republique-francaise","23":"tag-saint-etienne"},"share_on_mastodon":{"url":"https:\/\/pubeurope.com\/@fr\/114614914570514880","error":""},"_links":{"self":[{"href":"https:\/\/www.europesays.com\/fr\/wp-json\/wp\/v2\/posts\/146893","targetHints":{"allow":["GET"]}}],"collection":[{"href":"https:\/\/www.europesays.com\/fr\/wp-json\/wp\/v2\/posts"}],"about":[{"href":"https:\/\/www.europesays.com\/fr\/wp-json\/wp\/v2\/types\/post"}],"author":[{"embeddable":true,"href":"https:\/\/www.europesays.com\/fr\/wp-json\/wp\/v2\/users\/2"}],"replies":[{"embeddable":true,"href":"https:\/\/www.europesays.com\/fr\/wp-json\/wp\/v2\/comments?post=146893"}],"version-history":[{"count":0,"href":"https:\/\/www.europesays.com\/fr\/wp-json\/wp\/v2\/posts\/146893\/revisions"}],"wp:featuredmedia":[{"embeddable":true,"href":"https:\/\/www.europesays.com\/fr\/wp-json\/wp\/v2\/media\/146894"}],"wp:attachment":[{"href":"https:\/\/www.europesays.com\/fr\/wp-json\/wp\/v2\/media?parent=146893"}],"wp:term":[{"taxonomy":"category","embeddable":true,"href":"https:\/\/www.europesays.com\/fr\/wp-json\/wp\/v2\/categories?post=146893"},{"taxonomy":"post_tag","embeddable":true,"href":"https:\/\/www.europesays.com\/fr\/wp-json\/wp\/v2\/tags?post=146893"}],"curies":[{"name":"wp","href":"https:\/\/api.w.org\/{rel}","templated":true}]}}