{"id":146897,"date":"2025-06-02T17:20:11","date_gmt":"2025-06-02T17:20:11","guid":{"rendered":"https:\/\/www.europesays.com\/fr\/146897\/"},"modified":"2025-06-02T17:20:11","modified_gmt":"2025-06-02T17:20:11","slug":"nancy-la-parenthese-deuxieme-plus-ancienne-librairie-bd-de-france-en-lice-pour-le-prix-du-libraire-de-lannee","status":"publish","type":"post","link":"https:\/\/www.europesays.com\/fr\/146897\/","title":{"rendered":"Nancy. La Parenth\u00e8se, deuxi\u00e8me plus ancienne librairie BD de France, en lice pour le prix du Libraire de l\u2019ann\u00e9e"},"content":{"rendered":"<p>Leurs lecteurs de pr\u00e9dilection, ce sont les albums BD, soit. Mais ce sont les pages d\u2019une revue qui viennent de leur r\u00e9server une bonne surprise. Livre Hebdo, pour \u00eatre pr\u00e9cis, o\u00f9 est annonc\u00e9 que tous deux, respectivement g\u00e9rant et directeur de <a href=\"https:\/\/www.estrepublicain.fr\/culture-loisirs\/2024\/11\/06\/deuxieme-plus-ancienne-librairie-bd-de-france-la-parenthese-fete-ses-50-ans\" target=\"_blank\" rel=\"noopener\">La Parenth\u00e8se<\/a> , figurent parmi les candidats au Prix du Libraire de l\u2019ann\u00e9e.<\/p>\n<p>On est d\u2019accord, cette pr\u00e9s\u00e9lection ne&#8230;<\/p>\n","protected":false},"excerpt":{"rendered":"Leurs lecteurs de pr\u00e9dilection, ce sont les albums BD, soit. Mais ce sont les pages d\u2019une revue qui&hellip;\n","protected":false},"author":2,"featured_media":146898,"comment_status":"","ping_status":"","sticky":false,"template":"","format":"standard","meta":{"footnotes":""},"categories":[9635],"tags":[1111,11,4406,1687,33,1704,1777,674,1011,27,775,2410,1702,1703,12,25],"class_list":{"0":"post-146897","1":"post","2":"type-post","3":"status-publish","4":"format-standard","5":"has-post-thumbnail","7":"category-nancy","8":"tag-actu","9":"tag-actualites","10":"tag-commerce-et-services","11":"tag-culture-loisirs","12":"tag-economie","13":"tag-edition-nancy-et-agglomeration","14":"tag-eu","15":"tag-europe","16":"tag-fr","17":"tag-france","18":"tag-grand-est","19":"tag-livres-bd","20":"tag-nancy","21":"tag-nancy-ville-54b","22":"tag-news","23":"tag-republique-francaise"},"share_on_mastodon":{"url":"https:\/\/pubeurope.com\/@fr\/114614922343299778","error":""},"_links":{"self":[{"href":"https:\/\/www.europesays.com\/fr\/wp-json\/wp\/v2\/posts\/146897","targetHints":{"allow":["GET"]}}],"collection":[{"href":"https:\/\/www.europesays.com\/fr\/wp-json\/wp\/v2\/posts"}],"about":[{"href":"https:\/\/www.europesays.com\/fr\/wp-json\/wp\/v2\/types\/post"}],"author":[{"embeddable":true,"href":"https:\/\/www.europesays.com\/fr\/wp-json\/wp\/v2\/users\/2"}],"replies":[{"embeddable":true,"href":"https:\/\/www.europesays.com\/fr\/wp-json\/wp\/v2\/comments?post=146897"}],"version-history":[{"count":0,"href":"https:\/\/www.europesays.com\/fr\/wp-json\/wp\/v2\/posts\/146897\/revisions"}],"wp:featuredmedia":[{"embeddable":true,"href":"https:\/\/www.europesays.com\/fr\/wp-json\/wp\/v2\/media\/146898"}],"wp:attachment":[{"href":"https:\/\/www.europesays.com\/fr\/wp-json\/wp\/v2\/media?parent=146897"}],"wp:term":[{"taxonomy":"category","embeddable":true,"href":"https:\/\/www.europesays.com\/fr\/wp-json\/wp\/v2\/categories?post=146897"},{"taxonomy":"post_tag","embeddable":true,"href":"https:\/\/www.europesays.com\/fr\/wp-json\/wp\/v2\/tags?post=146897"}],"curies":[{"name":"wp","href":"https:\/\/api.w.org\/{rel}","templated":true}]}}