{"id":146900,"date":"2025-06-02T17:22:11","date_gmt":"2025-06-02T17:22:11","guid":{"rendered":"https:\/\/www.europesays.com\/fr\/146900\/"},"modified":"2025-06-02T17:22:11","modified_gmt":"2025-06-02T17:22:11","slug":"dj-mosimann-benny-benassi-joris-delacroix-lazur-music-festival-a-la-crau-devoile-sa-prestigieuse-affiche","status":"publish","type":"post","link":"https:\/\/www.europesays.com\/fr\/146900\/","title":{"rendered":"DJ Mosimann, Benny Benassi, Joris Delacroix&#8230; L\u2019Azur Music Festival \u00e0 La Crau d\u00e9voile sa prestigieuse affiche"},"content":{"rendered":"<p>Le Parc du B\u00e9al \u00e0 La Crau s\u2019appr\u00eate \u00e0 vibrer les <strong>vendredi 18 et samedi 19 juillet prochains pour la 3e \u00e9dition de l\u2019Azur Music Festival<\/strong>. L\u2019affiche officielle de cet \u00e9v\u00e9nement d\u00e9sormais tr\u00e8s attendu a \u00e9t\u00e9 r\u00e9v\u00e9l\u00e9e, promettant deux soir\u00e9es m\u00e9morables avec une programmation \u00e9clectique de haute vol\u00e9e.<\/p>\n<p>Parmi les artistes annonc\u00e9s, <strong>le DJ et producteur Mosimann<\/strong>, dont les racines sont ancr\u00e9es dans la r\u00e9gion et qui a remport\u00e9 la saison 7 de la Star Academy, fera un retour remarqu\u00e9 sur ses terres en se produisant le vendredi soir.<\/p>\n<p>Ambiance \u00ab\u00a0Wonderland\u00a0\u00bb<\/p>\n<p>Pour cette troisi\u00e8me \u00e9dition, le festival voit aussi l\u2019arriv\u00e9e d\u2019une deuxi\u00e8me sc\u00e8ne, une nouveaut\u00e9 excitante dont la programmation a \u00e9t\u00e9 confi\u00e9e \u00e0 <strong>Yadegun<\/strong>. Les festivaliers pourront ainsi explorer des sonorit\u00e9s afro house, \u00e9lectro et techno dans une ambiance \u00ab\u00a0Wonderland\u00a0\u00bb sp\u00e9cialement con\u00e7ue pour l\u2019occasion.<\/p>\n<p>Parmi les autres noms qui feront vibrer le parc du B\u00e9al, on retrouve des figures de la sc\u00e8ne \u00e9lectronique telles que <strong>Benny Benassi, Joris Delacroix, Mozambo, Kristin Velvet, Nathalie Duch\u00eane<\/strong> et le <strong>duo Breakbot &amp; Irfane.<\/strong><\/p>\n<p>\u00a0<\/p>\n<p>                                Au profit de deux associations <\/p>\n<p>L\u2019Azur Music Festival porte en son c\u0153ur un engagement caritatif fort. L\u2019int\u00e9gralit\u00e9 des b\u00e9n\u00e9fices de ces deux soir\u00e9es sera revers\u00e9e \u00e0 deux associations : Une vie de ouf, et le groupe Umane.<\/p>\n<p>Une Vie de ouf est une association d\u00e9di\u00e9e \u00e0 la r\u00e9alisation des r\u00eaves d\u2019enfants malade. L\u2019Azur Music Festival est n\u00e9 de la volont\u00e9 de l\u2019association de trouver de nouvelles sources de financement pour continuer cette mission essentielle. <strong>Le groupe Umane<\/strong>, un collectif d\u2019acteurs engag\u00e9s dans l\u2019accompagnement des personnes en situation de fragilit\u00e9, est \u00e9galement un b\u00e9n\u00e9ficiaire des fonds r\u00e9colt\u00e9s, qui ont notamment contribu\u00e9 \u00e0 un projet d\u2019habitat inclusif \u00e0 La Crau.<\/p>\n<p><strong>Christian Simon<\/strong>, maire de La Crau, a salu\u00e9 l\u2019\u00e9nergie et l\u2019esprit de cet \u00e9v\u00e9nement qui anime la ville et s\u2019adresse particuli\u00e8rement \u00e0 la jeunesse. Il a soulign\u00e9 l\u2019importance du soutien des b\u00e9n\u00e9voles et des partenaires pour la r\u00e9ussite de cette initiative.<\/p>\n<p>Les festivit\u00e9s ne s\u2019arr\u00eateront pas l\u00e0! Les organisateurs ont \u00e9galement annonc\u00e9 le <a href=\"https:\/\/www.varmatin.com\/detente\/on-veut-mettre-le-feu-avec-le-fire-summer-festival-le-bal-des-pompiers-s-offre-une-belle-cure-de-jouvence-cet-ete-a-la-crau-988027\" target=\"_blank\" rel=\"noopener\"><strong>Fire Summer Festival<\/strong>, en collaboration avec les sapeurs-pompiers d\u2019Hy\u00e8res<\/a>, qui se tiendra le jeudi 28 ao\u00fbt au parc du B\u00e9al. Au programme: musique, animations, food trucks et une ambiance conviviale, avec une partie des b\u00e9n\u00e9fices \u00e9galement destin\u00e9e \u00e0 Une Vie de ouf.<\/p>\n","protected":false},"excerpt":{"rendered":"Le Parc du B\u00e9al \u00e0 La Crau s\u2019appr\u00eate \u00e0 vibrer les vendredi 18 et samedi 19 juillet prochains&hellip;\n","protected":false},"author":2,"featured_media":146901,"comment_status":"","ping_status":"","sticky":false,"template":"","format":"standard","meta":{"footnotes":""},"categories":[9619],"tags":[1111,11,4156,251,1777,674,1011,27,12,882,25,2310],"class_list":{"0":"post-146900","1":"post","2":"type-post","3":"status-publish","4":"format-standard","5":"has-post-thumbnail","7":"category-toulon","8":"tag-actu","9":"tag-actualites","10":"tag-concerts","11":"tag-culture","12":"tag-eu","13":"tag-europe","14":"tag-fr","15":"tag-france","16":"tag-news","17":"tag-provence-alpes-cote-dazur","18":"tag-republique-francaise","19":"tag-toulon"},"share_on_mastodon":{"url":"https:\/\/pubeurope.com\/@fr\/114614930166224250","error":""},"_links":{"self":[{"href":"https:\/\/www.europesays.com\/fr\/wp-json\/wp\/v2\/posts\/146900","targetHints":{"allow":["GET"]}}],"collection":[{"href":"https:\/\/www.europesays.com\/fr\/wp-json\/wp\/v2\/posts"}],"about":[{"href":"https:\/\/www.europesays.com\/fr\/wp-json\/wp\/v2\/types\/post"}],"author":[{"embeddable":true,"href":"https:\/\/www.europesays.com\/fr\/wp-json\/wp\/v2\/users\/2"}],"replies":[{"embeddable":true,"href":"https:\/\/www.europesays.com\/fr\/wp-json\/wp\/v2\/comments?post=146900"}],"version-history":[{"count":0,"href":"https:\/\/www.europesays.com\/fr\/wp-json\/wp\/v2\/posts\/146900\/revisions"}],"wp:featuredmedia":[{"embeddable":true,"href":"https:\/\/www.europesays.com\/fr\/wp-json\/wp\/v2\/media\/146901"}],"wp:attachment":[{"href":"https:\/\/www.europesays.com\/fr\/wp-json\/wp\/v2\/media?parent=146900"}],"wp:term":[{"taxonomy":"category","embeddable":true,"href":"https:\/\/www.europesays.com\/fr\/wp-json\/wp\/v2\/categories?post=146900"},{"taxonomy":"post_tag","embeddable":true,"href":"https:\/\/www.europesays.com\/fr\/wp-json\/wp\/v2\/tags?post=146900"}],"curies":[{"name":"wp","href":"https:\/\/api.w.org\/{rel}","templated":true}]}}