{"id":146906,"date":"2025-06-02T17:25:12","date_gmt":"2025-06-02T17:25:12","guid":{"rendered":"https:\/\/www.europesays.com\/fr\/146906\/"},"modified":"2025-06-02T17:25:12","modified_gmt":"2025-06-02T17:25:12","slug":"interpellation-aux-alentours-du-fise-une-importante-quantite-de-drogue-saisie","status":"publish","type":"post","link":"https:\/\/www.europesays.com\/fr\/146906\/","title":{"rendered":"interpellation aux alentours du FISE, une importante quantit\u00e9 de drogue saisie"},"content":{"rendered":"<p>\n\t\t\t\t\tEn marge du FISE, dans le cadre d&rsquo;une surveillance polici\u00e8re renforc\u00e9e, un individu a \u00e9t\u00e9 interpell\u00e9 notamment avec une importante quantit\u00e9 de drogue.\t\t\t\t<\/p>\n<p>\n\t\t\t\t\t\t\t\t\t\u00a9 Police Municipale de Montpellier \u2013 photo d\u2019illustration.\t\t\t\t\t\t\t\t<\/p>\n<p>\t\t\t\t\t<a data-no-instant=\"1\" href=\"https:\/\/gard.fr\" rel=\"noopener nofollow\" class=\"a2t-link\" aria-label=\"001-image\" target=\"_blank\"><img decoding=\"async\" src=\"https:\/\/www.europesays.com\/fr\/wp-content\/uploads\/2025\/06\/001-image.jpeg\" alt=\"\"  \/><\/a><\/p>\n<p>Ce week-end, un \u00e9quipage du <strong>Groupe de Soutien Op\u00e9rationnel<\/strong> (GSO) a proc\u00e9d\u00e9 \u00e0 l\u2019interpellation d\u2019un individu en marge du Festival International des Sports Extr\u00eames (FISE), \u00e0 <a href=\"https:\/\/infoccitanie.fr\/tag\/montpellier\/\" rel=\"nofollow noopener\" target=\"_blank\">Montpellier<\/a>. En effet, selon les informations communiqu\u00e9es par <a href=\"https:\/\/www.facebook.com\/PMMontpellier\" target=\"_blank\" rel=\"nofollow noopener\">la Police Municipale de Montpellier<\/a>, ce dernier circulait en scooter sur les quais du Verdanson.<\/p>\n<p>Un individu arr\u00eat\u00e9 avec plus de 700 euros et une grande quantit\u00e9 de drogue<\/p>\n<p>Lors du contr\u00f4le, les forces de l\u2019ordre ont d\u00e9couvert <strong>plus de 700\u20ac en esp\u00e8ces <\/strong>ainsi qu\u2019une <strong>quantit\u00e9 significative de produits stup\u00e9fiants<\/strong> comprenant du <strong>LSD<\/strong>, de la <strong>coca\u00efne<\/strong> et du <strong>cannabis<\/strong>, estim\u00e9e \u00e0 environ 800\u20ac.<\/p>\n<p>Cette op\u00e9ration s\u2019inscrit dans un <strong>contexte de surveillance accrue<\/strong> pendant le FISE. Cette interpellation marque une premi\u00e8re dans le cadre de la coop\u00e9ration renforc\u00e9e entre la Police Nationale et le GSO. Selon les officiers de police judiciaire de la Police Nationale, l\u2019arrestation s\u2019inscrit dans le cadre de leur <strong>mission de s\u00e9curit\u00e9 renforc\u00e9e<\/strong> pendant de grands \u00e9v\u00e8nements, ici le FISE. C\u2019est dans ce cadre que les autorit\u00e9s renforcent leur vigilance.<\/p>\n<p><a data-no-instant=\"1\" href=\"https:\/\/festivaldenimes.com\/\" rel=\"noopener nofollow\" class=\"a2t-link\" aria-label=\"013-image\" target=\"_blank\"><img decoding=\"async\" src=\"https:\/\/www.europesays.com\/fr\/wp-content\/uploads\/2025\/06\/013-image.jpeg\" alt=\"\"  \/><\/a>\t\t\t\t<\/p>\n","protected":false},"excerpt":{"rendered":"En marge du FISE, dans le cadre d&rsquo;une surveillance polici\u00e8re renforc\u00e9e, un individu a \u00e9t\u00e9 interpell\u00e9 notamment avec&hellip;\n","protected":false},"author":2,"featured_media":146907,"comment_status":"","ping_status":"","sticky":false,"template":"","format":"standard","meta":{"footnotes":""},"categories":[9599],"tags":[1111,11,1052,1777,674,1011,27,2208,12,2680,25],"class_list":{"0":"post-146906","1":"post","2":"type-post","3":"status-publish","4":"format-standard","5":"has-post-thumbnail","7":"category-montpellier","8":"tag-actu","9":"tag-actualites","10":"tag-drogue","11":"tag-eu","12":"tag-europe","13":"tag-fr","14":"tag-france","15":"tag-montpellier","16":"tag-news","17":"tag-occitanie","18":"tag-republique-francaise"},"share_on_mastodon":{"url":"https:\/\/pubeurope.com\/@fr\/114614942120547035","error":""},"_links":{"self":[{"href":"https:\/\/www.europesays.com\/fr\/wp-json\/wp\/v2\/posts\/146906","targetHints":{"allow":["GET"]}}],"collection":[{"href":"https:\/\/www.europesays.com\/fr\/wp-json\/wp\/v2\/posts"}],"about":[{"href":"https:\/\/www.europesays.com\/fr\/wp-json\/wp\/v2\/types\/post"}],"author":[{"embeddable":true,"href":"https:\/\/www.europesays.com\/fr\/wp-json\/wp\/v2\/users\/2"}],"replies":[{"embeddable":true,"href":"https:\/\/www.europesays.com\/fr\/wp-json\/wp\/v2\/comments?post=146906"}],"version-history":[{"count":0,"href":"https:\/\/www.europesays.com\/fr\/wp-json\/wp\/v2\/posts\/146906\/revisions"}],"wp:featuredmedia":[{"embeddable":true,"href":"https:\/\/www.europesays.com\/fr\/wp-json\/wp\/v2\/media\/146907"}],"wp:attachment":[{"href":"https:\/\/www.europesays.com\/fr\/wp-json\/wp\/v2\/media?parent=146906"}],"wp:term":[{"taxonomy":"category","embeddable":true,"href":"https:\/\/www.europesays.com\/fr\/wp-json\/wp\/v2\/categories?post=146906"},{"taxonomy":"post_tag","embeddable":true,"href":"https:\/\/www.europesays.com\/fr\/wp-json\/wp\/v2\/tags?post=146906"}],"curies":[{"name":"wp","href":"https:\/\/api.w.org\/{rel}","templated":true}]}}