{"id":146916,"date":"2025-06-02T17:30:09","date_gmt":"2025-06-02T17:30:09","guid":{"rendered":"https:\/\/www.europesays.com\/fr\/146916\/"},"modified":"2025-06-02T17:30:09","modified_gmt":"2025-06-02T17:30:09","slug":"a-rennes-le-marche-dinteret-regional-compile-les-chantiers-de-decarbonation","status":"publish","type":"post","link":"https:\/\/www.europesays.com\/fr\/146916\/","title":{"rendered":"\u00c0 Rennes, le march\u00e9 d&rsquo;int\u00e9r\u00eat r\u00e9gional compile les chantiers de d\u00e9carbonation"},"content":{"rendered":"<p itemprop=\"headline\" id=\"news_chapeau\">Remplacement du groupe froid, application d&rsquo;une peinture isolante et r\u00e9flective sur les toits, pose de panneaux solaires\u0085 Le march\u00e9 d&rsquo;int\u00e9r\u00eat r\u00e9gional de Rennes multiplie les travaux destin\u00e9s \u00e0 am\u00e9liorer son bilan carbone et ses performances \u00e9nerg\u00e9tiques.<\/p>\n<p>Le march\u00e9 d&rsquo;int\u00e9r\u00eat r\u00e9gional (MIR) de Rennes a chang\u00e9 de mains en 2014.\u00a0\u00ab\u00a0Avant, retrace S\u00e9bastien Subery, cog\u00e9rant avec son fr\u00e8re Franck du r\u00e9seau \u00e9ponyme, nous \u00e9tions locataires de la ville. Il y a dix ans, nous sommes devenus propri\u00e9taires du site, dont nous sommes aussi exploitants, au travers de plusieurs soci\u00e9t\u00e9s.\u00a0\u00bb Subery Claude et Fils, Bio Rennes et La Cri\u00e9e rennaise, pour ne citer que les plus importantes.<br \/>\nAu total, ce sont plus de 25\u00a0000 tonnes de denr\u00e9es alimentaires&#8230;<\/p>\n<p>Article publi\u00e9 le 02 juin 2025<\/p>\n","protected":false},"excerpt":{"rendered":"Remplacement du groupe froid, application d&rsquo;une peinture isolante et r\u00e9flective sur les toits, pose de panneaux solaires\u0085 Le&hellip;\n","protected":false},"author":2,"featured_media":146917,"comment_status":"","ping_status":"","sticky":false,"template":"","format":"standard","meta":{"footnotes":""},"categories":[2821],"tags":[21806,14427,21809,21810,1111,21805,47,11,4763,2965,2813,21811,829,21807,21804,21808,21818,4858,51,893,436,18315,1777,674,1011,27,21813,21815,6417,12,6334,21812,1800,4048,21816,21814,3887,584,25,4510,17429,895,21817],"class_list":{"0":"post-146916","1":"post","2":"type-post","3":"status-publish","4":"format-standard","5":"has-post-thumbnail","7":"category-rennes","8":"tag-cologie","9":"tag-nergie","10":"tag-nergies-renouvelables","11":"tag-olien","12":"tag-actu","13":"tag-actualit","14":"tag-actualite","15":"tag-actualites","16":"tag-agenda","17":"tag-air","18":"tag-article","19":"tag-biomasse","20":"tag-bretagne","21":"tag-dchet","22":"tag-dveloppement-durable","23":"tag-dechet","24":"tag-e-zine","25":"tag-eau","26":"tag-ecologie","27":"tag-energie","28":"tag-environnement","29":"tag-eolien","30":"tag-eu","31":"tag-europe","32":"tag-fr","33":"tag-france","34":"tag-hse","35":"tag-hygine","36":"tag-information","37":"tag-news","38":"tag-newsletter","39":"tag-photovoltaique","40":"tag-pollution","41":"tag-presse","42":"tag-propret","43":"tag-qse","44":"tag-recyclage","45":"tag-rennes","46":"tag-republique-francaise","47":"tag-risque","48":"tag-sol","49":"tag-solaire","50":"tag-webzine"},"share_on_mastodon":{"url":"","error":"Validation failed: Text character limit of 500 exceeded"},"_links":{"self":[{"href":"https:\/\/www.europesays.com\/fr\/wp-json\/wp\/v2\/posts\/146916","targetHints":{"allow":["GET"]}}],"collection":[{"href":"https:\/\/www.europesays.com\/fr\/wp-json\/wp\/v2\/posts"}],"about":[{"href":"https:\/\/www.europesays.com\/fr\/wp-json\/wp\/v2\/types\/post"}],"author":[{"embeddable":true,"href":"https:\/\/www.europesays.com\/fr\/wp-json\/wp\/v2\/users\/2"}],"replies":[{"embeddable":true,"href":"https:\/\/www.europesays.com\/fr\/wp-json\/wp\/v2\/comments?post=146916"}],"version-history":[{"count":0,"href":"https:\/\/www.europesays.com\/fr\/wp-json\/wp\/v2\/posts\/146916\/revisions"}],"wp:featuredmedia":[{"embeddable":true,"href":"https:\/\/www.europesays.com\/fr\/wp-json\/wp\/v2\/media\/146917"}],"wp:attachment":[{"href":"https:\/\/www.europesays.com\/fr\/wp-json\/wp\/v2\/media?parent=146916"}],"wp:term":[{"taxonomy":"category","embeddable":true,"href":"https:\/\/www.europesays.com\/fr\/wp-json\/wp\/v2\/categories?post=146916"},{"taxonomy":"post_tag","embeddable":true,"href":"https:\/\/www.europesays.com\/fr\/wp-json\/wp\/v2\/tags?post=146916"}],"curies":[{"name":"wp","href":"https:\/\/api.w.org\/{rel}","templated":true}]}}