{"id":146920,"date":"2025-06-02T17:32:23","date_gmt":"2025-06-02T17:32:23","guid":{"rendered":"https:\/\/www.europesays.com\/fr\/146920\/"},"modified":"2025-06-02T17:32:23","modified_gmt":"2025-06-02T17:32:23","slug":"lamsterdam-klezmer-band-fait-danser-lilliade","status":"publish","type":"post","link":"https:\/\/www.europesays.com\/fr\/146920\/","title":{"rendered":"l\u2019Amsterdam Klezmer Band fait danser l&rsquo;Illiade"},"content":{"rendered":"<p>D\u2019entr\u00e9e de jeu, sur la sc\u00e8ne de l\u2019Illiade \u00e0 Illkirch-Graffenstaden samedi 31\u00a0mai, Job Chajes, qui se d\u00e9finit comme le \u00ab\u00a0ma\u00eetre de c\u00e9r\u00e9monie\u00a0\u00bb, surprend par sa forte pr\u00e9sence sc\u00e9nique. La musique, il la vit de tout son \u00eatre, il bouge au rythme de son saxophone alto, interpelle le public, le fait chanter.<\/p>\n<p>Le groupe <a href=\"https:\/\/www.dna.fr\/edition-de-saverne\/2015\/08\/03\/un-band-d-amis\" target=\"_blank\" rel=\"noopener\">Amsterdam klezmer Band<\/a>, il l\u2019a cr\u00e9\u00e9 \u00e0 Amsterdam en 1996, avec des instruments \u00e0 vent\u00a0: saxophone, clarinette, trompette, trombone, une&#8230;<\/p>\n","protected":false},"excerpt":{"rendered":"D\u2019entr\u00e9e de jeu, sur la sc\u00e8ne de l\u2019Illiade \u00e0 Illkirch-Graffenstaden samedi 31\u00a0mai, Job Chajes, qui se d\u00e9finit comme&hellip;\n","protected":false},"author":2,"featured_media":146921,"comment_status":"","ping_status":"","sticky":false,"template":"","format":"standard","meta":{"footnotes":""},"categories":[2820],"tags":[1111,11,1687,2880,1777,674,107,1011,27,775,3088,12,25,640,3089],"class_list":{"0":"post-146920","1":"post","2":"type-post","3":"status-publish","4":"format-standard","5":"has-post-thumbnail","7":"category-strasbourg","8":"tag-actu","9":"tag-actualites","10":"tag-culture-loisirs","11":"tag-edition-strasbourg","12":"tag-eu","13":"tag-europe","14":"tag-fil-info","15":"tag-fr","16":"tag-france","17":"tag-grand-est","18":"tag-illkirch-graffenstaden","19":"tag-news","20":"tag-republique-francaise","21":"tag-strasbourg","22":"tag-strasbourg-sud"},"share_on_mastodon":{"url":"https:\/\/pubeurope.com\/@fr\/114614969617650982","error":""},"_links":{"self":[{"href":"https:\/\/www.europesays.com\/fr\/wp-json\/wp\/v2\/posts\/146920","targetHints":{"allow":["GET"]}}],"collection":[{"href":"https:\/\/www.europesays.com\/fr\/wp-json\/wp\/v2\/posts"}],"about":[{"href":"https:\/\/www.europesays.com\/fr\/wp-json\/wp\/v2\/types\/post"}],"author":[{"embeddable":true,"href":"https:\/\/www.europesays.com\/fr\/wp-json\/wp\/v2\/users\/2"}],"replies":[{"embeddable":true,"href":"https:\/\/www.europesays.com\/fr\/wp-json\/wp\/v2\/comments?post=146920"}],"version-history":[{"count":0,"href":"https:\/\/www.europesays.com\/fr\/wp-json\/wp\/v2\/posts\/146920\/revisions"}],"wp:featuredmedia":[{"embeddable":true,"href":"https:\/\/www.europesays.com\/fr\/wp-json\/wp\/v2\/media\/146921"}],"wp:attachment":[{"href":"https:\/\/www.europesays.com\/fr\/wp-json\/wp\/v2\/media?parent=146920"}],"wp:term":[{"taxonomy":"category","embeddable":true,"href":"https:\/\/www.europesays.com\/fr\/wp-json\/wp\/v2\/categories?post=146920"},{"taxonomy":"post_tag","embeddable":true,"href":"https:\/\/www.europesays.com\/fr\/wp-json\/wp\/v2\/tags?post=146920"}],"curies":[{"name":"wp","href":"https:\/\/api.w.org\/{rel}","templated":true}]}}