{"id":146922,"date":"2025-06-02T17:33:15","date_gmt":"2025-06-02T17:33:15","guid":{"rendered":"https:\/\/www.europesays.com\/fr\/146922\/"},"modified":"2025-06-02T17:33:15","modified_gmt":"2025-06-02T17:33:15","slug":"de-lopera-au-musee-un-bati-culturel-multirenove","status":"publish","type":"post","link":"https:\/\/www.europesays.com\/fr\/146922\/","title":{"rendered":"de l&rsquo;op\u00e9ra au mus\u00e9e, un b\u00e2ti culturel multir\u00e9nov\u00e9"},"content":{"rendered":"<p>\nA Strasbourg (<a title=\"L&#039;actualit\u00e9 BTP du d\u00e9partement du Bas-Rhin\" href=\"https:\/\/www.lemoniteur.fr\/bas-rhin\/\" rel=\"noopener\" target=\"\" class=\"lien-contextuel\">Bas-Rhin<\/a>), la fin de mandat municipal sera marqu\u00e9e par la r\u00e9novation d&rsquo;\u00e9quipements culturels. La Ville lance quatre projets sous ma\u00eetrise d&rsquo;ouvrage de sa direction de l&rsquo;architecture et du patrimoine. Le \u00ab gros \u00bb morceau consiste en la r\u00e9habilitation des locaux de l&rsquo;op\u00e9ra national du Rhin (ONR) : elle mobilisera 120 M\u20ac TTC \u00e0 elle seule. Toujours en activit\u00e9, le b\u00e2timent n\u00e9oclassique du d\u00e9but du XIXe si\u00e8cle fait pourtant l&rsquo;objet d&rsquo;un avis d\u00e9favorable d&rsquo;exploitation de la commission de s\u00e9curit\u00e9 depuis\u2026 1997. \u00ab Cette seule raison suffit \u00e0 justifier d&rsquo;intervenir apr\u00e8s plus de vingt ans d&rsquo;atermoiements, mais nous avons souhait\u00e9 aller vers une reconfiguration plus profonde, qui soit \u00e0 la hauteur de la r\u00e9putation de l&rsquo;ONR et puisse l&rsquo;accompagner sur un temps long \u00bb, commente la maire (EELV) Jeanne Barseghian.<\/p>\n<p>Extension de l&rsquo;op\u00e9ra<\/p>\n<p>\nLa synth\u00e8se de trois \u00e9tudes patrimoniale, de programmation et de fonctionnement futur a tranch\u00e9, entre autres, en faveur d&rsquo;une restauration compl\u00e8te de l&rsquo;enveloppe ext\u00e9rieure et d&rsquo;une extension sur deux c\u00f4t\u00e9s pour l&rsquo;accueil de nouveaux espaces (restauration, m\u00e9diation culturelle\u2026). De plus, une sur\u00e9l\u00e9vation de 5 m de la toiture, qui sera \u00e9galement reprise, permettra de rehausser d&rsquo;autant la cage de sc\u00e8ne. Dans la salle \u00e0 l&rsquo;italienne, les r\u00e9am\u00e9nagements doivent am\u00e9liorer l&rsquo;acoustique et la visibilit\u00e9. La jauge sera certes ramen\u00e9e \u00e0 940 places contre 1 144 aujourd&rsquo;hui mais toutes offriront une vue compl\u00e8te, ce qui n&rsquo;est pas le cas de 45 % des si\u00e8ges actuels\u2026 Le concours d&rsquo;architecture avec dialogue comp\u00e9titif sera lanc\u00e9 fin juin, en vue d&rsquo;engager \u00e0 l&rsquo;automne 2028 cinq ann\u00e9es de travaux, durant lesquelles le b\u00e2timent sera ferm\u00e9.<\/p>\n<p>\nLa suspension de l&rsquo;activit\u00e9 caract\u00e9risera aussi deux autres <a title=\"\" href=\"https:\/\/www.lemoniteur.fr\/chantiers\/\" rel=\"noopener\" target=\"\" class=\"lien-contextuel\">chantiers<\/a>, de moindres montants mais aux enjeux forts. D&rsquo;une part, le cin\u00e9ma ind\u00e9pendant Star Saint-Exup\u00e9ry verra sa physionomie transform\u00e9e apr\u00e8s dix-huit mois de travaux de curage (\u00e0 partir d&rsquo;octobre 2025), puis de r\u00e9novation (appels d&rsquo;offres courant juin). Sa fa\u00e7ade patrimoniale de 1910 sera requalifi\u00e9e le long de la rue du 22-novembre, une nouvelle entr\u00e9e verra le jour dans la petite rue perpendiculaire et l&rsquo;int\u00e9rieur sera r\u00e9am\u00e9nag\u00e9 \u00ab selon une ambiance feutr\u00e9e instaurant un jeu d&rsquo;ombre et de lumi\u00e8re \u00bb, expose No\u00e9mie Weibel, architecte en charge du projet \u00e0 l&rsquo;agence DRLW, ma\u00eetre d&rsquo;\u0153uvre avec le bureau d&rsquo;\u00e9tudes OTE Ing\u00e9nierie. L&rsquo;op\u00e9ration de 6,8 M\u20ac TTC inclut le Caf\u00e9 du 7e Art attenant.<\/p>\n<p>Le Mus\u00e9e alsacien aura un nouveau toit<\/p>\n<p>\nLe Mus\u00e9e alsacien doit retrouver lui aussi une seconde jeunesse, pour 2,4 M\u20ac TTC. La priorit\u00e9 porte sur la toiture des trois immeubles du d\u00e9but du XVIIe si\u00e8cle, dont l&rsquo;\u00e9tat de d\u00e9gradation provoque des infiltrations depuis une dizaine d&rsquo;ann\u00e9es. Elle sera remplac\u00e9e en int\u00e9gralit\u00e9 par la pose de tuiles artisanales neuves qui lui conserveront son cachet. Les travaux, sous ma\u00eetrise d&rsquo;\u0153uvre de l&rsquo;agence D&rsquo;Ar Jhil, se d\u00e9rouleront de janvier \u00e0 d\u00e9cembre 2026.<\/p>\n<p>\nEnfin, la r\u00e9novation du palais Rohan, joyau du XVIIIe si\u00e8cle abritant le mus\u00e9e des Beaux-Arts, est pr\u00e9vue \u00e0 partir de 2026 pour 10,8 M\u20ac TTC. Elle sera scind\u00e9e en deux parties principales en phase d&rsquo;\u00e9tudes : l&rsquo;ancien cabinet du roi (ma\u00eetrise d&rsquo;\u0153uvre : Fabien Michel) et la couverture (1090 Architectes).<\/p>\n","protected":false},"excerpt":{"rendered":"A Strasbourg (Bas-Rhin), la fin de mandat municipal sera marqu\u00e9e par la r\u00e9novation d&rsquo;\u00e9quipements culturels. La Ville lance&hellip;\n","protected":false},"author":2,"featured_media":146923,"comment_status":"","ping_status":"","sticky":false,"template":"","format":"standard","meta":{"footnotes":""},"categories":[2820],"tags":[1111,11,1350,2649,13241,932,1777,674,1011,27,775,12,2551,4916,25,640,27592],"class_list":{"0":"post-146922","1":"post","2":"type-post","3":"status-publish","4":"format-standard","5":"has-post-thumbnail","7":"category-strasbourg","8":"tag-actu","9":"tag-actualites","10":"tag-architecture","11":"tag-bas-rhin","12":"tag-equipement-culturel","13":"tag-est","14":"tag-eu","15":"tag-europe","16":"tag-fr","17":"tag-france","18":"tag-grand-est","19":"tag-news","20":"tag-patrimoine","21":"tag-projets","22":"tag-republique-francaise","23":"tag-strasbourg","24":"tag-surelevation"},"share_on_mastodon":{"url":"https:\/\/pubeurope.com\/@fr\/114614973533058826","error":""},"_links":{"self":[{"href":"https:\/\/www.europesays.com\/fr\/wp-json\/wp\/v2\/posts\/146922","targetHints":{"allow":["GET"]}}],"collection":[{"href":"https:\/\/www.europesays.com\/fr\/wp-json\/wp\/v2\/posts"}],"about":[{"href":"https:\/\/www.europesays.com\/fr\/wp-json\/wp\/v2\/types\/post"}],"author":[{"embeddable":true,"href":"https:\/\/www.europesays.com\/fr\/wp-json\/wp\/v2\/users\/2"}],"replies":[{"embeddable":true,"href":"https:\/\/www.europesays.com\/fr\/wp-json\/wp\/v2\/comments?post=146922"}],"version-history":[{"count":0,"href":"https:\/\/www.europesays.com\/fr\/wp-json\/wp\/v2\/posts\/146922\/revisions"}],"wp:featuredmedia":[{"embeddable":true,"href":"https:\/\/www.europesays.com\/fr\/wp-json\/wp\/v2\/media\/146923"}],"wp:attachment":[{"href":"https:\/\/www.europesays.com\/fr\/wp-json\/wp\/v2\/media?parent=146922"}],"wp:term":[{"taxonomy":"category","embeddable":true,"href":"https:\/\/www.europesays.com\/fr\/wp-json\/wp\/v2\/categories?post=146922"},{"taxonomy":"post_tag","embeddable":true,"href":"https:\/\/www.europesays.com\/fr\/wp-json\/wp\/v2\/tags?post=146922"}],"curies":[{"name":"wp","href":"https:\/\/api.w.org\/{rel}","templated":true}]}}