{"id":146930,"date":"2025-06-02T17:37:22","date_gmt":"2025-06-02T17:37:22","guid":{"rendered":"https:\/\/www.europesays.com\/fr\/146930\/"},"modified":"2025-06-02T17:37:22","modified_gmt":"2025-06-02T17:37:22","slug":"a-nantes-le-tramway-suit-le-meilleur-itineraire-vers-lemploi","status":"publish","type":"post","link":"https:\/\/www.europesays.com\/fr\/146930\/","title":{"rendered":"\u00e0 Nantes, le tramway suit le meilleur itin\u00e9raire vers l\u2019emploi"},"content":{"rendered":"<p>Publi\u00e9 par Soizick David, le 02 Juin 2025 \u00e0 17:58<\/p>\n<p itemprop=\"description\" class=\"chapo\">Le mercredi 4 juin de 14h \u00e0 18h, la Semitan et le club \u00ab\u00a0Les Entreprises s\u2019engagent &#8211; Loire-Atlantique\u00a0\u00bb transformeront trois stations cl\u00e9s du r\u00e9seau nantais en v\u00e9ritables villages de l\u2019emploi lors d&rsquo;un jobdating en 3 \u00e9tapes.<\/p>\n<p>\nLa deuxi\u00e8me \u00e9dition de l&rsquo;Emploi sans Arr\u00eat sera lanc\u00e9e le 4 juin aux arr\u00eats Gare Nord, Commerce et Bretagne \u00a9 Girpeh\n<\/p>\n<p>Et si votre prochain emploi se trouvait\u2026 \u00e0 l\u2019arr\u00eat de tramway ? Apr\u00e8s le succ\u00e8s du <strong>Tram de l\u2019Emploi<\/strong> en 2021 et 2022, place \u00e0 la deuxi\u00e8me \u00e9dition de <strong>L\u2019Emploi sans Arr\u00eat<\/strong>, un \u00e9v\u00e9nement o\u00f9 la recherche d\u2019emploi se fait au rythme du tramway. Ici, ce sont les recruteurs qui viennent \u00e0 la rencontre des talents, pour rendre le recrutement plus accessible, inclusif, et mobile. Plusieurs centaines d&rsquo;offres d&#8217;emploi et de formation seront propos\u00e9es par une soixantaine de partenaires lors de ce jobdating original.<\/p>\n<p>Trois arr\u00eats, trois univers professionnels<\/p>\n<p>Pour cette journ\u00e9e sp\u00e9ciale, trois arr\u00eats embl\u00e9matiques du tramway nantais seront tranform\u00e9s en p\u00f4les d\u2019opportunit\u00e9s \u00e0 ciel ouvert. <strong>Gare Nord<\/strong>, les participants pourront d\u00e9couvrir les m\u00e9tiers du transport urbain, de l\u2019a\u00e9ronautique et du naval. \u00c0 l&rsquo;arr\u00eat <strong>Commerce<\/strong>, les secteurs du commerce, des services \u00e0 la personne et aux entreprises seront repr\u00e9sent\u00e9s. Enfin \u00e0 l&rsquo;arr\u00eat <strong>Bretagne<\/strong>, les candidats pourront rencontrer les acteurs de l&rsquo;industrie et du b\u00e2timent. \u00ab Nous-m\u00eames recrutons chaque ann\u00e9e entre 100 et 150 personnes dans diff\u00e9rents services et cette op\u00e9ration nous permet, parmi d\u2019autres, d\u2019\u00eatre visibles aupr\u00e8s de toutes celles et tous ceux qui cherchent un emploi ayant du sens \u00bb expose <strong>Olivier Le Grontec<\/strong>, directeur g\u00e9n\u00e9ral de la Semitan.<\/p>\n<p>Diff\u00e9rents profils attendus le 4 juin<\/p>\n<p>\u00a0Les chercheurs d&#8217;emploi, les \u00e9tudiants en qu\u00eate de stage ou d&rsquo;alternance, ou encore les professionnels en reconversion pourront profiter de cette opportunit\u00e9 pour pr\u00e9senter leur CV aux recruteurs. \u00ab Cette ann\u00e9e, \u00e0 nouveau, les candidats pourront prendre le tramway afin de se rendre sur les 3 villages emploi et rencontrer pr\u00e8s de 60 partenaires qui proposent des centaines d\u2019offres d\u2019emploi \u00e0 destination des demandeurs d\u2019emploi et des \u00e9tudiants. Les principaux employeurs qui recrutent en Loire-Atlantique seront mobilis\u00e9s sur l\u2019\u00e9v\u00e9nement notamment la Semitan et la Groupe SNCF pour le transport, Airbus Atlantic, les Chantiers de l\u2019Atlantique et Naval Group pour l\u2019industrie ou bien encore l\u2019ADAR pour les services \u00e0 la personne\u2026 Un \u00e9v\u00e9nement pour recruter autrement et booster l\u2019inclusion en Loire-Atlantique \u00bb ajoute <strong>Yves-Olivier Lenormand<\/strong>, leader du club \u00ab\u00a0Les Entreprises s\u2019engagent\u00a0\u00bb. \u00a0\u00c0 chacun de prendre le tram en marche !<\/p>\n<p>L&rsquo;Emploi sans arr\u00eat \u2022 Le mercredi 4 juin 2025 de 14h \u00e0 18h \u2022 Tramway : arr\u00eats Gare Nord, Commerce, Bretagne \u2022 Liste des entreprises, offres en ligne, et incriptions sur \u00a0<a href=\"https:\/\/www.girpeh-asso.fr\/jobdating-lemploi-sans-arret-2nd-edition-le-4-juin-2025-a-nantes\/\" target=\"_blank\" rel=\"noopener noreferrer\">www.girpeh-asso.fr<\/a>.<\/p>\n","protected":false},"excerpt":{"rendered":"Publi\u00e9 par Soizick David, le 02 Juin 2025 \u00e0 17:58 Le mercredi 4 juin de 14h \u00e0 18h,&hellip;\n","protected":false},"author":2,"featured_media":146931,"comment_status":"","ping_status":"","sticky":false,"template":"","format":"standard","meta":{"footnotes":""},"categories":[2818],"tags":[1111,11,3723,1777,674,1011,27,1114,766,13694,12,2636,25,3213],"class_list":{"0":"post-146930","1":"post","2":"type-post","3":"status-publish","4":"format-standard","5":"has-post-thumbnail","7":"category-nantes","8":"tag-actu","9":"tag-actualites","10":"tag-actus","11":"tag-eu","12":"tag-europe","13":"tag-fr","14":"tag-france","15":"tag-infos","16":"tag-nantes","17":"tag-nazaire","18":"tag-news","19":"tag-pays-de-la-loire","20":"tag-republique-francaise","21":"tag-saint"},"share_on_mastodon":{"url":"https:\/\/pubeurope.com\/@fr\/114614989380991184","error":""},"_links":{"self":[{"href":"https:\/\/www.europesays.com\/fr\/wp-json\/wp\/v2\/posts\/146930","targetHints":{"allow":["GET"]}}],"collection":[{"href":"https:\/\/www.europesays.com\/fr\/wp-json\/wp\/v2\/posts"}],"about":[{"href":"https:\/\/www.europesays.com\/fr\/wp-json\/wp\/v2\/types\/post"}],"author":[{"embeddable":true,"href":"https:\/\/www.europesays.com\/fr\/wp-json\/wp\/v2\/users\/2"}],"replies":[{"embeddable":true,"href":"https:\/\/www.europesays.com\/fr\/wp-json\/wp\/v2\/comments?post=146930"}],"version-history":[{"count":0,"href":"https:\/\/www.europesays.com\/fr\/wp-json\/wp\/v2\/posts\/146930\/revisions"}],"wp:featuredmedia":[{"embeddable":true,"href":"https:\/\/www.europesays.com\/fr\/wp-json\/wp\/v2\/media\/146931"}],"wp:attachment":[{"href":"https:\/\/www.europesays.com\/fr\/wp-json\/wp\/v2\/media?parent=146930"}],"wp:term":[{"taxonomy":"category","embeddable":true,"href":"https:\/\/www.europesays.com\/fr\/wp-json\/wp\/v2\/categories?post=146930"},{"taxonomy":"post_tag","embeddable":true,"href":"https:\/\/www.europesays.com\/fr\/wp-json\/wp\/v2\/tags?post=146930"}],"curies":[{"name":"wp","href":"https:\/\/api.w.org\/{rel}","templated":true}]}}