{"id":146952,"date":"2025-06-02T17:48:13","date_gmt":"2025-06-02T17:48:13","guid":{"rendered":"https:\/\/www.europesays.com\/fr\/146952\/"},"modified":"2025-06-02T17:48:13","modified_gmt":"2025-06-02T17:48:13","slug":"transformer-des-bureaux-en-logements-lexemple-prometteur-de-lile-de-france","status":"publish","type":"post","link":"https:\/\/www.europesays.com\/fr\/146952\/","title":{"rendered":"Transformer des bureaux en logements : l&rsquo;exemple prometteur de l&rsquo;\u00cele-de-France"},"content":{"rendered":"<p>C&rsquo;est la nouvelle priorit\u00e9 affich\u00e9e par les banquiers, les parlementaires et les professionnels de l&rsquo;immobilier \u00e0 l&rsquo;\u00e9chelle nationale comme \u00e0 l&rsquo;\u00e9chelle r\u00e9gionale\u00a0: la transformation de bureaux en logements. Et pour cause\u00a0: mardi, l&rsquo;Assembl\u00e9e nationale votera en s\u00e9ance publique la proposition de loi visant \u00e0 faciliter la transformation des b\u00e2timents en habitations, avant que le S\u00e9nat ne la suive jeudi. Les parlementaires des deux chambres s&rsquo;\u00e9tant mis enfin d&rsquo;accord sur la version finale de ce texte en commission mixte paritaire le 20 mai dernier, un an apr\u00e8s son premier examen.<\/p>\n<p>Principale avanc\u00e9e\u00a0: <a href=\"https:\/\/www.latribune.fr\/la-tribune-dimanche\/dimanche-eco\/l-ultime-epreuve-des-jeux-olympiques-1020049.html\" target=\"_blank\" rel=\"noopener\">sur le mod\u00e8le du Village des athl\u00e8tes de Paris 2024<\/a> en cours de mutation en bureaux et logements gr\u00e2ce \u00e0 l&rsquo;innovation du permis \u00e0 double \u00e9tat, les maires pourront d\u00e9sormais d\u00e9livrer des permis de construire \u00ab\u00a0\u00e0 destination successive\u00a0\u00bb.\u00a0En clair, pr\u00e9voir et faciliter la r\u00e9versibilit\u00e9 des bureaux, garages, h\u00f4tels et hangars d\u00e8s leur conception.<\/p>\n","protected":false},"excerpt":{"rendered":"C&rsquo;est la nouvelle priorit\u00e9 affich\u00e9e par les banquiers, les parlementaires et les professionnels de l&rsquo;immobilier \u00e0 l&rsquo;\u00e9chelle nationale&hellip;\n","protected":false},"author":2,"featured_media":146953,"comment_status":"","ping_status":"","sticky":false,"template":"","format":"standard","meta":{"footnotes":""},"categories":[1592],"tags":[17,1111,11,7655,154,645,1777,674,1011,27,662,27595,2804,2846,12,626,3240,25,10776],"class_list":{"0":"post-146952","1":"post","2":"type-post","3":"status-publish","4":"format-standard","5":"has-post-thumbnail","7":"category-ile-de-france","8":"tag-17","9":"tag-actu","10":"tag-actualites","11":"tag-bureaux","12":"tag-des","13":"tag-entreprises-finance","14":"tag-eu","15":"tag-europe","16":"tag-fr","17":"tag-france","18":"tag-ile-de-france","19":"tag-lexemple","20":"tag-lile-de-france","21":"tag-logements","22":"tag-news","23":"tag-paris","24":"tag-prometteur","25":"tag-republique-francaise","26":"tag-transformer"},"share_on_mastodon":{"url":"https:\/\/pubeurope.com\/@fr\/114615032487588812","error":""},"_links":{"self":[{"href":"https:\/\/www.europesays.com\/fr\/wp-json\/wp\/v2\/posts\/146952","targetHints":{"allow":["GET"]}}],"collection":[{"href":"https:\/\/www.europesays.com\/fr\/wp-json\/wp\/v2\/posts"}],"about":[{"href":"https:\/\/www.europesays.com\/fr\/wp-json\/wp\/v2\/types\/post"}],"author":[{"embeddable":true,"href":"https:\/\/www.europesays.com\/fr\/wp-json\/wp\/v2\/users\/2"}],"replies":[{"embeddable":true,"href":"https:\/\/www.europesays.com\/fr\/wp-json\/wp\/v2\/comments?post=146952"}],"version-history":[{"count":0,"href":"https:\/\/www.europesays.com\/fr\/wp-json\/wp\/v2\/posts\/146952\/revisions"}],"wp:featuredmedia":[{"embeddable":true,"href":"https:\/\/www.europesays.com\/fr\/wp-json\/wp\/v2\/media\/146953"}],"wp:attachment":[{"href":"https:\/\/www.europesays.com\/fr\/wp-json\/wp\/v2\/media?parent=146952"}],"wp:term":[{"taxonomy":"category","embeddable":true,"href":"https:\/\/www.europesays.com\/fr\/wp-json\/wp\/v2\/categories?post=146952"},{"taxonomy":"post_tag","embeddable":true,"href":"https:\/\/www.europesays.com\/fr\/wp-json\/wp\/v2\/tags?post=146952"}],"curies":[{"name":"wp","href":"https:\/\/api.w.org\/{rel}","templated":true}]}}