{"id":146956,"date":"2025-06-02T17:50:11","date_gmt":"2025-06-02T17:50:11","guid":{"rendered":"https:\/\/www.europesays.com\/fr\/146956\/"},"modified":"2025-06-02T17:50:11","modified_gmt":"2025-06-02T17:50:11","slug":"le-rer-b-annonce-un-trafic-perturbe-mercredi-et-jeudi-sur-lensemble-de-la-ligne","status":"publish","type":"post","link":"https:\/\/www.europesays.com\/fr\/146956\/","title":{"rendered":"le RER B annonce un trafic perturb\u00e9 mercredi et jeudi sur l&rsquo;ensemble de la ligne"},"content":{"rendered":"<p>            Par<br \/>\n        <strong><br \/>\n            <a href=\"https:\/\/actu.fr\/auteur\/redaction-paris\" title=\"Consulter tous les articles de R\u00e9daction Paris\" rel=\"nofollow noopener\" target=\"_blank\">R\u00e9daction Paris<\/a><br \/>\n        <\/strong><\/p>\n<p>        Publi\u00e9 le<\/p>\n<p>            2 juin 2025 \u00e0 19h00        <\/p>\n<p>La journ\u00e9e s\u2019annonce compliqu\u00e9e pour les usagers du RER B. Alors que la <strong>CGT-Cheminot<\/strong> a lanc\u00e9<a href=\"https:\/\/actu.fr\/societe\/greve-du-5-juin-fonction-publique-sncf-quelles-perturbations-sont-prevues-ce-jeudi_62715471.html\" rel=\"nofollow noopener\" target=\"_blank\"> un appel \u00e0 la mobilisation<\/a> pour les mercredi 4 et jeudi 5 juin 2025, la <a href=\"https:\/\/actu.fr\/tag\/sncf\" rel=\"nofollow noopener\" target=\"_blank\">SNCF<\/a> annonce un trafic perturb\u00e9 sur le <strong><a href=\"https:\/\/actu.fr\/tag\/rer-b\" rel=\"nofollow noopener\" target=\"_blank\">RER B<\/a><\/strong> pour ces deux journ\u00e9es de mobilisation. \u00ab\u2009Mercredi\u00a04 et jeudi 5\u00a0juin, le trafic sera perturb\u00e9 sur le RER B\u2009\u00bb, indique le compte X de la ligne. Pour l\u2019heure, il s\u2019agit de la seule ligne SNCF qui s\u2019annonce perturb\u00e9e.<\/p>\n<p>Pr\u00e9visions mardi \u00e0 17\u00a0heures<\/p>\n<p class=\" wall-content\">Cette nouvelle journ\u00e9e de gr\u00e8ve s\u2019inscrit dans la continuit\u00e9 de la <strong><a href=\"https:\/\/actu.fr\/societe\/greve-a-la-sncf-vers-une-semaine-noire-pour-le-pont-du-8-mai-ce-qu-il-faut-savoir_62586223.html\" rel=\"nofollow noopener\" target=\"_blank\">mobilisation lanc\u00e9e lors du pont du 8-Mai<\/a><\/strong>. Le syndicat r\u00e9clame une augmentation des salaires, un accord sur la formation professionnelle et l\u2019am\u00e9lioration des conditions de travail\u2026<\/p>\n<p class=\" wall-content\">\n<p class=\" wall-content\">Les <strong>pr\u00e9visions<\/strong> d\u00e9taill\u00e9es du trafic devraient \u00eatre communiqu\u00e9es <strong>mardi 3\u00a0juin \u00e0 17\u00a0heures.<\/strong> \u00ab\u2009Dans la mesure du possible, nous vous conseillons de limiter vos d\u00e9placements\u2009\u00bb, pr\u00e9cise la <a href=\"https:\/\/actu.fr\/tag\/ratp\" rel=\"nofollow noopener\" target=\"_blank\">RATP<\/a>. Un autre mouvement social est pr\u00e9vu le 11 juin.\u00a0<\/p>\n<p class=\" wall-content\">Suivez toute l\u2019actualit\u00e9 de vos villes et m\u00e9dias favoris en vous inscrivant \u00e0 <a href=\"https:\/\/moncompte.actu.fr\" title=\"D\u00e9couvez Mon Actu\" rel=\"nofollow noopener\" data-trk=\"{&quot;cta&quot;:{&quot;action&quot;:&quot;https:\\\/\\\/moncompte.actu.fr&quot;,&quot;category&quot;:&quot;mon compte&quot;,&quot;from&quot;:&quot;article footer&quot;,&quot;name&quot;:&quot;Mon actu&quot;,&quot;type&quot;:&quot;cta&quot;}}\" target=\"_blank\">Mon Actu<\/a>.<\/p>\n","protected":false},"excerpt":{"rendered":"Par R\u00e9daction Paris Publi\u00e9 le 2 juin 2025 \u00e0 19h00 La journ\u00e9e s\u2019annonce compliqu\u00e9e pour les usagers du&hellip;\n","protected":false},"author":2,"featured_media":52964,"comment_status":"","ping_status":"","sticky":false,"template":"","format":"standard","meta":{"footnotes":""},"categories":[1888],"tags":[1111,1928,11,1927,1777,674,1011,27,6151,12,1926,626,1925,25,17235,2215,104],"class_list":{"0":"post-146956","1":"post","2":"type-post","3":"status-publish","4":"format-standard","5":"has-post-thumbnail","7":"category-paris","8":"tag-actu","9":"tag-actu-paris","10":"tag-actualites","11":"tag-actualites-paris","12":"tag-eu","13":"tag-europe","14":"tag-fr","15":"tag-france","16":"tag-greve","17":"tag-news","18":"tag-news-paris","19":"tag-paris","20":"tag-paris-news","21":"tag-republique-francaise","22":"tag-rer-b","23":"tag-sncf","24":"tag-societe"},"share_on_mastodon":{"url":"https:\/\/pubeurope.com\/@fr\/114615040205230630","error":""},"_links":{"self":[{"href":"https:\/\/www.europesays.com\/fr\/wp-json\/wp\/v2\/posts\/146956","targetHints":{"allow":["GET"]}}],"collection":[{"href":"https:\/\/www.europesays.com\/fr\/wp-json\/wp\/v2\/posts"}],"about":[{"href":"https:\/\/www.europesays.com\/fr\/wp-json\/wp\/v2\/types\/post"}],"author":[{"embeddable":true,"href":"https:\/\/www.europesays.com\/fr\/wp-json\/wp\/v2\/users\/2"}],"replies":[{"embeddable":true,"href":"https:\/\/www.europesays.com\/fr\/wp-json\/wp\/v2\/comments?post=146956"}],"version-history":[{"count":0,"href":"https:\/\/www.europesays.com\/fr\/wp-json\/wp\/v2\/posts\/146956\/revisions"}],"wp:featuredmedia":[{"embeddable":true,"href":"https:\/\/www.europesays.com\/fr\/wp-json\/wp\/v2\/media\/52964"}],"wp:attachment":[{"href":"https:\/\/www.europesays.com\/fr\/wp-json\/wp\/v2\/media?parent=146956"}],"wp:term":[{"taxonomy":"category","embeddable":true,"href":"https:\/\/www.europesays.com\/fr\/wp-json\/wp\/v2\/categories?post=146956"},{"taxonomy":"post_tag","embeddable":true,"href":"https:\/\/www.europesays.com\/fr\/wp-json\/wp\/v2\/tags?post=146956"}],"curies":[{"name":"wp","href":"https:\/\/api.w.org\/{rel}","templated":true}]}}