{"id":146959,"date":"2025-06-02T17:53:12","date_gmt":"2025-06-02T17:53:12","guid":{"rendered":"https:\/\/www.europesays.com\/fr\/146959\/"},"modified":"2025-06-02T17:53:12","modified_gmt":"2025-06-02T17:53:12","slug":"paris-abribus-repares-devantures-nettoyees-et-maillots-etoiles-sur-les-champs-un-retour-presque-a-la-normale","status":"publish","type":"post","link":"https:\/\/www.europesays.com\/fr\/146959\/","title":{"rendered":"Paris\u00a0: abribus r\u00e9par\u00e9s, devantures nettoy\u00e9es et maillots \u00e9toil\u00e9s\u2026 Sur les Champs, un retour (presque) \u00e0 la normale"},"content":{"rendered":"<p class=\"paragraph text_align_left\">Gilets orange sur les \u00e9paules, sacs-poubelles, balais et pelles sous les bras, Abdel Tazibt et son \u00e9quipe s\u2019installent devant le 36, <a href=\"https:\/\/www.leparisien.fr\/paris-75\/champs-elysees\/\" target=\"_blank\" rel=\"noreferrer nofollow noopener\">avenue des Champs-\u00c9lys\u00e9es<\/a> (VIIIe) ce lundi en fin de matin\u00e9e. Leur mission ? D\u00e9blayer et nettoyer le magasin <a href=\"https:\/\/www.leparisien.fr\/paris-75\/montee-du-luxe-et-succes-du-sportswear-comment-les-champs-elysees-se-reinventent-11-04-2024-JKDDPWWN2ZHXXKEDB3OBJDNPVU.php\" target=\"_blank\" rel=\"noreferrer nofollow noopener\">Foot Locker<\/a> de ses d\u00e9bris de verre et cintres en pagaille. \u00ab Une op\u00e9ration de 4 heures \u00bb, estime le directeur technique chez France Clean, entreprise bas\u00e9e dans les Hauts-de-Seine.<\/p>\n<p class=\"paragraph text_align_left\">La c\u00e9l\u00e8bre avenue parisienne s\u2019est r\u00e9veill\u00e9e sous le soleil, <a href=\"https:\/\/www.leparisien.fr\/culture-loisirs\/patrimoine-a-la-decouverte-de-larc-de-triomphe-et-de-ses-tresors-nationaux-17-09-2021-4JRNH37ADFCKDGIOAJHHDXEIXE.php\" target=\"_self\" rel=\"nofollow noopener\">des touristes au sommet de son Arc-de-Triomphe<\/a>, des badauds par dizaines sur les trottoirs et en boutiques. Une journ\u00e9e normale, ou presque. Car tous les commerces n\u2019ont pu ouvrir leurs portes, la faute aux <a href=\"https:\/\/www.leparisien.fr\/paris-75\/les-collegues-crs-en-ont-bave-les-champs-elysees-se-reveillent-avec-la-gueule-de-bois-apres-la-victoire-du-psg-01-06-2025-MI7TNG2SBVBPXDKDEBRTCATIJQ.php\" target=\"_blank\" rel=\"noreferrer nofollow noopener\">d\u00e9gradations<\/a> subies par des groupes de casseurs pendant ce week-end de c\u00e9l\u00e9brations marqu\u00e9 de sc\u00e8nes de liesse, mais aussi de d\u00e9bordements apr\u00e8s le sacre du PSG en Ligue des champions.<\/p>\n","protected":false},"excerpt":{"rendered":"Gilets orange sur les \u00e9paules, sacs-poubelles, balais et pelles sous les bras, Abdel Tazibt et son \u00e9quipe s\u2019installent&hellip;\n","protected":false},"author":2,"featured_media":146960,"comment_status":"","ping_status":"","sticky":false,"template":"","format":"standard","meta":{"footnotes":""},"categories":[1888],"tags":[11,1777,674,118,1011,27,1944,12,626,25],"class_list":{"0":"post-146959","1":"post","2":"type-post","3":"status-publish","4":"format-standard","5":"has-post-thumbnail","7":"category-paris","8":"tag-actualites","9":"tag-eu","10":"tag-europe","11":"tag-faits-divers","12":"tag-fr","13":"tag-france","14":"tag-ma-ville","15":"tag-news","16":"tag-paris","17":"tag-republique-francaise"},"share_on_mastodon":{"url":"https:\/\/pubeurope.com\/@fr\/114615052205271075","error":""},"_links":{"self":[{"href":"https:\/\/www.europesays.com\/fr\/wp-json\/wp\/v2\/posts\/146959","targetHints":{"allow":["GET"]}}],"collection":[{"href":"https:\/\/www.europesays.com\/fr\/wp-json\/wp\/v2\/posts"}],"about":[{"href":"https:\/\/www.europesays.com\/fr\/wp-json\/wp\/v2\/types\/post"}],"author":[{"embeddable":true,"href":"https:\/\/www.europesays.com\/fr\/wp-json\/wp\/v2\/users\/2"}],"replies":[{"embeddable":true,"href":"https:\/\/www.europesays.com\/fr\/wp-json\/wp\/v2\/comments?post=146959"}],"version-history":[{"count":0,"href":"https:\/\/www.europesays.com\/fr\/wp-json\/wp\/v2\/posts\/146959\/revisions"}],"wp:featuredmedia":[{"embeddable":true,"href":"https:\/\/www.europesays.com\/fr\/wp-json\/wp\/v2\/media\/146960"}],"wp:attachment":[{"href":"https:\/\/www.europesays.com\/fr\/wp-json\/wp\/v2\/media?parent=146959"}],"wp:term":[{"taxonomy":"category","embeddable":true,"href":"https:\/\/www.europesays.com\/fr\/wp-json\/wp\/v2\/categories?post=146959"},{"taxonomy":"post_tag","embeddable":true,"href":"https:\/\/www.europesays.com\/fr\/wp-json\/wp\/v2\/tags?post=146959"}],"curies":[{"name":"wp","href":"https:\/\/api.w.org\/{rel}","templated":true}]}}