{"id":146965,"date":"2025-06-02T17:56:11","date_gmt":"2025-06-02T17:56:11","guid":{"rendered":"https:\/\/www.europesays.com\/fr\/146965\/"},"modified":"2025-06-02T17:56:11","modified_gmt":"2025-06-02T17:56:11","slug":"toile-daraignee-echanges-de-prisonniers-et-exigences-demesurees","status":"publish","type":"post","link":"https:\/\/www.europesays.com\/fr\/146965\/","title":{"rendered":"\u00ab\u00a0Toile d\u2019araign\u00e9e\u00a0\u00bb, \u00e9changes de prisonniers et exigences d\u00e9mesur\u00e9es"},"content":{"rendered":"<p>Vous avez rat\u00e9 les derniers \u00e9v\u00e9nements sur la <a href=\"https:\/\/www.20minutes.fr\/monde\/ukraine\/\" class=\"color-ultramarine c-link\" rel=\"nofollow noopener\" target=\"_blank\">guerre en Ukraine<\/a>\u00a0? 20 Minutes fait le point pour vous tous les soirs. Voici l\u2019essentiel de ce lundi 2\u00a0juin 2025, 1.195e jour du conflit.<\/p>\n<p>Le fait du jour<\/p>\n<p>Elle a \u00e9t\u00e9 \u00e0 peine plus longue que la premi\u00e8re r\u00e9union de n\u00e9gociations il y a deux semaines. Une nouvelle session de pourparlers, d\u2019un peu plus d\u2019une heure, entre les d\u00e9l\u00e9gations ukrainienne et russe s\u2019est tenue \u00e0 Istanbul, en <a href=\"https:\/\/www.20minutes.fr\/monde\/turquie\/\" class=\"color-ultramarine c-link\" rel=\"nofollow noopener\" target=\"_blank\">Turquie<\/a>, ce lundi apr\u00e8s-midi. Comme lors du premier round, la principale avanc\u00e9e est un accord sur les prisonniers de guerre. Les deux bellig\u00e9rants vont \u00e9changer, en mode \u00ab\u00a0tous contre tous\u00a0\u00bb, tous les soldats ennemis gri\u00e8vement bless\u00e9s ou \u00e2g\u00e9s de moins de 25 ans, ainsi que 6.000 corps de combattants tu\u00e9s de chaque camp.<\/p>\n<p>En revanche la <a href=\"https:\/\/www.20minutes.fr\/monde\/russie\/\" class=\"color-ultramarine c-link\" rel=\"nofollow noopener\" target=\"_blank\">Russie <\/a>n\u2019a toujours pas accept\u00e9 le cessez-le-feu global de 30 jours pour lequel plaident les alli\u00e9s europ\u00e9ens de Kiev et <a href=\"https:\/\/www.20minutes.fr\/dossier\/donald_trump\" class=\"color-ultramarine c-link\" rel=\"nofollow noopener\" target=\"_blank\">Donald Trump<\/a>. Ils ont tout juste propos\u00e9 une pause des combats de \u00ab\u00a0deux-trois jours\u00a0\u00bb sur certaines zones du front. Pour faire droit \u00e0 la demande des Occidentaux, Moscou demande \u00e0 l\u2019Ukraine un \u00ab\u00a0retrait complet\u00a0\u00bb des quatre r\u00e9gions partiellement occup\u00e9es par la Russie\u00a0: celles de Donetsk et Lougansk (est) et de celles de Zaporijjia et Kherson (sud).<\/p>\n<p>La d\u00e9claration du jour<\/p>\n<blockquote class=\"mx-m@xs mx-xxl@md color-ultramarine c-citation\">\n<p class=\"font-weight-regular@xs text-italic font-source-serif-pro text-l@xs c-citation__content\">\u00ab\u00a0\u00ab\u00a0\u00ab\u00a0Poutine ne doit rien obtenir qui puisse justifier son agression. Toute r\u00e9compense ne ferait que lui montrer que la guerre paye\u00a0\u00bb\u00a0\u00bb<\/p>\n<\/blockquote>\n<p><a href=\"https:\/\/www.20minutes.fr\/monde\/volodymyr-zelensky\/\" class=\"color-ultramarine c-link\" rel=\"nofollow noopener\" target=\"_blank\">Volodymyr Zelensky<\/a> continue son inlassable croisade pour faire pression sur <a href=\"https:\/\/www.20minutes.fr\/monde\/vladimir_poutine\/\" class=\"color-ultramarine c-link\" rel=\"nofollow noopener\" target=\"_blank\">Vladimir Poutine<\/a>. Il \u00e9tait ce lundi \u00e0 Vilnius, en Lituanie, \u00e0 un sommet r\u00e9unissant des dirigeants du flanc oriental de l\u2019<a href=\"https:\/\/www.20minutes.fr\/monde\/otan\/\" class=\"color-ultramarine c-link\" rel=\"nofollow noopener\" target=\"_blank\">Otan<\/a>.<\/p>\n<\/p>\n<p>Le chiffre du jour<\/p>\n<p>41. Le nombre d\u2019avions russes que les services de s\u00e9curit\u00e9 ukrainiens affirment avoir d\u00e9truit dimanche lors de la d\u00e9j\u00e0 fameuse op\u00e9ration \u00ab\u00a0Toile d\u2019araign\u00e9e\u00a0\u00bb pr\u00e9par\u00e9e de longue date. Des drones ont \u00e9t\u00e9 introduits clandestinement en Russie et cach\u00e9s dans des structures de bois plac\u00e9es sur le toit de camions a priori banals et stationn\u00e9s \u00e0 proximit\u00e9 des a\u00e9rodromes vis\u00e9s. Les toits se sont ouverts et les essaims ont pu frapper jusqu\u2019en Sib\u00e9rie, \u00e0 plusieurs milliers de kilom\u00e8tres du front.<\/p>\n<p><a href=\"https:\/\/www.20minutes.fr\/monde\/ukraine\/\" class=\"c-link c-btn c-btn--primary\" rel=\"nofollow noopener\" target=\"_blank\">Notre dossier sur la Guerre en Ukraine<\/a>La tendance<\/p>\n<p>Le pr\u00e9sident turc <a href=\"https:\/\/www.20minutes.fr\/monde\/recep_tayyip_erdogan\/\" class=\"color-ultramarine c-link\" rel=\"nofollow noopener\" target=\"_blank\">Recep Tayyip Erdogan<\/a> a de nouveau propos\u00e9 lundi de r\u00e9unir en sommet les pr\u00e9sidents russe Vladimir Poutine, ukrainien Volodymyr Zelensky et am\u00e9ricain Donald Trump, \u00ab\u00a0\u00e0 Istanbul ou Ankara\u00a0\u00bb. \u00ab\u00a0Mon plus grand souhait [\u2026] est de r\u00e9unir Poutine et Zelensky \u00e0 Istanbul ou \u00e0 Ankara et d\u2019amener Trump \u00e0 leurs c\u00f4t\u00e9s. S\u2019ils l\u2019acceptent je me joindrai \u00e0 eux, afin de faire d\u2019Istanbul un centre de paix\u00a0\u00bb, a-t-il d\u00e9clar\u00e9 \u00e0 l\u2019issue du deuxi\u00e8me round de n\u00e9gociations.<\/p>\n","protected":false},"excerpt":{"rendered":"Vous avez rat\u00e9 les derniers \u00e9v\u00e9nements sur la guerre en Ukraine\u00a0? 20 Minutes fait le point pour vous&hellip;\n","protected":false},"author":2,"featured_media":146966,"comment_status":"","ping_status":"","sticky":false,"template":"","format":"standard","meta":{"footnotes":""},"categories":[1590],"tags":[11,75,73,1777,674,131,74,12,3497,132,3496,220,135,134],"class_list":{"0":"post-146965","1":"post","2":"type-post","3":"status-publish","4":"format-standard","5":"has-post-thumbnail","7":"category-ukraine","8":"tag-actualites","9":"tag-donald-trump","10":"tag-etats-unis","11":"tag-eu","12":"tag-europe","13":"tag-guerre-en-ukraine","14":"tag-monde","15":"tag-news","16":"tag-recep-tayyip-erdogan","17":"tag-russie","18":"tag-turquie","19":"tag-ukraine","20":"tag-vladimir-poutine","21":"tag-volodymyr-zelensky"},"share_on_mastodon":{"url":"https:\/\/pubeurope.com\/@fr\/114615063923636831","error":""},"_links":{"self":[{"href":"https:\/\/www.europesays.com\/fr\/wp-json\/wp\/v2\/posts\/146965","targetHints":{"allow":["GET"]}}],"collection":[{"href":"https:\/\/www.europesays.com\/fr\/wp-json\/wp\/v2\/posts"}],"about":[{"href":"https:\/\/www.europesays.com\/fr\/wp-json\/wp\/v2\/types\/post"}],"author":[{"embeddable":true,"href":"https:\/\/www.europesays.com\/fr\/wp-json\/wp\/v2\/users\/2"}],"replies":[{"embeddable":true,"href":"https:\/\/www.europesays.com\/fr\/wp-json\/wp\/v2\/comments?post=146965"}],"version-history":[{"count":0,"href":"https:\/\/www.europesays.com\/fr\/wp-json\/wp\/v2\/posts\/146965\/revisions"}],"wp:featuredmedia":[{"embeddable":true,"href":"https:\/\/www.europesays.com\/fr\/wp-json\/wp\/v2\/media\/146966"}],"wp:attachment":[{"href":"https:\/\/www.europesays.com\/fr\/wp-json\/wp\/v2\/media?parent=146965"}],"wp:term":[{"taxonomy":"category","embeddable":true,"href":"https:\/\/www.europesays.com\/fr\/wp-json\/wp\/v2\/categories?post=146965"},{"taxonomy":"post_tag","embeddable":true,"href":"https:\/\/www.europesays.com\/fr\/wp-json\/wp\/v2\/tags?post=146965"}],"curies":[{"name":"wp","href":"https:\/\/api.w.org\/{rel}","templated":true}]}}