{"id":146978,"date":"2025-06-02T18:03:10","date_gmt":"2025-06-02T18:03:10","guid":{"rendered":"https:\/\/www.europesays.com\/fr\/146978\/"},"modified":"2025-06-02T18:03:10","modified_gmt":"2025-06-02T18:03:10","slug":"les-bleus-sous-le-charme-du-jeu-du-psg-champion-deurope","status":"publish","type":"post","link":"https:\/\/www.europesays.com\/fr\/146978\/","title":{"rendered":"les Bleus sous le charme du jeu du PSG champion d\u2019Europe"},"content":{"rendered":"<p>Rayan Cherki et Manu Kon\u00e9 ont livr\u00e9 leur sentiment ce lundi apr\u00e8s la victoire et le niveau de jeu du Paris SG en finale de Ligue des champions contre l\u2019Inter Milan (5-0) samedi soir.<\/p>\n<p class=\"fig-paragraph\">Ce lundi sur les coups de 19h30,\u00a0<a href=\"http:\/\/www.lefigaro.fr\/sports\/football\/ligue-des-champions\/ligue-des-champions-le-psg-enfin-sur-le-toit-de-l-europe-ca-valait-le-coup-d-attendre-20250601\" data-fig-type=\"NewsFlash\" data-gtm-custom-categorie=\"navigation\" data-gtm-custom-action=\"crossclick\" data-gtm-custom-label=\"Contextuel\" data-gtm-event=\"customEventSPE\" data-fig-domain=\"LEFIGARO\" target=\"_blank\" rel=\"noopener\">les champions d\u2019Europe parisiens<\/a>\u00a0(Demb\u00e9l\u00e9, Dou\u00e9, Barcola, Za\u00efre-Emery, Hernandez) d\u00e9barqueront \u00e0 Clairefontaine. Ils sont tr\u00e8s attendus par l\u2019\u00e9quipe de France, qui n\u2019a pas manqu\u00e9 une miette de\u00a0<a href=\"http:\/\/www.lefigaro.fr\/sports\/football\/ligue-des-champions\/psg-inter-milan-en-video-l-ouverture-du-score-d-achraf-hakimi-au-terme-d-un-sublime-mouvement-collectif-20250531\" data-fig-type=\"NewsFlash\" data-gtm-custom-categorie=\"navigation\" data-gtm-custom-action=\"crossclick\" data-gtm-custom-label=\"Contextuel\" data-gtm-event=\"customEventSPE\" data-fig-domain=\"LEFIGARO\" target=\"_blank\" rel=\"noopener\">la finale l\u00e9gendaire contre l\u2019Inter Milan (5-0)<\/a>. Certains internationaux ont regard\u00e9 cette soir\u00e9e historique ensemble au ch\u00e2teau, pendant que d\u2019autres l\u2019ont visionn\u00e9 dans leur chambre. Pr\u00e9sents face aux m\u00e9dias en conf\u00e9rence de presse ce lundi, Rayan Cherki et Manu Kon\u00e9 n\u2019ont pas cach\u00e9 sur leur joie apr\u00e8s le sacre parisien.<\/p>\n<p class=\"fig-paragraph\">\u00abOn a regard\u00e9 le match tous ensemble, match magnifique, avance Rayan Cherki, petit dernier appel\u00e9 en s\u00e9lection pour le Final Four de la Ligue des nations et cette demi-finale contre l\u2019Espagne jeudi \u00e0 Stuttgart. On \u00e9tait tr\u00e8s heureux pour nos partenaires, ils le m\u00e9ritent amplement. Ils ont fait une superbe Ligue des champions.\u00bb M\u00eame impression pour Manu Kon\u00e9, le milieu de terrain de l\u2019AS Rome, n\u00e9 \u00e0 Colombes\u00a0: \u00abEn tant que Parisien, on est tr\u00e8s content. J\u2019esp\u00e8re qu\u2019ils gagneront encore des troph\u00e9es.\u00bb<\/p>\n<blockquote class=\"fig-quote&#10;    \">\n<p class=\"fig-quote__text\">L\u2019Inter Milan est une tr\u00e8s bonne \u00e9quipe et les avoir contr\u00e9s comme \u00e7a\u2026 L\u2019Inter, ce n\u2019est pas rien et c\u2019est compliqu\u00e9 de leur mettre 5-0\u00a0!<\/p>\n<p>            Manu Kon\u00e9\n    <\/p><\/blockquote>\n<p class=\"fig-paragraph\">Relanc\u00e9s sur le niveau de jeu des hommes de\u00a0<a href=\"http:\/\/www.lefigaro.fr\/sports\/football\/ligue-des-champions\/psg-luis-enrique-chef-d-orchestre-intransigeant-et-ideologue-inspire-20250601\" data-fig-type=\"Article\" data-gtm-custom-categorie=\"navigation\" data-gtm-custom-action=\"crossclick\" data-gtm-custom-label=\"Contextuel\" data-gtm-event=\"customEventSPE\" data-fig-domain=\"LEFIGARO\" target=\"_blank\" rel=\"noopener\">Luis Enrique<\/a>, les deux hommes en disent plus sur ce qui les a marqu\u00e9s. \u00abIls ont \u00e9t\u00e9 impressionnants du d\u00e9but \u00e0 la fin, encha\u00eene Cherki. L\u2019Inter n\u2019a pas vu le jour. Quand le PSG est dans un jour comme \u00e7a, ils sont bons dans tous les aspects.\u00bb Le Lyonnais, appr\u00e9ci\u00e9 pour sa cr\u00e9ativit\u00e9, n\u2019a cess\u00e9 de louer aussi les qualit\u00e9s de\u00a0<a href=\"http:\/\/www.lefigaro.fr\/sports\/football\/ligue-des-champions\/desire-doue-naissance-d-un-phenomene-20250601\" data-fig-type=\"Article\" data-gtm-custom-categorie=\"navigation\" data-gtm-custom-action=\"crossclick\" data-gtm-custom-label=\"Contextuel\" data-gtm-event=\"customEventSPE\" data-fig-domain=\"LEFIGARO\" target=\"_blank\" rel=\"noopener\">D\u00e9sir\u00e9 Dou\u00e9<\/a>, auteur d\u2019un doubl\u00e9 samedi et qu\u2019il a appris \u00e0 conna\u00eetre avec l\u2019\u00e9quipe de France Espoirs durant les JO. \u00abIl est extr\u00eamement fort et il a encore une marge de progression importante. On ne peut qu\u2019applaudir quand on voit sa finale. Il le m\u00e9rite. Je lui souhaite des centaines d\u2019autres matchs comme \u00e7a.\u00bb<\/p>\n<p class=\"fig-body-link\">\n            \u00c0 lire aussi<br \/>\n        <a class=\"fig-body-link__link\" href=\"http:\/\/www.lefigaro.fr\/sports\/football\/ligue-des-nations\/c-est-sa-route-que-je-veux-emprunter-fan-de-zidane-cherki-se-livre-avant-ses-debuts-en-bleu-20250602\" data-fig-type=\"NewsFlash\" data-gtm-custom-categorie=\"navigation\" data-gtm-custom-action=\"crossclick\" data-gtm-custom-label=\"Contextuel\" data-gtm-event=\"customEventSPE\" data-fig-domain=\"LEFIGARO\" target=\"_blank\" rel=\"noopener\">\u00abC\u2019est sa route que je veux emprunter\u00bb\u00a0: fan de Zidane, Cherki se livre avant ses d\u00e9buts en Bleu<br \/>\n    <\/a>\n<\/p>\n<p class=\"fig-paragraph\">Habitu\u00e9 \u00e0 affronter l\u2019Inter Milan en Serie A, Manu Kon\u00e9 a eu des mots forts pour saluer la prestation parisienne. \u00abD\u00e9j\u00e0, nos co\u00e9quipiers (en s\u00e9lection) ont \u00e9t\u00e9 tr\u00e8s bons. Mais le pressing du PSG m\u2019a choqu\u00e9. L\u2019Inter Milan est une tr\u00e8s bonne \u00e9quipe et les avoir contr\u00e9s comme \u00e7a\u2026 (Il souffle) C\u2019est choquant. L\u2019Inter, ce n\u2019est pas rien et c\u2019est compliqu\u00e9 de leur mettre 5-0\u00a0! Les Parisiens ont un grand avenir.\u00bb Relanc\u00e9 sur le fait de savoir si le PSG pouvait inspirer des \u00e9quipes ou s\u00e9lections, Kon\u00e9 en est certain\u00a0: \u00abC\u2019est d\u00e9j\u00e0 le cas, ils inspirent. Renverser l\u2019Inter, une des meilleures d\u00e9fenses d\u2019Europe, c\u2019est assez choquant. C\u2019est une \u00e9quipe qui peut inspirer \u00e0 l\u2019avenir.\u00bb<\/p>\n","protected":false},"excerpt":{"rendered":"Rayan Cherki et Manu Kon\u00e9 ont livr\u00e9 leur sentiment ce lundi apr\u00e8s la victoire et le niveau de&hellip;\n","protected":false},"author":2,"featured_media":146979,"comment_status":"","ping_status":"","sticky":false,"template":"","format":"standard","meta":{"footnotes":""},"categories":[2],"tags":[11,672,828,525,8976,6713,123,85,1011,27,3022,23733,27596,955,23734,12,6996,93,3280,25,1980,455],"class_list":{"0":"post-146978","1":"post","2":"type-post","3":"status-publish","4":"format-standard","5":"has-post-thumbnail","7":"category-actualites","8":"tag-actualites","9":"tag-allemagne","10":"tag-belgique","11":"tag-calendrier","12":"tag-classements","13":"tag-equipe-de-france-de-football","14":"tag-espagne","15":"tag-fff","16":"tag-fr","17":"tag-france","18":"tag-ligue","19":"tag-ligue-des-nations","20":"tag-manu-kone","21":"tag-match","22":"tag-match-en-direct","23":"tag-news","24":"tag-portugal","25":"tag-psg","26":"tag-rayan-cherki","27":"tag-republique-francaise","28":"tag-resultats","29":"tag-uefa"},"share_on_mastodon":{"url":"https:\/\/pubeurope.com\/@fr\/114615091568926528","error":""},"_links":{"self":[{"href":"https:\/\/www.europesays.com\/fr\/wp-json\/wp\/v2\/posts\/146978","targetHints":{"allow":["GET"]}}],"collection":[{"href":"https:\/\/www.europesays.com\/fr\/wp-json\/wp\/v2\/posts"}],"about":[{"href":"https:\/\/www.europesays.com\/fr\/wp-json\/wp\/v2\/types\/post"}],"author":[{"embeddable":true,"href":"https:\/\/www.europesays.com\/fr\/wp-json\/wp\/v2\/users\/2"}],"replies":[{"embeddable":true,"href":"https:\/\/www.europesays.com\/fr\/wp-json\/wp\/v2\/comments?post=146978"}],"version-history":[{"count":0,"href":"https:\/\/www.europesays.com\/fr\/wp-json\/wp\/v2\/posts\/146978\/revisions"}],"wp:featuredmedia":[{"embeddable":true,"href":"https:\/\/www.europesays.com\/fr\/wp-json\/wp\/v2\/media\/146979"}],"wp:attachment":[{"href":"https:\/\/www.europesays.com\/fr\/wp-json\/wp\/v2\/media?parent=146978"}],"wp:term":[{"taxonomy":"category","embeddable":true,"href":"https:\/\/www.europesays.com\/fr\/wp-json\/wp\/v2\/categories?post=146978"},{"taxonomy":"post_tag","embeddable":true,"href":"https:\/\/www.europesays.com\/fr\/wp-json\/wp\/v2\/tags?post=146978"}],"curies":[{"name":"wp","href":"https:\/\/api.w.org\/{rel}","templated":true}]}}