{"id":146984,"date":"2025-06-02T18:06:08","date_gmt":"2025-06-02T18:06:08","guid":{"rendered":"https:\/\/www.europesays.com\/fr\/146984\/"},"modified":"2025-06-02T18:06:08","modified_gmt":"2025-06-02T18:06:08","slug":"lasfa-h-et-la-sococim-f-sadjugent-les-titres","status":"publish","type":"post","link":"https:\/\/www.europesays.com\/fr\/146984\/","title":{"rendered":"L\u2019ASFA (H) et la Sococim (F) s\u2019adjugent les titres"},"content":{"rendered":"<p>Les finales du Tournoi d\u2019ouverture de la saison 2025 ont livr\u00e9 leur verdict dimanche sur le terrain G\u00e9n\u00e9ral Idrissa Fall (ex-Leclerc). L\u2019\u00e9quipe f\u00e9minine de la Sococim a survol\u00e9 la comp\u00e9tition en s\u2019imposant 3 sets \u00e0 0 contre l\u2019UGB. Chez les hommes, l\u2019ASFA a fait de m\u00eame face \u00e0 l\u2019ASC Ville de Dakar, s\u2019offrant une victoire nette et sans bavure.<\/p>\n<p data-start=\"547\" data-end=\"762\">Un an apr\u00e8s avoir vu l\u2019UGB (dames) et l\u2019ASC Ville de Dakar (hommes) triompher lors de l\u2019\u00e9dition pr\u00e9c\u00e9dente, ces deux \u00e9quipes ont d\u00fb cette fois se contenter des accessits, domin\u00e9es par des adversaires plus aff\u00fbt\u00e9s.<\/p>\n<p data-start=\"547\" data-end=\"762\"><strong>Sococim : Une domination incontest\u00e9e<\/strong><\/p>\n<p data-start=\"807\" data-end=\"1182\">V\u00e9ritable rouleau compresseur, la Sococim n\u2019a laiss\u00e9 aucune chance \u00e0 ses concurrentes. Apr\u00e8s avoir \u00e9limin\u00e9 l\u2019ASFA en demi-finale (3-1), les joueuses coach\u00e9es et aguerries par leurs exp\u00e9riences africaines ont \u00e9cras\u00e9 l\u2019UGB en finale. Port\u00e9e par des cadres comme Assi\u00e9tou Ndoye, la Sococim a fait parler sa sup\u00e9riorit\u00e9 technique et tactique, confirmant son statut de favorite.<\/p>\n<p data-start=\"807\" data-end=\"1182\"><strong>ASFA : Le retour des militaires<\/strong><\/p>\n<p data-start=\"1222\" data-end=\"1670\">Chez les hommes, l\u2019ASFA a pr\u00e9sent\u00e9 un effectif particuli\u00e8rement solide, renforc\u00e9 par des recrues de choix. Parmi elles, Youssouf Coly, transfuge de l\u2019UGB, et un puissant volleyeur gambien venu de Ville de Dakar. Avec ces renforts, l\u2019ASFA a rapidement trouv\u00e9 la bonne carburation, balayant l\u2019ASC Ville de Dakar en finale (3-0). Cette victoire marque le d\u00e9but du mandat f\u00e9d\u00e9ral du pr\u00e9sident et coach Amadou S\u00e8ne, qui peut savourer un premier titre.<\/p>\n<p data-start=\"1691\" data-end=\"1994\">En attendant le coup d\u2019envoi officiel du Championnat national, ces r\u00e9sultats laissent entrevoir une saison o\u00f9 la Sococim et l\u2019ASFA partent favoris pour conserver leur supr\u00e9matie. Reste \u00e0 savoir si l\u2019UGB et Ville de Dakar parviendront \u00e0 rebondir et \u00e0 contester leur h\u00e9g\u00e9monie dans les semaines \u00e0 venir.<\/p>\n<p data-start=\"1691\" data-end=\"1994\">wiwsport<\/p>\n","protected":false},"excerpt":{"rendered":"Les finales du Tournoi d\u2019ouverture de la saison 2025 ont livr\u00e9 leur verdict dimanche sur le terrain G\u00e9n\u00e9ral&hellip;\n","protected":false},"author":2,"featured_media":146985,"comment_status":"","ping_status":"","sticky":false,"template":"","format":"standard","meta":{"footnotes":""},"categories":[1417],"tags":[1011,27,60,1470,1469],"class_list":{"0":"post-146984","1":"post","2":"type-post","3":"status-publish","4":"format-standard","5":"has-post-thumbnail","7":"category-volley","8":"tag-fr","9":"tag-france","10":"tag-sports","11":"tag-volley","12":"tag-volleyball"},"share_on_mastodon":{"url":"https:\/\/pubeurope.com\/@fr\/114615103511658959","error":""},"_links":{"self":[{"href":"https:\/\/www.europesays.com\/fr\/wp-json\/wp\/v2\/posts\/146984","targetHints":{"allow":["GET"]}}],"collection":[{"href":"https:\/\/www.europesays.com\/fr\/wp-json\/wp\/v2\/posts"}],"about":[{"href":"https:\/\/www.europesays.com\/fr\/wp-json\/wp\/v2\/types\/post"}],"author":[{"embeddable":true,"href":"https:\/\/www.europesays.com\/fr\/wp-json\/wp\/v2\/users\/2"}],"replies":[{"embeddable":true,"href":"https:\/\/www.europesays.com\/fr\/wp-json\/wp\/v2\/comments?post=146984"}],"version-history":[{"count":0,"href":"https:\/\/www.europesays.com\/fr\/wp-json\/wp\/v2\/posts\/146984\/revisions"}],"wp:featuredmedia":[{"embeddable":true,"href":"https:\/\/www.europesays.com\/fr\/wp-json\/wp\/v2\/media\/146985"}],"wp:attachment":[{"href":"https:\/\/www.europesays.com\/fr\/wp-json\/wp\/v2\/media?parent=146984"}],"wp:term":[{"taxonomy":"category","embeddable":true,"href":"https:\/\/www.europesays.com\/fr\/wp-json\/wp\/v2\/categories?post=146984"},{"taxonomy":"post_tag","embeddable":true,"href":"https:\/\/www.europesays.com\/fr\/wp-json\/wp\/v2\/tags?post=146984"}],"curies":[{"name":"wp","href":"https:\/\/api.w.org\/{rel}","templated":true}]}}