{"id":146986,"date":"2025-06-02T18:07:14","date_gmt":"2025-06-02T18:07:14","guid":{"rendered":"https:\/\/www.europesays.com\/fr\/146986\/"},"modified":"2025-06-02T18:07:14","modified_gmt":"2025-06-02T18:07:14","slug":"toulouse-stade-francais-caucaunibuca-toulon-les-infos-du-lundi-2-juin","status":"publish","type":"post","link":"https:\/\/www.europesays.com\/fr\/146986\/","title":{"rendered":"Toulouse, Stade Fran\u00e7ais, Caucaunibuca, Toulon, les infos du lundi 2 juin"},"content":{"rendered":"<p style=\"text-align: justify;\" align=\"justify\"><strong>TRANSFERTS RUGBY \u2013 Toulouse prolonge un espoir et dit au revoir \u00e0 quelques joueurs, le Stade Fran\u00e7ais est sur tous les fronts, Toulon veut garder deux anciens et le fils de la l\u00e9gende Rupeni Caucaunibuca va d\u00e9barquer en Top 14 : les infos de ce lundi 2 juin.\u00a0<\/strong><\/p>\n<p>Toulouse : Nelson \u00c9p\u00e9e reste, 5 d\u00e9parts confirm\u00e9s<\/p>\n<p style=\"text-align: justify;\">Le <a href=\"https:\/\/dicodusport.fr\/blog\/transferts-stade-toulousain-2025-arrivees-departs-et-prolongations\/\" rel=\"nofollow noopener\" target=\"_blank\"><strong>Stade Toulousain<\/strong><\/a> sait bien pr\u00e9parer le futur, comme il l\u2019a montr\u00e9 maintes fois. Un dossier \u00e9tait toutefois non r\u00e9solu par le board, celui de <strong>Nelson \u00c9p\u00e9e<\/strong>. L\u2019international \u00e0 sept n\u2019a pas encore totalement fait son trou \u00e0 XV, mais reste un \u00e9l\u00e9ment extr\u00eamement prometteur, ce qui a logiquement attir\u00e9 les convoitises de plusieurs clubs. Mais le probl\u00e8me est r\u00e9gl\u00e9, et <strong><a href=\"https:\/\/dicodusport.fr\/blog\/transferts-toulouse-courtise-nelson-epee-a-tranche-pour-son-avenir\/\" rel=\"nofollow noopener\" target=\"_blank\">il sera Toulousain jusqu\u2019en 2027<\/a><\/strong>.<\/p>\n<p style=\"text-align: justify;\">En parall\u00e8le, plusieurs d\u00e9parts ont \u00e9t\u00e9 officialis\u00e9s. Les plus marquants sont ceux de <strong>Nepo Laulala<\/strong>, bless\u00e9 de longue date, de <strong>Richie Arnold<\/strong>, annonc\u00e9 depuis quelques semaines et <a href=\"https:\/\/dicodusport.fr\/blog\/transferts-stade-toulousain-lubb-a-tranche-pour-richie-arnold\/\" rel=\"nofollow noopener\" target=\"_blank\">un vrai-faux transfert \u00e0 l\u2019UBB<\/a>, ou encore d\u2019<strong>Alban Placines<\/strong> qui va quitter son club formateur. Ainsi, les contours de l\u2019effectif de la saison prochaine sont quasiment d\u00e9finitifs.<\/p>\n<p style=\"text-align: justify;\"><strong>L\u2019avis de Dicodusport<\/strong> <strong>:\u00a0<\/strong>Conserver Nelson \u00c9p\u00e9e est logique, et les d\u00e9parts annonc\u00e9s ne devraient pas changer la face du monde. Comme souvent, Toulouse m\u00e8ne bien sa barque.<\/p>\n<p>Stade Fran\u00e7ais : Bonjour Paiva, au revoir Cretu et bient\u00f4t Van der Mescht ?<\/p>\n<p style=\"text-align: justify;\">Il ne reste plus qu\u2019un match en saison r\u00e9guli\u00e8re, et le <a href=\"https:\/\/dicodusport.fr\/blog\/transferts-stade-francais-2025-arrivees-departs-et-prolongations\/\" rel=\"nofollow noopener\" target=\"_blank\"><strong>Stade Fran\u00e7ais<\/strong><\/a> a son destin en mains pour se maintenir. Une victoire bonifi\u00e9e face \u00e0 Castres, et l\u2019affaire sera dans le sac. N\u00e9anmoins, les grandes man\u0153uvres ont d\u00e9j\u00e0 commenc\u00e9 en mati\u00e8re de transferts, et le club de la capitale va visiblement r\u00e9ussir \u00e0 attirer <a href=\"https:\/\/dicodusport.fr\/blog\/transferts-la-rochelle-un-club-de-top-14-favori-pour-signer-thierry-paiva\/\" rel=\"nofollow noopener\" target=\"_blank\"><strong>Thierry Paiva<\/strong><\/a>, le pilier rochelais prenant ainsi le m\u00eame chemin qu\u2019un certain <a href=\"https:\/\/dicodusport.fr\/blog\/transferts-tawera-kerr-barlow-va-quitter-la-rochelle-pour-un-autre-club-de-top-14\/\" rel=\"nofollow noopener\" target=\"_blank\"><strong>Tawera Kerr-Barlow<\/strong><\/a>.<\/p>\n<p style=\"text-align: justify;\">Mais dans le sens des d\u00e9parts, cela s\u2019active aussi. Si <a href=\"https:\/\/dicodusport.fr\/blog\/transferts-thomas-cretu-a-tranche-pour-son-avenir\/\" rel=\"nofollow noopener\" target=\"_blank\">le d\u00e9part de <strong>Thomas Cretu<\/strong> \u00e0 Dax<\/a> ne devrait pas changer grand-chose, puisque l\u2019international roumain \u00e9tait d\u00e9j\u00e0 pr\u00eat\u00e9 cette saison, celui de <strong>JJ Van der Mescht<\/strong> est une tout autre histoire. Si rien n\u2019est fait, Northampton a jet\u00e9 son d\u00e9volu sur le colosse sud-africain, et du maintien pourrait d\u00e9pendre son destin.<\/p>\n<p style=\"text-align: justify;\"><strong>L\u2019avis de Dicodusport<\/strong> <strong>:\u00a0<\/strong>tellement d\u2019incertitudes dans l\u2019intersaison du Stade Fran\u00e7ais\u2026 mais une chose est claire : la perte de JJ Van der Mescht serait difficilement rempla\u00e7able.\u00a0<\/p>\n<p>\n<a href=\"https:\/\/dicodusport.fr\/blog\/offres\/abonnements-sans-pub\/\" rel=\"nofollow noopener\" target=\"_blank\"><img loading=\"lazy\" decoding=\"async\" class=\"alignnone size-full wp-image-501284 perfmatters-lazy\" alt=\"\" width=\"1200\" height=\"200\" src=\"https:\/\/www.europesays.com\/fr\/wp-content\/uploads\/2025\/04\/Abonnements-sans-pubs-Dicodusport.png\"\/><\/a><\/p>\n<p>Montpellier : Bienvenue Caucaunibuca Junior<\/p>\n<p style=\"text-align: justify;\"><strong>Rupeni Caucaunibuca<\/strong>. Un nom pour les amateurs de highlights. Pendant des ann\u00e9es, le Fidjien a fait trembler les d\u00e9fenses du Top 14, inscrivant des essais incroyables, martyrisant ses vis-\u00e0-vis par son m\u00e9lange unique de vitesse et de puissance. Double champion de France, il est retrait\u00e9 de longue date, mais son nom est revenu en haut de l\u2019affiche.<\/p>\n<p style=\"text-align: justify;\">En effet, son fils <strong>Rupeni Caucaunibuca Junior<\/strong> est lui aussi rugbyman, avec lui aussi un physique hors normes. De quoi faire saliver plusieurs clubs de Top 14, et c\u2019est visiblement <a href=\"https:\/\/dicodusport.fr\/blog\/transferts-mhr-2025-arrivees-departs-et-prolongations\/\" rel=\"nofollow noopener\" target=\"_blank\"><strong>Montpellier<\/strong><\/a> qui va rafler la mise. Le MHR a redress\u00e9 la barre apr\u00e8s un d\u00e9but de saison apocalyptique, et pourrait donc b\u00e9n\u00e9ficier du renfort d\u2019un ph\u00e9nom\u00e8ne annonc\u00e9 la saison prochaine.<\/p>\n<p>\n<a href=\"https:\/\/dicodusport.fr\/blog\/offres\/abonnements-sans-pub\/\" rel=\"nofollow noopener\" target=\"_blank\"><img loading=\"lazy\" decoding=\"async\" class=\"alignnone size-full wp-image-501296 perfmatters-lazy\" alt=\"\" width=\"400\" height=\"400\" src=\"https:\/\/www.europesays.com\/fr\/wp-content\/uploads\/2025\/04\/Abonnements-sans-pubs-Dicodusport-mobile.png\"\/><\/a><\/p>\n<p style=\"text-align: justify;\"><strong>L\u2019avis de Dicodusport<\/strong> <strong>:\u00a0<\/strong>si le fils est aussi fort que le p\u00e8re, il n\u2019y a m\u00eame pas de question \u00e0 se poser quant \u00e0 la pertinence de ce transfert\u2026\u00a0<\/p>\n<p>Toulon : du rab\u2019 pour Sinzelle et Ivaldi ?<\/p>\n<p style=\"text-align: justify;\">La fin de saison, c\u2019est l\u2019occasion de dire au revoir et de c\u00e9l\u00e9brer les partants. Ainsi, hier soir, apr\u00e8s <a href=\"https:\/\/dicodusport.fr\/blog\/top-14-j25-le-rc-toulon-domine-bordeaux-begles-mais-manque-le-bonus\/\" rel=\"nofollow noopener\" target=\"_blank\">la victoire sur l\u2019UBB<\/a>, le <a href=\"https:\/\/dicodusport.fr\/blog\/transferts-rc-toulon-2025-arrivees-departs-et-prolongations\/\" rel=\"nofollow noopener\" target=\"_blank\"><strong>RC Toulon<\/strong><\/a> a salu\u00e9 quelques d\u00e9parts annonc\u00e9s depuis plusieurs semaines, comme <strong>Leicester Fainga\u2019anuku ou <a href=\"https:\/\/dicodusport.fr\/blog\/transferts-jiuta-wainiqolo-va-quitter-toulon-pour-un-autre-club-de-top-14\/\" rel=\"nofollow noopener\" target=\"_blank\">Jiuta Wainiqolo<\/a>.\u00a0<\/strong>Mais dans le lot, pas de traces de <strong>Micka\u00ebl<\/strong>\u00a0<strong>Ivaldi<\/strong>\u00a0et\u00a0<strong>J\u00e9r\u00e9my<\/strong>\u00a0<strong>Sinzelle<\/strong>, pourtant en fin de contrat.<\/p>\n<p style=\"text-align: justify;\">Et pour cause, puisque le RCT tente de les prolonger. Dans des r\u00f4les diff\u00e9rents (<strong>Ivaldi<\/strong> serait joker m\u00e9dical) mais alors qu\u2019on pensait que la page \u00e9tait en train de se tourner, il semblerait qu\u2019on soit face \u00e0 un retour de flamme. La d\u00e9cision du club et des joueurs ne devrait pas tarder\u2026<\/p>\n<p style=\"text-align: justify;\"><strong>L\u2019avis de Dicodusport<\/strong> <strong>: <\/strong>une \u00e9quipe comme Toulon, dont l\u2019effectif est souvent renouvel\u00e9, aura toujours besoin de quelques v\u00e9t\u00e9rans pour stabiliser son effectif.\u00a0<\/p>\n","protected":false},"excerpt":{"rendered":"TRANSFERTS RUGBY \u2013 Toulouse prolonge un espoir et dit au revoir \u00e0 quelques joueurs, le Stade Fran\u00e7ais est&hellip;\n","protected":false},"author":2,"featured_media":146987,"comment_status":"","ping_status":"","sticky":false,"template":"","format":"standard","meta":{"footnotes":""},"categories":[1416],"tags":[2113,1011,27,479,1468,60,477],"class_list":{"0":"post-146986","1":"post","2":"type-post","3":"status-publish","4":"format-standard","5":"has-post-thumbnail","7":"category-rugby","8":"tag-breve","9":"tag-fr","10":"tag-france","11":"tag-rugby","12":"tag-rugby-football","13":"tag-sports","14":"tag-transferts-rugby"},"share_on_mastodon":{"url":"https:\/\/pubeurope.com\/@fr\/114615107522695712","error":""},"_links":{"self":[{"href":"https:\/\/www.europesays.com\/fr\/wp-json\/wp\/v2\/posts\/146986","targetHints":{"allow":["GET"]}}],"collection":[{"href":"https:\/\/www.europesays.com\/fr\/wp-json\/wp\/v2\/posts"}],"about":[{"href":"https:\/\/www.europesays.com\/fr\/wp-json\/wp\/v2\/types\/post"}],"author":[{"embeddable":true,"href":"https:\/\/www.europesays.com\/fr\/wp-json\/wp\/v2\/users\/2"}],"replies":[{"embeddable":true,"href":"https:\/\/www.europesays.com\/fr\/wp-json\/wp\/v2\/comments?post=146986"}],"version-history":[{"count":0,"href":"https:\/\/www.europesays.com\/fr\/wp-json\/wp\/v2\/posts\/146986\/revisions"}],"wp:featuredmedia":[{"embeddable":true,"href":"https:\/\/www.europesays.com\/fr\/wp-json\/wp\/v2\/media\/146987"}],"wp:attachment":[{"href":"https:\/\/www.europesays.com\/fr\/wp-json\/wp\/v2\/media?parent=146986"}],"wp:term":[{"taxonomy":"category","embeddable":true,"href":"https:\/\/www.europesays.com\/fr\/wp-json\/wp\/v2\/categories?post=146986"},{"taxonomy":"post_tag","embeddable":true,"href":"https:\/\/www.europesays.com\/fr\/wp-json\/wp\/v2\/tags?post=146986"}],"curies":[{"name":"wp","href":"https:\/\/api.w.org\/{rel}","templated":true}]}}