{"id":146988,"date":"2025-06-02T18:08:10","date_gmt":"2025-06-02T18:08:10","guid":{"rendered":"https:\/\/www.europesays.com\/fr\/146988\/"},"modified":"2025-06-02T18:08:10","modified_gmt":"2025-06-02T18:08:10","slug":"je-suis-bien-plus-positive-sur-le-court-quavant-estime-mirra-andreeva","status":"publish","type":"post","link":"https:\/\/www.europesays.com\/fr\/146988\/","title":{"rendered":"\u00abJe suis bien plus positive sur le court qu\u2019avant\u00bb, estime Mirra Andreeva"},"content":{"rendered":"<p>L\u2019adversaire de Lo\u00efs Boisson en quarts de finale mercredi s\u2019est confi\u00e9e sur l\u2019\u00e9volution de son jeu, elle qui n\u2019a que 18 ans, et sur sa relation avec Conchita Martinez, sa coach.<\/p>\n<p class=\"fig-paragraph\"><strong>Quel est votre sentiment apr\u00e8s ce succ\u00e8s sur Daria Kasatkina (6-3, 7-5)\u00a0?<\/strong><br \/><strong>Mirra Andreeva\u00a0:<\/strong> Je suis ravie de remporter la victoire aujourd\u2019hui. La derni\u00e8re fois que j\u2019ai affront\u00e9 Daria, c\u2019\u00e9tait un match en trois sets que j\u2019avais perdu (en finale d\u2019un tournoi en Chine en 2024). Cette fois j\u2019\u00e9tais pr\u00eate \u00e0 livrer bataille et je suis contente d\u2019\u00eatre en quarts de finale. Je savais qu\u2019aujourd\u2019hui il y aurait des \u00e9changes longs. Elle a une bonne lecture de mon jeu. Elle savait quand j\u2019allais d\u00e9cocher une amortie. On a eu beaucoup d\u2019\u00e9changes. Je devais courir d\u2019un c\u00f4t\u00e9 \u00e0 l\u2019autre constamment, ce qui n\u2019est jamais un sentiment agr\u00e9able. C\u2019\u00e9tait un match tr\u00e8s intense. Effectivement, il a fallu varier beaucoup nos coups, point apr\u00e8s point.<\/p>\n<p class=\"fig-paragraph\"><strong>Physiquement, vous semblez tr\u00e8s au point car la plupart de ces longs \u00e9changes tournaient en votre faveur\u2026<\/strong><br \/>Cela me donne aussi beaucoup de confiance en moi parce que je vois que je suis en mesure d\u2019engranger ces jeux, de ramener sans cesse la balle dans le court, de recommencer et m\u00eame apr\u00e8s avoir couru aussi longtemps, je suis en mesure de retrouver de la puissance, de l\u2019\u00e9nergie. Si j\u2019ai besoin d\u2019attaquer, je sais que je peux le faire. Je peux me pr\u00e9parer et bien frapper la balle, pas simplement la remettre en court, mollement. Je dois remercier mon pr\u00e9parateur physique qui m\u2019a beaucoup aid\u00e9e \u00e0 me pr\u00e9parer physiquement. Je suis ravie, apr\u00e8s des \u00e9changes longs, d\u2019\u00eatre en mesure de relancer la balle et de l\u2019emporter encore.<\/p>\n<p class=\"fig-paragraph\"><strong>Dans le second set, vous sembliez avoir la situation en main \u00e0 3-1 avant de perdre le fil. Que s\u2019est-il pass\u00e9\u00a0?<\/strong><br \/>C\u2019est vrai qu\u2019elle a gagn\u00e9 quatre jeux de suite pour mener 5-3 au score. Mais cela ne changeait rien pour moi, je restais quand m\u00eame en mesure de me battre et de jouer mon meilleur tennis. Elle a simplement \u00e9lev\u00e9 son niveau de jeu au second set, mais j\u2019ai eu le sentiment que je jouais aussi de mani\u00e8re plus attentive \u00e0 ce moment-l\u00e0. Elle en a tir\u00e9 avantage. Elle a frapp\u00e9 les balles de mani\u00e8re plus agressive. Moi, il fallait que je sois encore plus combattante. Je suis notamment mont\u00e9e au filet alors que je n\u2019y vais jamais normalement. Mais avec l\u2019adr\u00e9naline, j\u2019ai \u00e9t\u00e9 en mesure d\u2019y parvenir. Je ne sais m\u00eame pas comment l\u2019expliquer. Je suis juste contente parce que je suis arriv\u00e9e \u00e0 boucler le match en deux sets secs.<\/p>\n<p class=\"fig-paragraph\"><strong>Quel est votre lien avec votre coach, Conchita Martinez, qui a jou\u00e9 une finale en tant que joueuse \u00e0 Roland-Garros en 2000\u00a0?<\/strong><br \/>Elle me donne beaucoup d\u2019\u00e9nergie, elle m\u2019apporte beaucoup de soutien. Quand Conchita a le sentiment qu\u2019elle a besoin de me dire quelque chose qui porte sur un point tactique, elle va toujours me dire ce qu\u2019elle pense. C\u2019est ce que j\u2019aime aussi. Elle ne fait pas que me soutenir. Parfois, quand elle a le sentiment que j\u2019ai besoin d\u2019entendre un point technique ou tactique, elle le dit. Et apr\u00e8s, j\u2019essaie de le reproduire sur le court.<\/p>\n<p class=\"fig-paragraph\"><strong>Qu\u2019est-ce qu\u2019elle a apport\u00e9 \u00e0 votre jeu, sp\u00e9cialement sur terre battue\u00a0? Quelle erreur ne commettez-vous plus gr\u00e2ce \u00e0 elle\u00a0?<\/strong><br \/>D\u2019abord elle a apport\u00e9 beaucoup de positif \u00e0 mon jeu. Quand on parle de tactique mais aussi de questions techniques, elle m\u2019enseigne comment construire les points. Si on parle de terre battue, comment construire un point et s\u2019attendre \u00e0 ce que l\u2019\u00e9change soit plus long que sur du dur. Si n\u00e9cessaire, comment recommencer un point une fois, deux fois, trois fois. N\u00e9anmoins, je ne vais pas vous dire en d\u00e9tail tout ce qu\u2019elle m\u2019a dit. Je vais le garder pour moi.<\/p>\n<p class=\"fig-paragraph\"><strong>Estimez-vous avoir beaucoup progress\u00e9 ces deux derni\u00e8res ann\u00e9es, depuis votre arriv\u00e9e sur le circuit WTA\u00a0?<\/strong><br \/>Physiquement, je suis plus forte que je ne l\u2019\u00e9tais il y a deux ans. J\u2019ai \u00e9galement le sentiment que je r\u00e9fl\u00e9chis diff\u00e9remment. Je suis bien plus positive sur le court. Je pense que cela est l\u2019une des cl\u00e9s du succ\u00e8s pour moi. Maintenant, je suis en mesure de me battre pour chaque point co\u00fbte que co\u00fbte. Je pense que c\u2019est le plus important.<\/p>\n","protected":false},"excerpt":{"rendered":"L\u2019adversaire de Lo\u00efs Boisson en quarts de finale mercredi s\u2019est confi\u00e9e sur l\u2019\u00e9volution de son jeu, elle qui&hellip;\n","protected":false},"author":2,"featured_media":146989,"comment_status":"","ping_status":"","sticky":false,"template":"","format":"standard","meta":{"footnotes":""},"categories":[1415],"tags":[4169,105,2199,1011,27,24473,1960,24472,4171,60,1467,4170],"class_list":{"0":"post-146988","1":"post","2":"type-post","3":"status-publish","4":"format-standard","5":"has-post-thumbnail","7":"category-tennis","8":"tag-atp","9":"tag-djokovic","10":"tag-federer","11":"tag-fr","12":"tag-france","13":"tag-internationaux-de-france","14":"tag-nadal","15":"tag-rg","16":"tag-roland-garros","17":"tag-sports","18":"tag-tennis","19":"tag-wta"},"share_on_mastodon":{"url":"https:\/\/pubeurope.com\/@fr\/114615111010626829","error":""},"_links":{"self":[{"href":"https:\/\/www.europesays.com\/fr\/wp-json\/wp\/v2\/posts\/146988","targetHints":{"allow":["GET"]}}],"collection":[{"href":"https:\/\/www.europesays.com\/fr\/wp-json\/wp\/v2\/posts"}],"about":[{"href":"https:\/\/www.europesays.com\/fr\/wp-json\/wp\/v2\/types\/post"}],"author":[{"embeddable":true,"href":"https:\/\/www.europesays.com\/fr\/wp-json\/wp\/v2\/users\/2"}],"replies":[{"embeddable":true,"href":"https:\/\/www.europesays.com\/fr\/wp-json\/wp\/v2\/comments?post=146988"}],"version-history":[{"count":0,"href":"https:\/\/www.europesays.com\/fr\/wp-json\/wp\/v2\/posts\/146988\/revisions"}],"wp:featuredmedia":[{"embeddable":true,"href":"https:\/\/www.europesays.com\/fr\/wp-json\/wp\/v2\/media\/146989"}],"wp:attachment":[{"href":"https:\/\/www.europesays.com\/fr\/wp-json\/wp\/v2\/media?parent=146988"}],"wp:term":[{"taxonomy":"category","embeddable":true,"href":"https:\/\/www.europesays.com\/fr\/wp-json\/wp\/v2\/categories?post=146988"},{"taxonomy":"post_tag","embeddable":true,"href":"https:\/\/www.europesays.com\/fr\/wp-json\/wp\/v2\/tags?post=146988"}],"curies":[{"name":"wp","href":"https:\/\/api.w.org\/{rel}","templated":true}]}}