{"id":146998,"date":"2025-06-02T18:14:10","date_gmt":"2025-06-02T18:14:10","guid":{"rendered":"https:\/\/www.europesays.com\/fr\/146998\/"},"modified":"2025-06-02T18:14:10","modified_gmt":"2025-06-02T18:14:10","slug":"emilie-dequenne-3-mois-apres-sa-mort-son-mari-saffiche-avec-une-amie-actrice-a-roland-garros","status":"publish","type":"post","link":"https:\/\/www.europesays.com\/fr\/146998\/","title":{"rendered":"\u00c9milie Dequenne : 3 mois apr\u00e8s sa mort, son mari s\u2019affiche avec une amie actrice \u00e0 Roland-Garros"},"content":{"rendered":"<p>      R\u00e9sum\u00e9<\/p>\n<p>Trois mois apr\u00e8s la disparition d&rsquo;\u00c9milie Dequenne, son mari Michel Ferracci refait surface publiquement \u00e0 Roland-Garros, accompagn\u00e9 d&rsquo;une amie actrice proche du couple.<\/p>\n<p>        Sommaire<\/p>\n<p>Bient\u00f4t trois mois qu&rsquo;\u00c9milie Dequenne nous a quitt\u00e9s. Et ce 1er juin 2025, <a href=\"https:\/\/vsd.fr\/77194-emilie-dequenne-dans-lombre-de-la-maladie-son-cher-et-tendre-la-soutenu-jusquau-dernier-souffle\/\" target=\"_blank\" rel=\"noopener\">son mari Michel Ferracci<\/a> a fait sa toute<strong> premi\u00e8re sortie en public. <\/strong><\/p>\n<p>Invit\u00e9 au tournoi de Roland-Garros par la marque Lacoste, l&rsquo;acteur de 58 ans a pos\u00e9 avec des lunettes de soleil sur le nez, une veste kaki et un tee-shirt jaune. Dans les tribunes, il n&rsquo;\u00e9tait pas seul.<\/p>\n<p>Heureusement, <strong>l&rsquo;acteur peut compter sur le soutien pr\u00e9cieux de ses proches<\/strong>, pour vivre son drame. Le beau papa de Milla \u00e9tait avec son amie, l&rsquo;actrice Ariane S\u00e9guillon. Cette derni\u00e8re, au casting de la s\u00e9rie de TF1 \u00ab\u00a0Demain nous appartient\u00a0\u00bb \u00e9tait aussi une amie proche d&rsquo;\u00c9milie Dequenne.<\/p>\n<p><img loading=\"lazy\" decoding=\"async\" width=\"1024\" height=\"618\" src=\"data:image\/svg+xml,%3Csvg%20xmlns=\" http:=\"\" alt=\"\u00c9milie Dequenne : 3 mois apr\u00e8s sa mort, son mari s\u2019affiche avec une amie actrice \u00e0 Roland-Garros\" data-lazy- data-lazy- data-lazy-src=\"https:\/\/www.europesays.com\/fr\/wp-content\/uploads\/2025\/06\/BESTIMAGE_00709240_000016-1024x618.jpg\"\/><\/p>\n<p> Dominique Jacovides\/Bestimage<\/p>\n<p>Michel Ferracci avec Ariane S\u00e9guillon<\/p>\n<p>Elle fr\u00e9quentait en effet le couple form\u00e9 en 2008 depuis des ann\u00e9es. Et avec Michel Ferracci, en particulier,<strong> elle a collabor\u00e9 pour une pi\u00e8ce de th\u00e9\u00e2tre. <\/strong><\/p>\n<p>Ils \u00e9taient <strong>dans \u00ab\u00a0On aurait d\u00fb aller en Gr\u00e8ce\u00a0\u00bb,<\/strong> au th\u00e9\u00e2tre du Gymnase Marie Bell. Il y avait aussi Marie-Ange Casta, Daniel Russo, Fr\u00e9d\u00e9ric Poggi, Cl\u00e9mence Lassalas et enfin Benjamin Baffie, dans le reste du casting. En avril dernier, le collectif s&rsquo;est s\u00e9par\u00e9 apr\u00e8s plus de 60 repr\u00e9sentations.<\/p>\n<p>Michel Ferracci va d\u00e9sormais pourvoir un peu souffler. <strong>Lui qui a vu son monde s&rsquo;effondrer le 16 mars 2025<\/strong>, n&rsquo;avait pu en parler qu&rsquo;un mois apr\u00e8s. Et depuis, il \u00e9tait absent des radars.<\/p>\n<p>Michel Ferracci n&rsquo;\u00e9tait pas non plus au Festival de Cannes, qui a pourtant <a href=\"https:\/\/www.public.fr\/emilie-dequenne-deux-mois-apres-sa-mort-lhommage-poignant-au-festival-de-cannes\" target=\"_blank\" rel=\"noopener\">salu\u00e9 la m\u00e9moire de sa femme<\/a>. Il faut dire que la carri\u00e8re d&rsquo;\u00c9milie Dequenne avait commenc\u00e9 gr\u00e2ce au film des fr\u00e8res Dardenne, \u00ab\u00a0Rosetta\u00a0\u00bb, en 1999. Il lui avait valu un prix d&rsquo;interpr\u00e9tation sur la Croisette. <\/p>\n<p>\u00c0 la m\u00e9moire d&rsquo;\u00c9milie Dequenne<\/p>\n<p><a href=\"https:\/\/www.public.fr\/michael-youn-leila-bekhti-alexandra-lamy-pluie-dhommages-apres-la-mort-demilie-dequenne\" target=\"_blank\" rel=\"noopener\">Apr\u00e8s les obs\u00e8ques,<\/a> Michel Ferracci a pr\u00e9f\u00e9r\u00e9 le silence. Il a toutefois \u00e9crit le 29 mars 2025 un long message \u00e0 son amour. Sur Instagram, il lui avait notamment d\u00e9clar\u00e9 : \u00ab\u00a0Quelle chance d\u2019avoir crois\u00e9 ton chemin, mon \u00e2me s\u0153ur, et <a href=\"https:\/\/www.public.fr\/mort-demilie-dequenne-les-bouleversantes-confidences-de-son-mari-michel-ferracci-cinq-jours-avant-de-partir\" target=\"_blank\" rel=\"noopener\">quelle injustice d\u2019avoir \u00e9t\u00e9 s\u00e9par\u00e9s<\/a>\u2026\u00a0\u00bb<\/p>\n<p>Et d&rsquo;ajouter : \u00ab\u00a0Nous avons men\u00e9 cette bataille ensemble, sans rel\u00e2che, pendant plus d\u2019un an et demi. Malheureusement, nous ne l\u2019avons pas gagn\u00e9e\u00a0\u00bb. \u00c9milie Dequenne a \u00e9t\u00e9 emport\u00e9e par un cancer \u00e0 l&rsquo;\u00e2ge de 43 ans.<\/p>\n<p>      Mentionn\u00e9s dans cet article<\/p>\n<p>\u00c0 lire aussi<\/p>\n","protected":false},"excerpt":{"rendered":"R\u00e9sum\u00e9 Trois mois apr\u00e8s la disparition d&rsquo;\u00c9milie Dequenne, son mari Michel Ferracci refait surface publiquement \u00e0 Roland-Garros, accompagn\u00e9&hellip;\n","protected":false},"author":2,"featured_media":146999,"comment_status":"","ping_status":"","sticky":false,"template":"","format":"standard","meta":{"footnotes":""},"categories":[1359],"tags":[101,7306,58,294,59,1011,27,1930,18,973],"class_list":{"0":"post-146998","1":"post","2":"type-post","3":"status-publish","4":"format-standard","5":"has-post-thumbnail","7":"category-people","8":"tag-cancer","9":"tag-cannes","10":"tag-divertissement","11":"tag-emilie-dequenne","12":"tag-entertainment","13":"tag-fr","14":"tag-france","15":"tag-mariage","16":"tag-mort","17":"tag-people"},"share_on_mastodon":{"url":"https:\/\/pubeurope.com\/@fr\/114615134834650242","error":""},"_links":{"self":[{"href":"https:\/\/www.europesays.com\/fr\/wp-json\/wp\/v2\/posts\/146998","targetHints":{"allow":["GET"]}}],"collection":[{"href":"https:\/\/www.europesays.com\/fr\/wp-json\/wp\/v2\/posts"}],"about":[{"href":"https:\/\/www.europesays.com\/fr\/wp-json\/wp\/v2\/types\/post"}],"author":[{"embeddable":true,"href":"https:\/\/www.europesays.com\/fr\/wp-json\/wp\/v2\/users\/2"}],"replies":[{"embeddable":true,"href":"https:\/\/www.europesays.com\/fr\/wp-json\/wp\/v2\/comments?post=146998"}],"version-history":[{"count":0,"href":"https:\/\/www.europesays.com\/fr\/wp-json\/wp\/v2\/posts\/146998\/revisions"}],"wp:featuredmedia":[{"embeddable":true,"href":"https:\/\/www.europesays.com\/fr\/wp-json\/wp\/v2\/media\/146999"}],"wp:attachment":[{"href":"https:\/\/www.europesays.com\/fr\/wp-json\/wp\/v2\/media?parent=146998"}],"wp:term":[{"taxonomy":"category","embeddable":true,"href":"https:\/\/www.europesays.com\/fr\/wp-json\/wp\/v2\/categories?post=146998"},{"taxonomy":"post_tag","embeddable":true,"href":"https:\/\/www.europesays.com\/fr\/wp-json\/wp\/v2\/tags?post=146998"}],"curies":[{"name":"wp","href":"https:\/\/api.w.org\/{rel}","templated":true}]}}