{"id":147026,"date":"2025-06-02T18:29:15","date_gmt":"2025-06-02T18:29:15","guid":{"rendered":"https:\/\/www.europesays.com\/fr\/147026\/"},"modified":"2025-06-02T18:29:15","modified_gmt":"2025-06-02T18:29:15","slug":"cometa-les-composants-optiques-revus-par-les-metasurfaces","status":"publish","type":"post","link":"https:\/\/www.europesays.com\/fr\/147026\/","title":{"rendered":"Cometa\u00a0: les composants optiques revus par les m\u00e9tasurfaces"},"content":{"rendered":"<p class=\"is-style-chapo\">Universit\u00e9 Jean-Monnet et CNRS, par le biais de leur laboratoire Hubert Curien, sont associ\u00e9s depuis des mois au groupe HEF autour du laboratoire commun \u00ab\u00a0Composants Optiques \u00e0 base de M\u00e9tasurfaces\u00a0\u00bb (Cometa) cr\u00e9\u00e9 \u00e0 Saint-Etienne. Objectif : mettre au point des formes de \u00ab\u00a0composants optiques aux comportements in\u00e9dits\u00a0\u00bb en utilisant les propri\u00e9t\u00e9s particuli\u00e8res de structures de taille nanom\u00e9trique via des \u00ab m\u00e9tasurfaces \u00bb. Enjeux fondamentaux en perspective : aussi bien pour la recherche en soi que des futurs march\u00e9s pour l\u2019entreprise lig\u00e9rienne. \u00a0<\/p>\n<p><img fetchpriority=\"high\" decoding=\"async\" width=\"1024\" height=\"576\" src=\"https:\/\/www.europesays.com\/fr\/wp-content\/uploads\/2025\/06\/Une-1024x576.jpg\" alt=\"\" class=\"wp-image-79460\"  \/>Repr\u00e9sentants des \u00e9tablissements public, priv\u00e9s porteurs et \/ ou partenaires de Cometa lors de son inauguration mi-mai \u00e0 Saint-Etienne. \u00a9Arnaud Salanon \/ UJM<\/p>\n<p>De nouvelles vues autour des composants optiques se jouent ici, \u00e0 Saint-Etienne. C\u2019est ce que clament l\u2019industriel <a href=\"https:\/\/hef.group\/le-groupe-hef\/\" target=\"_blank\" rel=\"noreferrer noopener\">HEF<\/a> et son partenaire l\u2019universit\u00e9 Jean Monnet via son laboratoire <a href=\"https:\/\/www.google.com\/url?sa=t&amp;source=web&amp;rct=j&amp;opi=89978449&amp;url=https:\/\/laboratoirehubertcurien.univ-st-etienne.fr\/en\/index.html&amp;ved=2ahUKEwib6uCxnNONAxWAKvsDHS0JKisQFnoECEUQAQ&amp;usg=AOvVaw3Z9nEa0NnZLFK_1fIcOzLJ\" target=\"_blank\" rel=\"noreferrer noopener\">Hubert Curien<\/a>, rattach\u00e9 au CNRS, pi\u00e8ce majeure de la recherche st\u00e9phanoise \u2013 et de la recherche fran\u00e7aise tout court \u2013 en raison de son expertise et de sa ma\u00eetrise des lasers tr\u00e8s haute performance. ETI internationale lig\u00e9rienne alignant pas moins de 3\u00a0200 salari\u00e9s dans le monde (dont environ 500 en sud Loire), 90 sites industriels, une pr\u00e9sence dans 21 pays et 330 M\u20ac de CA en 2023\/24, HEF n\u2019en est pas \u00e0 sa premi\u00e8re collaboration avec la recherche publique universitaire locale.<\/p>\n<p>Mi-mai, aux c\u00f4t\u00e9s des repr\u00e9sentants de l\u2019universit\u00e9, du CNRS, de l\u2019Etat, de Saint-Etienne M\u00e9tropole aussi, l\u2019entreprise \u2013 plus exactement <a href=\"https:\/\/www.google.com\/url?sa=t&amp;source=web&amp;rct=j&amp;opi=89978449&amp;url=https:\/\/hef.group\/la-rd-au-coeur-de-notre-adn\/&amp;ved=2ahUKEwiD1PqUntONAxUQVaQEHa7lAH0QFnoECAkQAQ&amp;usg=AOvVaw1fgxhrAvBvDarO0HGYchzj\" target=\"_blank\" rel=\"noreferrer noopener\">Ireis<\/a>, sa filiale R&amp;D \u2013 inaugurait la derni\u00e8re en date\u00a0: le laboratoire Cometa implant\u00e9 pour une partie de ses activit\u00e9s derri\u00e8re ses propres murs, ceux de son site st\u00e9phanois jouxtant le campus Manufacture. L\u00e0 o\u00f9 se situe opportun\u00e9ment, puisqu\u2019\u00e0 deux pas son partenaire public le laboratoire Hubert-Curien. Le sp\u00e9cialiste de l\u2019ing\u00e9nierie des traitements des surfaces qu\u2019est <a href=\"https:\/\/www.if-saint-etienne.fr\/economie\/industrie\/hef-investit-40-me-autour-de-lhydrogene-vert-a-saint-etienne\" target=\"_blank\" rel=\"noreferrer noopener\">HEF<\/a> \u2013 ses technologiques les modifient pour donner aux mat\u00e9riaux de nouvelles capacit\u00e9s, les optimisant, cr\u00e9ant de nouvelles fonctionnalit\u00e9s \u2013 investit d\u00e9j\u00e0, 2 M\u20ac depuis un an, et envisage d\u2019investir encore, soit 8 M\u20ac (notamment dans une ligne de production pilote), dans ce d\u00e9veloppement technologique, pr\u00e9sent\u00e9 comme de \u00ab\u00a0rupture\u00a0\u00bb par les acteurs lig\u00e9riens, autour de la photonique.<\/p>\n<p>March\u00e9s \u00e9mergents d\u2019ici 5 \u00e0 15 ans<\/p>\n<p>Les composants optiques sont en effet d\u00e9j\u00e0 omnipr\u00e9sents dans la vie de tous les jours (t\u00e9l\u00e9phones portables, v\u00e9hicules) ou encore les \u00e9quipements industriels comme les microscopes, dispositifs m\u00e9dicaux, cam\u00e9ras\u2026 Or, la maitrise du rapport lumi\u00e8re \/ m\u00e9tasurfaces \u2013 raison d\u2019\u00eatre du laboratoire Cometa \u2013 devrait, ou plut\u00f4t, \u00e0 entendre les discours entendus lors de cette inauguration, \u00ab\u00a0va\u00a0\u00bb les faire entrer dans une nouvelle \u00e8re lourde de cons\u00e9quences pour leur industrie. \u00ab\u00a0Les m\u00e9tasurfaces sont des assemblages de structures micro\/nanom\u00e9triques en surface des mat\u00e9riaux, capables de manipuler la lumi\u00e8re de mani\u00e8re innovante. Les m\u00e9tasurfaces permettent ainsi une mise en forme des ondes lumineuses avec un gain significatif en taille et en masse par rapport aux composants traditionnels \u00bb, synth\u00e9tise la communication commune autour du nouveau laboratoire \u00ab Composants Optiques \u00e0 base de METAsurfaces \u00bb (Cometa).<\/p>\n<blockquote class=\"wp-block-quote is-layout-flow wp-block-quote-is-layout-flow\">\n<p>Les m\u00e9tasurfaces permettent une mise en forme des ondes lumineuses avec un gain significatif en taille et en masse par rapport aux composants traditionnels<\/p>\n<\/blockquote>\n<p>\u00ab\u00a0Elles offrent \u00e9galement des degr\u00e9s de libert\u00e9 de conception in\u00e9dits, permettant des comportements optiques jusqu\u2019alors inaccessibles\u00a0\u00bb, ajoute-t-elle.\u00a0Cometa mutualise, pour au moins 5 ans, les moyens et expertises d\u2019Ireis donc et ceux du laboratoire <a href=\"https:\/\/www.if-saint-etienne.fr\/?s=Hubert+Curien\" target=\"_blank\" rel=\"noreferrer noopener\">Hubert Curien<\/a>. Les m\u00e9tasurfaces permettent une mise en forme des ondes lumineuses avec un gain significatif en taille et en masse par rapport aux composants traditionnels. El\u00e9ment du d\u00e9veloppement technologique d\u2019HEF sur cette th\u00e9matique d\u00e9sign\u00e9e comme \u00e0 fort enjeu de croissance, Cometa vise ainsi \u00e0 \u00ab\u00a0d\u00e9velopper de nouveaux concepts, mod\u00e8les et proc\u00e9d\u00e9s de traitement de surface de composants optiques bas\u00e9s sur les m\u00e9tasurfaces\u00a0\u00bb. Ce projet positionne ainsi la division photonique du groupe HEF lanc\u00e9e en 2021- 9 sites dont 5 en France \u2013 pesant d\u00e9j\u00e0 \u00e0 elle seule pas moins de 40 M\u20ac de CA \u00ab\u00a0sur les march\u00e9s \u00e9mergents des 5 \u00e0 15 prochaines ann\u00e9es. Il n\u00e9cessitera le d\u00e9ploiement de technologies avanc\u00e9es telles que la lithographie par nanoimpression, la photolithographie et la gravure par plasma et laser, pour fa\u00e7onner de nouveaux mat\u00e9riaux \u00bb.<\/p>\n<p>L\u2019ambition de r\u00e9f\u00e9rence en \u00ab fonderie \u00bb photonique\u00a0\u00bb<\/p>\n<p>Forc\u00e9ment, \u00ab\u00a0les questions soulev\u00e9es par ces d\u00e9fis technologiques int\u00e9ressent les scientifiques du laboratoire Hubert Curien\u00a0\u00bb qui apporte \u00e0 HEF via ses fameux lasers \u00e0 impulsions ultra courtes \u00ab\u00a0son expertise en mod\u00e9lisation, en fabrication et en caract\u00e9risation de micro\/nanostructures\u00a0\u00bb. Le laboratoire st\u00e9phanois pourra aussi \u00ab\u00a0gr\u00e2ce \u00e0 son \u00e9quipe Inria, d\u00e9velopper des outils d\u2019intelligence artificielle pour l\u2019ing\u00e9nierie des surfaces\u00a0\u00bb. Cometa donne lieu \u00e0 deux th\u00e8ses doctorales d\u00e8s sa premi\u00e8re ann\u00e9e d\u2019existence et souhaite \u00ab\u00a0participer \u00e0 des projets collaboratifs au niveau national et europ\u00e9en. Un premier projet majeur concerne la fabrication de nanostructures sur des fen\u00eatres de <a href=\"https:\/\/www.facebook.com\/watch\/?v=1190258945402987\" target=\"_blank\" rel=\"noopener\">Lidar<\/a> pour v\u00e9hicules autonomes. Des projets trouvant des applications dans le domaine de la biophotonique sont en pr\u00e9paration\u00a0\u00bb.<\/p>\n<p>Les acteurs derri\u00e8re Cometa affichent l\u2019ambition de devenir \u00ab\u00a0une r\u00e9f\u00e9rence en R&amp;D\u00a0\u00bb dans le domaine des surfaces de type \u00ab\u00a0\u00ab fonderie \u00bb photonique\u00a0\u00bb, \u00ab\u00a0offrant des services de pointe en Europe et dans le monde pour le d\u00e9veloppement de composants optiques\u00a0\u00bb. A noter, qu\u2019au titre de sa comp\u00e9tence \u00ab\u00a0enseignement sup\u00e9rieur\u00a0\u00bb, voire alli\u00e9e \u00e0 celle dans le domaine \u00e9conomique, Saint-Etienne M\u00e9tropole a particip\u00e9 \u00e0 l\u2019investissement r\u00e9clam\u00e9 par la cr\u00e9ation de Cometa \u00e0 hauteur de 500\u00a0000 \u20ac.<\/p>\n","protected":false},"excerpt":{"rendered":"Universit\u00e9 Jean-Monnet et CNRS, par le biais de leur laboratoire Hubert Curien, sont associ\u00e9s depuis des mois au&hellip;\n","protected":false},"author":2,"featured_media":147027,"comment_status":"","ping_status":"","sticky":false,"template":"","format":"standard","meta":{"footnotes":""},"categories":[9653],"tags":[1111,11,2430,27597,1777,674,1011,27,27598,27599,12,27600,27601,25,4001,27602,27603,27604],"class_list":{"0":"post-147026","1":"post","2":"type-post","3":"status-publish","4":"format-standard","5":"has-post-thumbnail","7":"category-saint-etienne","8":"tag-actu","9":"tag-actualites","10":"tag-auvergne-rhone-alpes","11":"tag-collaboratif","12":"tag-eu","13":"tag-europe","14":"tag-fr","15":"tag-france","16":"tag-hef","17":"tag-laboratoire-hubert-curien","18":"tag-news","19":"tag-photonique","20":"tag-recherche-universite-jean-monnet-saint-etienne","21":"tag-republique-francaise","22":"tag-saint-etienne","23":"tag-traitement-de-surfaces","24":"tag-universite-jean-monnet","25":"tag-universite-jean-monnet-saint-etienne"},"share_on_mastodon":{"url":"https:\/\/pubeurope.com\/@fr\/114615193694001935","error":""},"_links":{"self":[{"href":"https:\/\/www.europesays.com\/fr\/wp-json\/wp\/v2\/posts\/147026","targetHints":{"allow":["GET"]}}],"collection":[{"href":"https:\/\/www.europesays.com\/fr\/wp-json\/wp\/v2\/posts"}],"about":[{"href":"https:\/\/www.europesays.com\/fr\/wp-json\/wp\/v2\/types\/post"}],"author":[{"embeddable":true,"href":"https:\/\/www.europesays.com\/fr\/wp-json\/wp\/v2\/users\/2"}],"replies":[{"embeddable":true,"href":"https:\/\/www.europesays.com\/fr\/wp-json\/wp\/v2\/comments?post=147026"}],"version-history":[{"count":0,"href":"https:\/\/www.europesays.com\/fr\/wp-json\/wp\/v2\/posts\/147026\/revisions"}],"wp:featuredmedia":[{"embeddable":true,"href":"https:\/\/www.europesays.com\/fr\/wp-json\/wp\/v2\/media\/147027"}],"wp:attachment":[{"href":"https:\/\/www.europesays.com\/fr\/wp-json\/wp\/v2\/media?parent=147026"}],"wp:term":[{"taxonomy":"category","embeddable":true,"href":"https:\/\/www.europesays.com\/fr\/wp-json\/wp\/v2\/categories?post=147026"},{"taxonomy":"post_tag","embeddable":true,"href":"https:\/\/www.europesays.com\/fr\/wp-json\/wp\/v2\/tags?post=147026"}],"curies":[{"name":"wp","href":"https:\/\/api.w.org\/{rel}","templated":true}]}}