{"id":147030,"date":"2025-06-02T18:31:15","date_gmt":"2025-06-02T18:31:15","guid":{"rendered":"https:\/\/www.europesays.com\/fr\/147030\/"},"modified":"2025-06-02T18:31:15","modified_gmt":"2025-06-02T18:31:15","slug":"necrologie-deces-de-claude-masson","status":"publish","type":"post","link":"https:\/\/www.europesays.com\/fr\/147030\/","title":{"rendered":"N\u00e9crologie. D\u00e9c\u00e8s de Claude Masson"},"content":{"rendered":"<p>Nous apprenons le d\u00e9c\u00e8s de Claude Masson, mara\u00eecher, survenu le 29\u00a0mai \u00e0 son domicile, \u00e0 l\u2019\u00e2ge de 83 ans.<\/p>\n<p>N\u00e9 \u00e0 Nancy, Claude a \u00e9pous\u00e9 Colette Courty en 1967. De leur union est n\u00e9e Catherine, \u00e9pouse de Francis Haraux. Trois petits-enfants, Emeline, Romain et Alice, ainsi que deux arri\u00e8re-petites-filles, Oc\u00e9ane et Valentine, sont venus agrandir le cercle familial.<\/p>\n<p>Claude Masson a d\u00e9couvert sa vocation chez sa grand-m\u00e8re, mara\u00eech\u00e8re rue de Vayringe depuis 1905. Sa vie professionnelle, d\u00e9marr\u00e9e en 1958, apr\u00e8s ses \u00e9tudes \u00e0 Roville-aux-Ch\u00eanes, dans les Vosges, a \u00e9t\u00e9 consacr\u00e9e au mara\u00eechage. Il a vendu ses l\u00e9gumes au march\u00e9 de Vand\u0153uvre de 1973 \u00e0 2020. Ses journ\u00e9es enti\u00e8res \u00e9taient consacr\u00e9es au jardinage, sa seule passion. Officiellement retrait\u00e9 depuis 2004, il a travaill\u00e9 jusqu\u2019\u00e0 la veille de son d\u00e9c\u00e8s.<\/p>\n<p>Il laissera \u00e0 tous ses clients et amis le souvenir d\u2019un homme courageux, travailleur, serviable, toujours souriant, et \u00e0 sa famille celui d\u2019un p\u00e8re et grand-p\u00e8re tr\u00e8s aimant et attentionn\u00e9.<\/p>\n<p>Nos condol\u00e9ances.<\/p>\n","protected":false},"excerpt":{"rendered":"Nous apprenons le d\u00e9c\u00e8s de Claude Masson, mara\u00eecher, survenu le 29\u00a0mai \u00e0 son domicile, \u00e0 l\u2019\u00e2ge de 83&hellip;\n","protected":false},"author":2,"featured_media":147031,"comment_status":"","ping_status":"","sticky":false,"template":"","format":"standard","meta":{"footnotes":""},"categories":[9635],"tags":[1111,11,9223,1704,1777,674,1011,27,775,1702,1703,1391,12,25,104],"class_list":{"0":"post-147030","1":"post","2":"type-post","3":"status-publish","4":"format-standard","5":"has-post-thumbnail","7":"category-nancy","8":"tag-actu","9":"tag-actualites","10":"tag-carnet-du-jour","11":"tag-edition-nancy-et-agglomeration","12":"tag-eu","13":"tag-europe","14":"tag-fr","15":"tag-france","16":"tag-grand-est","17":"tag-nancy","18":"tag-nancy-ville-54b","19":"tag-necrologie","20":"tag-news","21":"tag-republique-francaise","22":"tag-societe"},"share_on_mastodon":{"url":"https:\/\/pubeurope.com\/@fr\/114615201470290373","error":""},"_links":{"self":[{"href":"https:\/\/www.europesays.com\/fr\/wp-json\/wp\/v2\/posts\/147030","targetHints":{"allow":["GET"]}}],"collection":[{"href":"https:\/\/www.europesays.com\/fr\/wp-json\/wp\/v2\/posts"}],"about":[{"href":"https:\/\/www.europesays.com\/fr\/wp-json\/wp\/v2\/types\/post"}],"author":[{"embeddable":true,"href":"https:\/\/www.europesays.com\/fr\/wp-json\/wp\/v2\/users\/2"}],"replies":[{"embeddable":true,"href":"https:\/\/www.europesays.com\/fr\/wp-json\/wp\/v2\/comments?post=147030"}],"version-history":[{"count":0,"href":"https:\/\/www.europesays.com\/fr\/wp-json\/wp\/v2\/posts\/147030\/revisions"}],"wp:featuredmedia":[{"embeddable":true,"href":"https:\/\/www.europesays.com\/fr\/wp-json\/wp\/v2\/media\/147031"}],"wp:attachment":[{"href":"https:\/\/www.europesays.com\/fr\/wp-json\/wp\/v2\/media?parent=147030"}],"wp:term":[{"taxonomy":"category","embeddable":true,"href":"https:\/\/www.europesays.com\/fr\/wp-json\/wp\/v2\/categories?post=147030"},{"taxonomy":"post_tag","embeddable":true,"href":"https:\/\/www.europesays.com\/fr\/wp-json\/wp\/v2\/tags?post=147030"}],"curies":[{"name":"wp","href":"https:\/\/api.w.org\/{rel}","templated":true}]}}