{"id":147032,"date":"2025-06-02T18:32:10","date_gmt":"2025-06-02T18:32:10","guid":{"rendered":"https:\/\/www.europesays.com\/fr\/147032\/"},"modified":"2025-06-02T18:32:10","modified_gmt":"2025-06-02T18:32:10","slug":"chasse-au-tresor-pique-nique-blind-test-musical-retour-sur-la-fete-mont-faron-qui-a-reuni-les-familles-ce-dimanche","status":"publish","type":"post","link":"https:\/\/www.europesays.com\/fr\/147032\/","title":{"rendered":"Chasse au tr\u00e9sor, pique-nique, blind test musical&#8230; Retour sur la f\u00eate Mon(t) Faron qui a r\u00e9uni les familles ce dimanche"},"content":{"rendered":"<p>L\u2019an dernier, la pluie avait perturb\u00e9 la f\u00eate. Cette ann\u00e9e, hors de question. <strong>L\u2019\u00e9quipe de Tandem 83<\/strong> a mont\u00e9 tout son mat\u00e9riel pour c\u00e9l\u00e9brer l\u2019avant-saison en pleine nature. Au-dessus de la m\u00eal\u00e9e.<\/p>\n<p>Tout a d\u00e9but\u00e9 \u00e0 10h30, hier, au <strong>M\u00e9morial du d\u00e9barquement et de la lib\u00e9ration de la Provence o\u00f9 une visite comment\u00e9e attendait les familles.<\/strong> Entr\u00e9e gratuite. Puis une chasse aux tr\u00e9sors \u00e9tait propos\u00e9e par l\u2019association Les Yeux dans les jeux pour d\u00e9couvrir la pin\u00e8de des hauts du Faron. \u00ab\u00a0C\u2019est une fa\u00e7on de se balader tous ensemble pendant une heure. Sur place se trouvent \u00e9galement des jeux de soci\u00e9t\u00e9 en acc\u00e8s libre et des jouets en bois pour contenter tous les publics, des plus petits aux plus grands\u00a0\u00bb, explique Bruno Suzanna, \u00e0 la t\u00eate de l\u2019association toulonnaise.<\/p>\n<p>Land art et concert du conservatoire <\/p>\n<p>Mais le centre de gravit\u00e9 de la manifestation se trouvait au th\u00e9\u00e2tre de verdure du Faron qui s\u2019est transform\u00e9, le temps d\u2019une journ\u00e9e, en espace ludique XXL. \u00ab\u00a0On a accueilli trois cents personnes dans la journ\u00e9e qui ont pu se balader entre l\u2019atelier maquillage organis\u00e9 par les scouts de France aux jeux divers comme le Quarto, Quixo, Puissance 4, Katamino, Jenga, Passe trappe et j\u2019en passe\u00a0\u00bb, explique Patricia Delot-Legay, co-directrice de Tandem et coordinatrice de l\u2019\u00e9v\u00e9nement. \u00ab\u00a0Lisa Jacomen, une artiste plasticienne, a m\u00eame propos\u00e9 un atelier tourn\u00e9 vers le paysage environnant, le land art.\u00a0\u00bb<\/p>\n<p>Sous les pins, <strong>les stands de p\u00eache aux canards<\/strong> et <strong>chamboule-tout<\/strong> permettaient aux plus habiles de gagner des bons pour le t\u00e9l\u00e9ph\u00e9rique. Enfin, <strong>un blind-test musical<\/strong> a cl\u00f4tur\u00e9 la manifestation avant le <strong>grand concert des \u00e9l\u00e8ves du Conservatoire TPM<\/strong> qui ont jou\u00e9 des pi\u00e8ces d\u2019un r\u00e9pertoire tr\u00e8s large: soul, pop, jazz&#8230;<\/p>\n<p>Il \u00e9tait interdit de fumer sur le site, bien s\u00fbr, mais pas de s\u2019y amuser. Ce que de nombreux Toulonnais ont fait jusqu\u2019en d\u00e9but de soir\u00e9e.<\/p>\n","protected":false},"excerpt":{"rendered":"L\u2019an dernier, la pluie avait perturb\u00e9 la f\u00eate. Cette ann\u00e9e, hors de question. L\u2019\u00e9quipe de Tandem 83 a&hellip;\n","protected":false},"author":2,"featured_media":147033,"comment_status":"","ping_status":"","sticky":false,"template":"","format":"standard","meta":{"footnotes":""},"categories":[9619],"tags":[1111,11,1777,674,1011,27,1393,12,882,25,2310],"class_list":{"0":"post-147032","1":"post","2":"type-post","3":"status-publish","4":"format-standard","5":"has-post-thumbnail","7":"category-toulon","8":"tag-actu","9":"tag-actualites","10":"tag-eu","11":"tag-europe","12":"tag-fr","13":"tag-france","14":"tag-loisirs","15":"tag-news","16":"tag-provence-alpes-cote-dazur","17":"tag-republique-francaise","18":"tag-toulon"},"share_on_mastodon":{"url":"https:\/\/pubeurope.com\/@fr\/114615205454529220","error":""},"_links":{"self":[{"href":"https:\/\/www.europesays.com\/fr\/wp-json\/wp\/v2\/posts\/147032","targetHints":{"allow":["GET"]}}],"collection":[{"href":"https:\/\/www.europesays.com\/fr\/wp-json\/wp\/v2\/posts"}],"about":[{"href":"https:\/\/www.europesays.com\/fr\/wp-json\/wp\/v2\/types\/post"}],"author":[{"embeddable":true,"href":"https:\/\/www.europesays.com\/fr\/wp-json\/wp\/v2\/users\/2"}],"replies":[{"embeddable":true,"href":"https:\/\/www.europesays.com\/fr\/wp-json\/wp\/v2\/comments?post=147032"}],"version-history":[{"count":0,"href":"https:\/\/www.europesays.com\/fr\/wp-json\/wp\/v2\/posts\/147032\/revisions"}],"wp:featuredmedia":[{"embeddable":true,"href":"https:\/\/www.europesays.com\/fr\/wp-json\/wp\/v2\/media\/147033"}],"wp:attachment":[{"href":"https:\/\/www.europesays.com\/fr\/wp-json\/wp\/v2\/media?parent=147032"}],"wp:term":[{"taxonomy":"category","embeddable":true,"href":"https:\/\/www.europesays.com\/fr\/wp-json\/wp\/v2\/categories?post=147032"},{"taxonomy":"post_tag","embeddable":true,"href":"https:\/\/www.europesays.com\/fr\/wp-json\/wp\/v2\/tags?post=147032"}],"curies":[{"name":"wp","href":"https:\/\/api.w.org\/{rel}","templated":true}]}}