{"id":147036,"date":"2025-06-02T18:34:13","date_gmt":"2025-06-02T18:34:13","guid":{"rendered":"https:\/\/www.europesays.com\/fr\/147036\/"},"modified":"2025-06-02T18:34:13","modified_gmt":"2025-06-02T18:34:13","slug":"deux-soirees-festives-en-mode-vibrations-a-vivre-en-famille-en-juin","status":"publish","type":"post","link":"https:\/\/www.europesays.com\/fr\/147036\/","title":{"rendered":"deux soir\u00e9es festives en mode Vibrations \u00e0 vivre en famille en juin"},"content":{"rendered":"<p>            Par<br \/>\n        <strong><br \/>\n            <a href=\"https:\/\/actu.fr\/auteur\/metropoop\" title=\"Consulter tous les articles de R\u00e9daction M\u00e9tropolitain\" target=\"_blank\" rel=\"noopener\">R\u00e9daction M\u00e9tropolitain<\/a><br \/>\n        <\/strong><\/p>\n<p>        Publi\u00e9 le<\/p>\n<p>            2 juin 2025 \u00e0 20h12        <\/p>\n<p>Le vendredi 13 et le samedi 14 juin 2025 en soir\u00e9e, la <strong>Ville de Castries<\/strong> propose la troisie\u0300me e\u0301dition de son rendez- vous estival Le Cha\u0302teau, qui se de\u0301cline cette anne\u0301e en <strong>mode Vibrations<\/strong>.<\/p>\n<p class=\" wall-content\">Deux jours de programmation e\u0301clectique ouverte a\u0300 tous avec un ope\u0301ra de rue, un spectacle de cirque trampoline, du clown et de la musique\u00a0pour ce\u0301le\u0301brer la diversite\u0301 culturelle.<\/p>\n<p>    <a href=\"https:\/\/www.google.com\/maps\/embed?pb=!1m18!1m12!1m3!1d3941.8538547696535!2d3.9823182795868433!3d43.67716455615407!2m3!1f0!2f0!3f0!3m2!1i1024!2i768!4f13.1!3m3!1m2!1s0x12b6a6d348e9d035%3A0x9ce9225aef052530!2sCh%C3%A2teau%20de%20Castries!5e0!3m2!1sfr!2sfr!4v1745854699779!5m2!1sfr!2sfr\" title=\"Ouvrie le lien\" target=\"_blank\" rel=\"noopener\">Cliquez ici pour visualiser le contenu<\/a><\/p>\n<p class=\" wall-content\">Plongez dans une expe\u0301rience unique ou\u0300 les arts de rue se re\u0301inventent dans l\u2019e\u0301crin de la cour d\u2019honneur Gilbert Pastor du Cha\u0302teau de Castries. Les spectacles revisitent les disciplines traditionnelles pour des moments vibrants de de\u0301couverte et de partage.<\/p>\n<p class=\" wall-content\">Cha\u0302teau de Castries \u2013 Cour d\u2019honneur Gilbert Pastor Acce\u0300s pie\u0301tons par la rue du Cha\u0302teau Parkings gratuits place des Liberte\u0301s et Espace Gare Tarifs vendredi 13 \u2013 Tarif : 15 \u20ac \u2013 Re\u0301duit : 10 \u20ac \u2013 \u2013 18 ans : 5 \u20ac. Gratuit \u2013 3 ans. Samedi 14 \u2013 Tarif : 10 \u20ac \u2013 Re\u0301duit et \u2013 18 ans : 10 \u20ac. Famille 20 \u20ac. Gratuit \u2013 3 ans. Acc\u00e8s et parking.<\/p>\n<p>Le programme<\/p>\n<p class=\" wall-content\"><strong>Vendredi 13 juin 2025<\/strong><\/p>\n<p class=\" wall-content\"><strong>19h30<\/strong> \u2013 Elixirs ? Pagailles vocales all\u2019italiana.<\/p>\n<p>Vid\u00e9os : en ce moment sur Actu<\/p>\n<p class=\" wall-content\">Compagnie A bout de souffle \u2013 Ope\u0301ra de rue<br \/>A partir de 7 ans \u2013 Dure\u0301e 1h20 \u2013 Ouverture du site a\u0300 18h30 \u2013 Spectacle a\u0300 19h30 Tarif plein : 15\u20ac. Re\u0301duit : 10 \u20ac . \u2013 18 ans : 5\u20ac<\/p>\n<p class=\" wall-content\">Joue\u0301 en plein air, ce spectacle atypique propose une relecture interactive de L\u2019E\u0301lixir d\u2019amour de Donizetti. Cinq chanteurs- come\u0301diens de\u0301chai\u0302ne\u0301s et trois musiciens (accorde\u0301on, clarinette, guitare) revisitent la partition en fusionnant l\u2019ope\u0301ra classique, la varie\u0301te\u0301 italienne et la chanson populaire.<\/p>\n<p class=\" wall-content\">Nemorino, un jeune villageois, est e\u0301perdument amoureux d\u2019Adina, qui le rejette. Dulcamara, un charlatan, lui vend alors un pre\u0301tendu \u00ab\u00a0e\u0301lixir d\u2019amour\u00a0\u00bb, en re\u0301alite\u0301 du simple vin.\u00a0Une se\u0301rie de quiproquos s\u2019ensuit, bouleversant le destin des personnages.\u00a0Porte\u0301e par une troupe d\u2019artistes lyriques de\u0301complexe\u0301s et de come\u0301diens-chanteurs de cabaret, cette adaptation s\u2019appuie sur un accorde\u0301oniste virtuose, un clarinettiste baroque aux accents klezmer et un guitariste percussionniste. Ensemble, ils transforment la cour du Cha\u0302teau en un ve\u0301ritable terrain de jeu pour une expe\u0301rience d\u2019ope\u0301ra ine\u0301dite.<\/p>\n<p class=\" wall-content\">Le spectacle navigue sans cesse entre re\u0301alite\u0301 et fiction, voix parle\u0301e et chante\u0301e, franc\u0327ais et italien, rires et e\u0301motions. Dans cette mise en sce\u0300ne insolite, le public est invite\u0301 a\u0300 chanter, re\u0301agir et a\u0300 partager l\u2019effervescence de cette fe\u0302te lyrique et populaire.<\/p>\n<p>Un repas italien<\/p>\n<p class=\" wall-content\"><strong>21h<\/strong> \u2013 Repas italien dans la cour du Cha\u0302teau : restez manger sur place dans l\u2019ambiance du spectacle et le cadre magnifique de la cour du Cha\u0302teau de Castries Re\u0301servation obligatoire au moment de l\u2018achat des billets.\u00a0Tarif : 15 \u20ac (menu entre\u0301e, plat, dessert), options ve\u0301ge\u0301tariennes et menu enfant 10 \u20ac.<\/p>\n<p class=\" wall-content\"><strong>Samedi 14 juin<\/strong><\/p>\n<p class=\" wall-content\">Ouverture du site a\u0300 18h30.\u00a0Tarif plein : 10 \u20ac . Re\u0301duit et \u2013 18 ans : 5 \u20ac. Famille 25 \u20ac. Gratuit \u2013 3 ans. Tout public de\u0300s 6 ans \u2013 Dure\u0301e : 45 min<\/p>\n<p class=\" wall-content\"><strong>19h30<\/strong> \u2013 Clan Cabane Cie Contrebande \u2013 Cirque<br \/>Clan Cabane, c\u2019est un collectif de copains acrobates et constructeurs qui nous rassemblent autour de ce qui les amusent en tant qu\u2019adultes : redonner du corps a\u0300 leurs jeux d\u2019enfants, se lancer des de\u0301fis, se raconter des histoires.<br \/>Avec deux trampolines, quelques sangles et bastaings en bois, ils construisent des cabanes : abris e\u0301phe\u0301me\u0300res et terrains de jeux acrobatiques !<br \/>Leurs cahutes se forment et se de\u0301forment au gre\u0301 de leurs usages et cre\u0301ent un univers modulable a\u0300 l\u2019envie, qu\u2019ils habitent l\u2019esprit espie\u0300gle et avec une grande virtuosite\u0301.<\/p>\n<p class=\" wall-content\">Les cabanes, a\u0300 l\u2019image des clans, sont e\u0301phe\u0301me\u0300res. Elles deviennent des pas- sages et des re\u0301ve\u0301lateurs pour ceux qui les habitent. Dans un contexte ou\u0300 les espaces de vie et de liberte\u0301 se re\u0301duisent, et ou\u0300 le productivisme isole, Clan Cabane explore les usages de l\u2019espace et les dynamiques de groupe a\u0300 travers des expe\u0301riences partage\u0301es. Il s\u2019agit de cre\u0301er un univers temporaire pour se raconter, se de\u0301fier, rassembler souvenirs, de\u0301sirs, talents et folies, et se recon- necter, fugitivement, a\u0300 une part profonde de soi.<\/p>\n<p class=\" wall-content\"><strong>20h30 \u2013<\/strong> Taraf Goulamas, fanfare festive d\u2019inspiration tsigane<\/p>\n<p class=\" wall-content\">Taraf, c\u2019est quoi ? C\u2019est le nom donne\u0301 en Roumanie aux groupes de musiciens traditionnels. Ce nom e\u0301voque, plus largement, tout un imaginaire autour de la musique tzigane des Balkans. Goulamas : en languedocien, un individu ne\u0301glige\u0301 qui ba\u0302cle son travail. Un goulamas est maladroit, se tache, s\u2019habille mal, mange salement\u2026 On ne peut s\u2019empe\u0302cher d\u2019y voir une connotation sympathique ! Selon certains, en roumain, goulamas de\u0301signe aussi un artiste d\u2019exception.<\/p>\n<p class=\" wall-content\">L\u2019hommage aux <strong>musiques tsiganes<\/strong> est au c\u0153ur du projet de cette ce\u0301le\u0300bre fanfare montpellie\u0301raine. Inspire\u0301s par un re\u0301per- toire trouve sa source en Roumanie, Serbie, Mace\u0301doine ou encore\u00a0en Bulgarie, les sept musiciens y ajoutent leur sauce : des influences jazz, orientales ou latino mais aussi des com- positions originales, pour une invitation au voyage et a\u0300 la fe\u0302te.<\/p>\n<p class=\" wall-content\"><strong>Pendant la soire\u0301e<\/strong> : interme\u0300des clownesque\u00a0avec la Cie des Impre\u0301ve\u0301risibles. Jean-Charles Jeantet alias Igor vous accueille avec Bernadette, sa carriole musicale, ses ballons et vous pre\u0301pare pour les spectacles. Alors, pr\u00eats \u00e0 vibrer ?!<\/p>\n<p>&gt; Toutes les infos ici\u00a0<a href=\"https:\/\/www.castries.fr\" target=\"_blank\" rel=\"noopener\">https:\/\/www.castries.fr<\/a><\/p>\n<p class=\" wall-content\">Suivez toute l\u2019actualit\u00e9 de vos villes et m\u00e9dias favoris en vous inscrivant \u00e0 <a href=\"https:\/\/moncompte.actu.fr\" title=\"D\u00e9couvez Mon Actu\" rel=\"nofollow noopener\" data-trk=\"{&quot;cta&quot;:{&quot;action&quot;:&quot;https:\\\/\\\/moncompte.actu.fr&quot;,&quot;category&quot;:&quot;mon compte&quot;,&quot;from&quot;:&quot;article footer&quot;,&quot;name&quot;:&quot;Mon actu&quot;,&quot;type&quot;:&quot;cta&quot;}}\" target=\"_blank\">Mon Actu<\/a>.<\/p>\n","protected":false},"excerpt":{"rendered":"Par R\u00e9daction M\u00e9tropolitain Publi\u00e9 le 2 juin 2025 \u00e0 20h12 Le vendredi 13 et le samedi 14 juin&hellip;\n","protected":false},"author":2,"featured_media":147037,"comment_status":"","ping_status":"","sticky":false,"template":"","format":"standard","meta":{"footnotes":""},"categories":[9599],"tags":[1111,11,5398,1777,674,849,1011,27,452,1652,2208,12,2680,25],"class_list":{"0":"post-147036","1":"post","2":"type-post","3":"status-publish","4":"format-standard","5":"has-post-thumbnail","7":"category-montpellier","8":"tag-actu","9":"tag-actualites","10":"tag-cirque","11":"tag-eu","12":"tag-europe","13":"tag-festival","14":"tag-fr","15":"tag-france","16":"tag-italie","17":"tag-loisirs-culture","18":"tag-montpellier","19":"tag-news","20":"tag-occitanie","21":"tag-republique-francaise"},"share_on_mastodon":{"url":"https:\/\/pubeurope.com\/@fr\/114615213460116370","error":""},"_links":{"self":[{"href":"https:\/\/www.europesays.com\/fr\/wp-json\/wp\/v2\/posts\/147036","targetHints":{"allow":["GET"]}}],"collection":[{"href":"https:\/\/www.europesays.com\/fr\/wp-json\/wp\/v2\/posts"}],"about":[{"href":"https:\/\/www.europesays.com\/fr\/wp-json\/wp\/v2\/types\/post"}],"author":[{"embeddable":true,"href":"https:\/\/www.europesays.com\/fr\/wp-json\/wp\/v2\/users\/2"}],"replies":[{"embeddable":true,"href":"https:\/\/www.europesays.com\/fr\/wp-json\/wp\/v2\/comments?post=147036"}],"version-history":[{"count":0,"href":"https:\/\/www.europesays.com\/fr\/wp-json\/wp\/v2\/posts\/147036\/revisions"}],"wp:featuredmedia":[{"embeddable":true,"href":"https:\/\/www.europesays.com\/fr\/wp-json\/wp\/v2\/media\/147037"}],"wp:attachment":[{"href":"https:\/\/www.europesays.com\/fr\/wp-json\/wp\/v2\/media?parent=147036"}],"wp:term":[{"taxonomy":"category","embeddable":true,"href":"https:\/\/www.europesays.com\/fr\/wp-json\/wp\/v2\/categories?post=147036"},{"taxonomy":"post_tag","embeddable":true,"href":"https:\/\/www.europesays.com\/fr\/wp-json\/wp\/v2\/tags?post=147036"}],"curies":[{"name":"wp","href":"https:\/\/api.w.org\/{rel}","templated":true}]}}