{"id":147042,"date":"2025-06-02T18:37:09","date_gmt":"2025-06-02T18:37:09","guid":{"rendered":"https:\/\/www.europesays.com\/fr\/147042\/"},"modified":"2025-06-02T18:37:09","modified_gmt":"2025-06-02T18:37:09","slug":"un-professeur-relaxe-en-appel-pour-avoir-sorti-un-couteau-en-classe","status":"publish","type":"post","link":"https:\/\/www.europesays.com\/fr\/147042\/","title":{"rendered":"un professeur relax\u00e9 en appel pour avoir sorti un couteau en classe"},"content":{"rendered":"<p>En premi\u00e8re instance, l\u2019enseignant avait \u00e9t\u00e9 condamn\u00e9 \u00e0 six mois de prison avec sursis et \u00e0 une interdiction d\u2019enseigner de trois ans.<\/p>\n<p class=\"fig-paragraph\">Un professeur d&rsquo;histoire-g\u00e9ographie condamn\u00e9 au Havre en avril 2024 \u00e0 de la prison avec sursis pour violences psychologiques, apr\u00e8s avoir sorti un couteau\u00a0<a href=\"https:\/\/www.lefigaro.fr\/faits-divers\/j-en-ai-marre-de-ce-boulot-celui-pour-lequel-on-assassine-un-professeur-juge-pour-avoir-exhibe-un-couteau-en-classe-en-evoquant-la-menace-terroriste-20240329?msockid=1f5ab7783a426ee5250da2873b336f6a\" target=\"_blank\" data-fig-type=\"NewsFlash\" rel=\"noopener\" data-gtm-custom-categorie=\"navigation\" data-gtm-custom-action=\"crossclick\" data-gtm-custom-label=\"Contextuel\" data-gtm-event=\"customEventSPE\" data-fig-domain=\"LEFIGARO\">devant ses \u00e9l\u00e8ves en pleine classe<\/a>, a \u00e9t\u00e9 relax\u00e9 lundi par la cour d&rsquo;appel de Rouen. L&rsquo;enseignant a \u00e9t\u00e9 relax\u00e9 du chef de \u00abviolences volontaires avec arme n&rsquo;ayant pas entra\u00een\u00e9 d&rsquo;ITT\u00bb, mais a tout de m\u00eame \u00e9t\u00e9 condamn\u00e9 \u00e0 une amende de 500 euros pour port d&rsquo;arme, en l&rsquo;occurrence son couteau de type Opinel.<\/p>\n<p class=\"fig-paragraph\">Le 21 octobre 2023, le quinquag\u00e9naire avait sorti ce couteau devant ses \u00e9l\u00e8ves en classe de 1\u00e8re d&rsquo;un lyc\u00e9e havrais et avait d\u00e9clar\u00e9\u00a0: \u00abSi on m&rsquo;\u00e9nerve, je suis capable de soulever un seconde et lui taper la t\u00eate contre le mur jusqu&rsquo;\u00e0 ce qu&rsquo;elle explose\u00bb, avant d&rsquo;indiquer b\u00e9n\u00e9ficier d&rsquo;un \u00abtotem d&rsquo;immunit\u00e9\u00bb. Pour ces faits il avait \u00e9t\u00e9 condamn\u00e9 en premi\u00e8re instance au Havre \u00e0 six mois de prison avec sursis et \u00e0 une interdiction d&rsquo;enseigner de trois ans. Un \u00abp\u00e9tage de plomb, j&rsquo;ai craqu\u00e9\u00bb avait d\u00e9clar\u00e9 l&rsquo;enseignant \u00e0 l&rsquo;AFP apr\u00e8s sa condamnation en avril 2024. \u00abL&rsquo;extr\u00eame droite m&rsquo;a r\u00e9cup\u00e9r\u00e9 mais je ne suis pas leur h\u00e9ros, je suis malade, il faut les combattre\u00bb, avait-il insist\u00e9.<\/p>\n<p class=\"fig-paragraph\">Les faits s&rsquo;\u00e9taient produits quelques jours apr\u00e8s un hommage \u00e0 Samuel Paty et l&rsquo;assassinat de Dominique Bernard. Les deux enseignants ont \u00e9t\u00e9 assassin\u00e9s dans des attentats islamistes,\u00a0<a href=\"https:\/\/www.lefigaro.fr\/actualite-france\/l-assassinat-de-samuel-paty-un-scandale-d-etat-20230414?msockid=1f5ab7783a426ee5250da2873b336f6a\" target=\"_blank\" data-fig-type=\"Article\" rel=\"noopener\" data-gtm-custom-categorie=\"navigation\" data-gtm-custom-action=\"crossclick\" data-gtm-custom-label=\"Contextuel\" data-gtm-event=\"customEventSPE\" data-fig-domain=\"LEFIGARO\">Samuel Paty<\/a>\u00a0\u00e0 Conflans-Sainte-Honorine en octobre 2020 et Dominique Bernard \u00e0 Arras le 13 octobre 2023. R\u00e9f\u00e9rent la\u00efcit\u00e9 dans son \u00e9tablissement, l&rsquo;enseignant havrais avait expliqu\u00e9 son \u00abd\u00e9rapage\u00bb par un lourd passif\u00a0: Charlie Hebdo, Dominique Bernard, Samuel Paty, \u00abbeaucoup d&rsquo;arr\u00eats maladies\u00bb et sa \u00absolitude\u00bb.<\/p>\n","protected":false},"excerpt":{"rendered":"En premi\u00e8re instance, l\u2019enseignant avait \u00e9t\u00e9 condamn\u00e9 \u00e0 six mois de prison avec sursis et \u00e0 une interdiction&hellip;\n","protected":false},"author":2,"featured_media":147043,"comment_status":"","ping_status":"","sticky":false,"template":"","format":"standard","meta":{"footnotes":""},"categories":[9587],"tags":[1111,47,11,1109,5264,1112,11271,1777,674,118,1108,107,1106,1107,1011,27,1110,1114,14,12,5161,1113,316,25,9590],"class_list":{"0":"post-147042","1":"post","2":"type-post","3":"status-publish","4":"format-standard","5":"has-post-thumbnail","7":"category-rouen","8":"tag-actu","9":"tag-actualite","10":"tag-actualites","11":"tag-breves","12":"tag-couteau","13":"tag-depeches","14":"tag-enseignants","15":"tag-eu","16":"tag-europe","17":"tag-faits-divers","18":"tag-fil","19":"tag-fil-info","20":"tag-flash","21":"tag-flash-actu","22":"tag-fr","23":"tag-france","24":"tag-informations","25":"tag-infos","26":"tag-international","27":"tag-news","28":"tag-normandie","29":"tag-nouvelles","30":"tag-politique","31":"tag-republique-francaise","32":"tag-rouen"},"share_on_mastodon":{"url":"https:\/\/pubeurope.com\/@fr\/114615225089373824","error":""},"_links":{"self":[{"href":"https:\/\/www.europesays.com\/fr\/wp-json\/wp\/v2\/posts\/147042","targetHints":{"allow":["GET"]}}],"collection":[{"href":"https:\/\/www.europesays.com\/fr\/wp-json\/wp\/v2\/posts"}],"about":[{"href":"https:\/\/www.europesays.com\/fr\/wp-json\/wp\/v2\/types\/post"}],"author":[{"embeddable":true,"href":"https:\/\/www.europesays.com\/fr\/wp-json\/wp\/v2\/users\/2"}],"replies":[{"embeddable":true,"href":"https:\/\/www.europesays.com\/fr\/wp-json\/wp\/v2\/comments?post=147042"}],"version-history":[{"count":0,"href":"https:\/\/www.europesays.com\/fr\/wp-json\/wp\/v2\/posts\/147042\/revisions"}],"wp:featuredmedia":[{"embeddable":true,"href":"https:\/\/www.europesays.com\/fr\/wp-json\/wp\/v2\/media\/147043"}],"wp:attachment":[{"href":"https:\/\/www.europesays.com\/fr\/wp-json\/wp\/v2\/media?parent=147042"}],"wp:term":[{"taxonomy":"category","embeddable":true,"href":"https:\/\/www.europesays.com\/fr\/wp-json\/wp\/v2\/categories?post=147042"},{"taxonomy":"post_tag","embeddable":true,"href":"https:\/\/www.europesays.com\/fr\/wp-json\/wp\/v2\/tags?post=147042"}],"curies":[{"name":"wp","href":"https:\/\/api.w.org\/{rel}","templated":true}]}}