{"id":147046,"date":"2025-06-02T18:39:08","date_gmt":"2025-06-02T18:39:08","guid":{"rendered":"https:\/\/www.europesays.com\/fr\/147046\/"},"modified":"2025-06-02T18:39:08","modified_gmt":"2025-06-02T18:39:08","slug":"grenoble-sa-voiture-fauche-une-famille-le-soir-de-la-victoire-du-psg-le-profil-du-conducteur","status":"publish","type":"post","link":"https:\/\/www.europesays.com\/fr\/147046\/","title":{"rendered":"Grenoble. Sa voiture fauche une famille le soir de la victoire du PSG : le profil du conducteur"},"content":{"rendered":"<p>            Par<br \/>\n        <strong><br \/>\n            <a href=\"https:\/\/actu.fr\/auteur\/redaction-grenoble\" title=\"Consulter tous les articles de R\u00e9daction Grenoble\" rel=\"nofollow noopener\" target=\"_blank\">R\u00e9daction Grenoble<\/a><br \/>\n        <\/strong><\/p>\n<p>        Publi\u00e9 le<\/p>\n<p>            2 juin 2025 \u00e0 20h22        <\/p>\n<p>La f\u00eate s\u2019est transform\u00e9e en cauchemar. Samedi 31 mai, peu avant minuit et en pleine c\u00e9l\u00e9bration de la <a href=\"https:\/\/actu.fr\/ile-de-france\/paris_75056\/irresistible-le-psg-remporte-la-premiere-ligue-des-champions-de-son-histoire-au-terme-d-une-finale-de-reve_62712076.html\" rel=\"nofollow noopener\" target=\"_blank\">victoire du PSG<\/a> en Ligue des Champions, une voiture circulant sur les rails du tramway a fauch\u00e9 quatre personnes \u00e0 <a href=\"https:\/\/actu.fr\/auvergne-rhone-alpes\/grenoble_38185\/a-grenoble-une-voiture-percute-la-foule-celebrant-la-victoire-du-psg-quatre-blesses-dont-deux-graves_62712838.html\" rel=\"nofollow noopener\" target=\"_blank\">Grenoble<\/a>, au niveau du cours Jean-Jaur\u00e8s.\u00a0<\/p>\n<p>    <a href=\"https:\/\/www.google.com\/maps\/embed?pb=!1m18!1m12!1m3!1d2812.0406349763034!2d5.7158298750239975!3d45.18627367107077!2m3!1f0!2f0!3f0!3m2!1i1024!2i768!4f13.1!3m3!1m2!1s0x478af484e2b8ad21%3A0xb8884b62441ca555!2sCr%20Jean%20Jaur%C3%A8s%2C%2038000%20Grenoble!5e0!3m2!1sfr!2sfr!4v1748887498113!5m2!1sfr!2sfr\" title=\"Ouvrie le lien\" rel=\"nofollow noopener\" target=\"_blank\">Cliquez ici pour visualiser le contenu<\/a><\/p>\n<p class=\" wall-content\">L\u2019accident a bless\u00e9 une m\u00e8re de famille, \u00e2g\u00e9e de 46 ans, deux de ses fils \u2013 des jumeaux de 17 ans \u2013 et une ni\u00e8ce \u00e2g\u00e9e de 18 ans. Ce lundi soir, deux jours apr\u00e8s le drame, le <strong>pronostic vital de l\u2019un des jumeaux<\/strong>, gri\u00e8vement bless\u00e9 au niveau du thorax, reste engag\u00e9, indique \u00e0 l\u2019AFP le procureur de la R\u00e9publique de Grenoble, <a href=\"https:\/\/actu.fr\/auvergne-rhone-alpes\/grenoble_38185\/grenoble-qui-est-le-nouveau-procureur-de-la-republique-de-grenoble-tout-juste-nomme_62495537.html\" rel=\"nofollow noopener\" target=\"_blank\">Etienne Manteaux<\/a>.<\/p>\n<p>Jug\u00e9 dans deux mois pour \u00ab\u00a0blessures involontaires\u00a0\u00bb<\/p>\n<p class=\" wall-content\">Le conducteur de la voiture, \u00e2g\u00e9 de 19 ans, s\u2019est <strong>pr\u00e9sent\u00e9 de lui-m\u00eame \u00e0 la police<\/strong> le soir de l\u2019accident, apr\u00e8s avoir initialement abandonn\u00e9 son v\u00e9hicule. Il a \u00e9t\u00e9 plac\u00e9e en garde \u00e0 vue, qui a ensuite \u00e9t\u00e9 prolong\u00e9e.<\/p>\n<p class=\" wall-content\"><strong>Sans ant\u00e9c\u00e9dent judiciaire<\/strong>, le jeune homme a \u00e9t\u00e9 pr\u00e9sent\u00e9 lundi 2 juin au parquet de Grenoble dans le cadre d\u2019une comparution \u00e0 d\u00e9lai diff\u00e9r\u00e9 en vue d\u2019un jugement d\u2019ici deux mois pour \u00ab\u00a0blessures involontaires\u00a0\u00bb et \u00ab\u00a0d\u00e9faut de ma\u00eetrise\u00a0\u00bb, pr\u00e9cise le procureur.<\/p>\n<p>Vid\u00e9os : en ce moment sur Actu<\/p>\n<p class=\" wall-content\">Une demande va \u00e9galement \u00eatre faite pour que le conducteur soit plac\u00e9 sous contr\u00f4le judiciaire et interdit de conduite.<\/p>\n<p>Il affirme avoir perdu le contr\u00f4le de sa voiture<\/p>\n<p class=\" wall-content\">Lors de son audition, le jeune homme a d\u00e9clar\u00e9 avoir \u00ab\u00a0eu peur\u00a0\u00bb apr\u00e8s avoir \u00e9t\u00e9 <strong>vis\u00e9 par des tirs de mortiers<\/strong> de la part des f\u00eatards qui avaient envahi l\u2019avenue, et avoir perdu le contr\u00f4le de la voiture. Il a justifi\u00e9 sa fuite initiale par la crainte de se \u00ab\u00a0faire lyncher\u00a0\u00bb par la foule.<\/p>\n<p class=\" wall-content\">Le procureur adjoint Fran\u00e7ois Touret-de-Coucy a indiqu\u00e9 dimanche 1er juin que les policiers, les sapeurs-pompiers et le SAMU intervenus sur l\u2019accident ont fait l\u2019objet de \u00ab\u00a0nombreux jets de projectiles\u00a0\u00bb.<\/p>\n<p class=\" wall-content\">Pour <a href=\"https:\/\/actu.fr\/faits-divers\/un-ado-tue-des-pietons-fauches-un-magasin-pille-apres-la-victoire-du-psg-une-nuit-de-tension-en-france_62712887.html\" rel=\"nofollow noopener\" target=\"_blank\">s\u00e9curiser les secours<\/a>, les policiers avaient d\u00fb recourir \u00e0 des grenades et tirs de LBD, ainsi qu\u2019\u00e0 des chiens \u2013 musel\u00e9s et d\u00e9musel\u00e9s. Aucun fonctionnaire n\u2019a \u00e9t\u00e9 bless\u00e9.<\/p>\n<p class=\" wall-content\"><strong>Avec AFP<\/strong><\/p>\n<p class=\" wall-content\">Suivez toute l\u2019actualit\u00e9 de vos villes et m\u00e9dias favoris en vous inscrivant \u00e0 <a href=\"https:\/\/moncompte.actu.fr\" title=\"D\u00e9couvez Mon Actu\" rel=\"nofollow noopener\" data-trk=\"{&quot;cta&quot;:{&quot;action&quot;:&quot;https:\\\/\\\/moncompte.actu.fr&quot;,&quot;category&quot;:&quot;mon compte&quot;,&quot;from&quot;:&quot;article footer&quot;,&quot;name&quot;:&quot;Mon actu&quot;,&quot;type&quot;:&quot;cta&quot;}}\" target=\"_blank\">Mon Actu<\/a>.<\/p>\n<ul class=\"ac-article-tag wall-content\">\n<li><a href=\"https:\/\/actu.fr\/tag\/justice\" data-trk=\"{&quot;cta&quot;:{&quot;action&quot;:&quot;Justice&quot;,&quot;category&quot;:&quot;tag&quot;,&quot;from&quot;:&quot;article footer&quot;,&quot;name&quot;:&quot;Justice&quot;,&quot;type&quot;:&quot;cta&quot;}}\" rel=\"nofollow noopener\" target=\"_blank\">#Justice<\/a><\/li>\n<li><a href=\"https:\/\/actu.fr\/tag\/paris-saint-germain-psg\" data-trk=\"{&quot;cta&quot;:{&quot;action&quot;:&quot;Paris Saint Germain (PSG)&quot;,&quot;category&quot;:&quot;tag&quot;,&quot;from&quot;:&quot;article footer&quot;,&quot;name&quot;:&quot;Paris Saint Germain (PSG)&quot;,&quot;type&quot;:&quot;cta&quot;}}\" rel=\"nofollow noopener\" target=\"_blank\">#Paris Saint Germain (PSG)<\/a><\/li>\n<\/ul>\n","protected":false},"excerpt":{"rendered":"Par R\u00e9daction Grenoble Publi\u00e9 le 2 juin 2025 \u00e0 20h22 La f\u00eate s\u2019est transform\u00e9e en cauchemar. Samedi 31&hellip;\n","protected":false},"author":2,"featured_media":147047,"comment_status":"","ping_status":"","sticky":false,"template":"","format":"standard","meta":{"footnotes":""},"categories":[9566],"tags":[1111,11,2430,1777,674,118,1011,27,2731,303,12,2332,25],"class_list":{"0":"post-147046","1":"post","2":"type-post","3":"status-publish","4":"format-standard","5":"has-post-thumbnail","7":"category-grenoble","8":"tag-actu","9":"tag-actualites","10":"tag-auvergne-rhone-alpes","11":"tag-eu","12":"tag-europe","13":"tag-faits-divers","14":"tag-fr","15":"tag-france","16":"tag-grenoble","17":"tag-justice","18":"tag-news","19":"tag-paris-saint-germain-psg","20":"tag-republique-francaise"},"share_on_mastodon":{"url":"https:\/\/pubeurope.com\/@fr\/114615233276041649","error":""},"_links":{"self":[{"href":"https:\/\/www.europesays.com\/fr\/wp-json\/wp\/v2\/posts\/147046","targetHints":{"allow":["GET"]}}],"collection":[{"href":"https:\/\/www.europesays.com\/fr\/wp-json\/wp\/v2\/posts"}],"about":[{"href":"https:\/\/www.europesays.com\/fr\/wp-json\/wp\/v2\/types\/post"}],"author":[{"embeddable":true,"href":"https:\/\/www.europesays.com\/fr\/wp-json\/wp\/v2\/users\/2"}],"replies":[{"embeddable":true,"href":"https:\/\/www.europesays.com\/fr\/wp-json\/wp\/v2\/comments?post=147046"}],"version-history":[{"count":0,"href":"https:\/\/www.europesays.com\/fr\/wp-json\/wp\/v2\/posts\/147046\/revisions"}],"wp:featuredmedia":[{"embeddable":true,"href":"https:\/\/www.europesays.com\/fr\/wp-json\/wp\/v2\/media\/147047"}],"wp:attachment":[{"href":"https:\/\/www.europesays.com\/fr\/wp-json\/wp\/v2\/media?parent=147046"}],"wp:term":[{"taxonomy":"category","embeddable":true,"href":"https:\/\/www.europesays.com\/fr\/wp-json\/wp\/v2\/categories?post=147046"},{"taxonomy":"post_tag","embeddable":true,"href":"https:\/\/www.europesays.com\/fr\/wp-json\/wp\/v2\/tags?post=147046"}],"curies":[{"name":"wp","href":"https:\/\/api.w.org\/{rel}","templated":true}]}}