{"id":147054,"date":"2025-06-02T18:43:12","date_gmt":"2025-06-02T18:43:12","guid":{"rendered":"https:\/\/www.europesays.com\/fr\/147054\/"},"modified":"2025-06-02T18:43:12","modified_gmt":"2025-06-02T18:43:12","slug":"a-strasbourg-des-velos-cargos-partages-en-tarif-libre-ca-cartonne","status":"publish","type":"post","link":"https:\/\/www.europesays.com\/fr\/147054\/","title":{"rendered":"\u00c0 Strasbourg, des v\u00e9los cargos partag\u00e9s en tarif libre (\u00e7a cartonne)"},"content":{"rendered":"<p>Et si le v\u00e9lo cargo devenait un bien commun, accessible \u00e0 tous ? S&rsquo;cargo, premi\u00e8re association de v\u00e9los cargo partag\u00e9s en France. Le collectif strasbourgeois d\u00e9mocratise l&rsquo;usage des v\u00e9los cargo en cr\u00e9ant un r\u00e9seau de mise \u00e0 disposition \u00e0 prix libre pour ses adh\u00e9rents. Une initiative qui pourrait faire des \u00e9mules dans d&rsquo;autres villes.<\/p>\n<p>Strasbourg : des v\u00e9los cargo partag\u00e9s avec l&rsquo;association S&rsquo;Cargo<\/p>\n<p>Envie de transporter vos enfants \u00e0 v\u00e9lo le week-end ? Besoin de d\u00e9m\u00e9nager un petit meuble ou d&rsquo;aller \u00e0 la d\u00e9chetterie ? Le v\u00e9lo cargo est LA solution. Mais son co\u00fbt et son encombrement peuvent freiner plus d&rsquo;un cycliste urbain.<\/p>\n<p><a href=\"https:\/\/weelz.ouest-france.fr\/wp-content\/uploads\/2025\/03\/espace-apollonia-scaled.webp\" target=\"_blank\" rel=\"noopener\"><img loading=\"lazy\" decoding=\"async\" width=\"2048\" height=\"1536\" src=\"data:image\/gif;base64,R0lGODlhAQABAIAAAAAAAP\/\/\/yH5BAEAAAAALAAAAAABAAEAAAIBRAA7\" data-lazy-type=\"image\" data-lazy-src=\"https:\/\/www.europesays.com\/fr\/wp-content\/uploads\/2025\/06\/espace-apollonia-2048x1536.webp.webp\" alt=\"Strasbourg : des v\u00e9los cargo partag\u00e9s avec l'association S'Cargo\" class=\"lazy lazy-hidden wp-image-65976\" data-lazy- data-lazy-\/><\/a><\/p>\n<p>C&rsquo;est pr\u00e9cis\u00e9ment ce constat qui a pouss\u00e9 un groupe de Strasbourgeois \u00e0 cr\u00e9er S&rsquo;Cargo en 2023, premi\u00e8re association de v\u00e9los cargo partag\u00e9s en France. Deux ans plus tard, la flotte compte d\u00e9j\u00e0 quinze v\u00e9hicules qui sillonnent les rues de la capitale alsacienne et des communes voisines.<\/p>\n<p>Brigitte Cargo, Frida Cargo ou Fidel Cargo<\/p>\n<p>\u00ab Notre objectif est d&rsquo;ajouter dix v\u00e9los cargos par an pour que chaque quartier de l&rsquo;Eurom\u00e9tropole de Strasbourg en ait un \u00bb, explique Bruno\u00b9, co-fondateur et responsable de projet chez S&rsquo;Cargo. \u00ab On a m\u00eame eu des demandes pour des propri\u00e9taires de chiens qui voudraient les emmener en balade \u00bb, s&rsquo;amuse Britta, b\u00e9n\u00e9vole active de l&rsquo;\u00e9quipe, qui anime r\u00e9guli\u00e8rement des sessions de \u00ab mise en selle \u00bb pour novices.<\/p>\n<p><a href=\"https:\/\/weelz.ouest-france.fr\/wp-content\/uploads\/2025\/03\/la-coopette.heic-scaled.webp\" target=\"_blank\" rel=\"noopener\"><img loading=\"lazy\" decoding=\"async\" width=\"2048\" height=\"1536\" src=\"data:image\/gif;base64,R0lGODlhAQABAIAAAAAAAP\/\/\/yH5BAEAAAAALAAAAAABAAEAAAIBRAA7\" data-lazy-type=\"image\" data-lazy-src=\"https:\/\/www.europesays.com\/fr\/wp-content\/uploads\/2025\/06\/la-coopette.heic-2048x1536.webp.webp\" alt=\"\" class=\"lazy lazy-hidden wp-image-65977\" data-lazy- data-lazy-\/><\/a><\/p>\n<p>Biporteurs, triporteurs, longtails&#8230; La flotte S&rsquo;Cargo se compose de mod\u00e8les vari\u00e9s, musculaires ou \u00e9lectriques. Tous achet\u00e9s d&rsquo;occasion, remis en \u00e9tat et customis\u00e9s avec des couleurs vives qui ne passent pas inaper\u00e7ues dans les rues strasbourgeoises.<\/p>\n<p>Petit clin d&rsquo;\u0153il qui fait la signature de l&rsquo;association : chaque v\u00e9lo cargo porte un nom avec un jeu de mots. Vous pourrez ainsi croiser Brigitte Cargo, Frida Cargo ou encore Fidel Cargo lors de vos d\u00e9placements dans la ville. De quoi faire sourire les passants.<\/p>\n<p>Des v\u00e9los cargo partag\u00e9s, une adh\u00e9sion annuelle et des tarifs solidaires<\/p>\n<p><a href=\"https:\/\/weelz.ouest-france.fr\/wp-content\/uploads\/2025\/03\/lequipe-scargo-scaled.webp\" target=\"_blank\" rel=\"noopener\"><img loading=\"lazy\" decoding=\"async\" width=\"2048\" height=\"1151\" src=\"data:image\/gif;base64,R0lGODlhAQABAIAAAAAAAP\/\/\/yH5BAEAAAAALAAAAAABAAEAAAIBRAA7\" data-lazy-type=\"image\" data-lazy-src=\"https:\/\/www.europesays.com\/fr\/wp-content\/uploads\/2025\/06\/lequipe-scargo-2048x1151.webp.webp\" alt=\"\" class=\"lazy lazy-hidden wp-image-65975\" data-lazy- data-lazy-\/><\/a>Tout \u00e0 droite, Bruno Barry\u00b9, co-fondateur et responsable de projet chez S&rsquo;Cargo<\/p>\n<p>Le syst\u00e8me, lui, est d&rsquo;une simplicit\u00e9 enfantine : une adh\u00e9sion annuelle (45 \u20ac, ou 15 \u20ac en tarif solidaire), une r\u00e9servation en ligne sur le site web, et le tour est jou\u00e9 ! R\u00e9servation par demi-journ\u00e9e, jusqu&rsquo;\u00e0 trois jours cons\u00e9cutifs.<\/p>\n<p>Un maillage territorial<\/p>\n<p>Mise \u00e0 disposition gratuite apr\u00e8s adh\u00e9sion. Pas de frais suppl\u00e9mentaires \u00e0 d\u00e9bourser \u00e0 chaque emprunt \u2013 contrairement \u00e0 une location classique. Les adh\u00e9rents peuvent toutefois faire un don libre \u00e0 tout moment pour soutenir l&rsquo;initiative.<\/p>\n<p><a href=\"https:\/\/weelz.ouest-france.fr\/wp-content\/uploads\/2025\/03\/carte-des-cargos-dispos-png.webp\" target=\"_blank\" rel=\"noopener\"><img loading=\"lazy\" decoding=\"async\" width=\"2048\" height=\"1453\" src=\"data:image\/gif;base64,R0lGODlhAQABAIAAAAAAAP\/\/\/yH5BAEAAAAALAAAAAABAAEAAAIBRAA7\" data-lazy-type=\"image\" data-lazy-src=\"https:\/\/www.europesays.com\/fr\/wp-content\/uploads\/2025\/06\/carte-des-cargos-dispos-2048x1453.webp.webp\" alt=\"Avec S'Cargo \u00e0 Strasbourg, 15 v\u00e9los cargo partag\u00e9s sont en circulation actuellement\" class=\"lazy lazy-hidden wp-image-65979\" data-lazy- data-lazy-\/><\/a>Avec S&rsquo;Cargo \u00e0 Strasbourg, 15 v\u00e9los cargo partag\u00e9s sont en circulation actuellement<\/p>\n<p>Les v\u00e9los sont disponibles par demi-journ\u00e9e, pour trois jours cons\u00e9cutifs maximum. Un r\u00e9seau d&rsquo;h\u00e9bergeurs baptis\u00e9s \u00ab h\u00f4tes \u00bb \u2013 centres socioculturels, caf\u00e9s, commerces de proximit\u00e9 \u2013 assurent la remise des cl\u00e9s et les explications de prise en main. Un maillage territorial qui permet d&rsquo;ancrer le projet dans chaque quartier tout en cr\u00e9ant du lien social.<\/p>\n<p>Le partage comme moteur de transition<\/p>\n<p>\u00ab Le partage de biens communs, comme nous le vivons chez S&rsquo;Cargo, consiste \u00e0 mettre des ressources \u00e0 disposition de mani\u00e8re collective plut\u00f4t que les d\u00e9tenir individuellement. Il s&rsquo;appuie sur des valeurs essentielles de solidarit\u00e9, d&rsquo;\u00e9coresponsabilit\u00e9 et d&rsquo;accessibilit\u00e9 pour tous, tout en renfor\u00e7ant le lien social \u00bb, souligne Bruno.<\/p>\n<p>D\u00e9dramatiser l&rsquo;usage du v\u00e9lo cargo<\/p>\n<p><a href=\"https:\/\/weelz.ouest-france.fr\/wp-content\/uploads\/2025\/03\/img-6595.heic-scaled.webp\" target=\"_blank\" rel=\"noopener\"><img loading=\"lazy\" decoding=\"async\" width=\"2048\" height=\"1536\" src=\"data:image\/gif;base64,R0lGODlhAQABAIAAAAAAAP\/\/\/yH5BAEAAAAALAAAAAABAAEAAAIBRAA7\" data-lazy-type=\"image\" data-lazy-src=\"https:\/\/www.europesays.com\/fr\/wp-content\/uploads\/2025\/06\/img-6595.heic-2048x1536.webp.webp\" alt=\"Avec S'Cargo, le v\u00e9lo cargo partag\u00e9 permet de d\u00e9dramatiser l'usage du v\u00e9lo cargo\" class=\"lazy lazy-hidden wp-image-65978\" data-lazy- data-lazy-\/><\/a>S&rsquo;Cargo organise des balades d\u00e9couvertes pour d\u00e9dramatiser l&rsquo;usage du v\u00e9lo cargo<\/p>\n<p>L&rsquo;association ne s&rsquo;arr\u00eate pas l\u00e0 : elle organise, aux beaux jours, des balades d\u00e9couvertes pour d\u00e9dramatiser l&rsquo;usage du v\u00e9lo cargo et propose des animations dans les diff\u00e9rents quartiers toute l\u2019ann\u00e9e. De quoi convertir encore plus d&rsquo;automobilistes \u00e0 cette alternative cr\u00e9dible pour de nombreux d\u00e9placements urbains.<\/p>\n<p>Et dans votre ville ?<\/p>\n<p>\u00c0 l&rsquo;heure o\u00f9 la mobilit\u00e9 active est <a href=\"https:\/\/weelz.ouest-france.fr\/pourquoi-les-villes-lancent-leur-marque-velo-pour-identifier-leur-reseau-cyclable\/\" target=\"_blank\" rel=\"noopener\">au c\u0153ur des politiques urbaines<\/a>, l&rsquo;initiative strasbourgeoise de S&rsquo;Cargo fait figure de pionni\u00e8re dans le paysage fran\u00e7ais\u00b2. Ce mod\u00e8le innovant de mise \u00e0 disposition de v\u00e9los cargo pourrait inspirer d&rsquo;autres villes et collectifs \u00e0 se lancer dans l&rsquo;aventure. Alors, pr\u00eat(e) \u00e0 cr\u00e9er un S&rsquo;Cargo dans votre commune ? Plus d&rsquo;informations <a href=\"https:\/\/s-cargo.fr\/\" target=\"_blank\" rel=\"noopener\">sur le site officiel<\/a>.<\/p>\n<p>\u00b9 Toujours autour\u00a0du sujet du v\u00e9lo cargo, mais dans un autre contexte, nous avons d\u00e9j\u00e0 eu l&rsquo;occasion de mettre en avant Bruno Barry <a href=\"https:\/\/weelz.ouest-france.fr\/moustache-lundi-20-cyclotourisme-et-velo-longtail-avec-bruno-strasbourg\/\" target=\"_blank\" rel=\"noopener\">et son v\u00e9lo longtail Moustache Lundi 20<\/a>.<br \/>\u00b2 NDLR : Des services similaires existent \u00e0 Lyon (<a href=\"https:\/\/weelz.ouest-france.fr\/lyon-cargovelov-le-velo-cargo-en-libre-service-se-deploie-petit-a-petit-en-france\/\" target=\"_blank\" rel=\"noopener\">cargoVelov<\/a>), \u00e0 Grenoble (<a href=\"https:\/\/weelz.ouest-france.fr\/grenoble-inauguration-technicentre-metrovelo\/\" target=\"_blank\" rel=\"noopener\">Metrovelo<\/a>) ou encore \u00e0 Angers (<a href=\"https:\/\/angers.citiz.coop\/velos-cargo\" target=\"_blank\" rel=\"noopener\">Citiz<\/a>). Nous avions \u00e9galement mis en avant une <a href=\"https:\/\/weelz.ouest-france.fr\/aspern-velo-cargo-libre-service\/\" target=\"_blank\" rel=\"noopener\">initiative autrichienne<\/a> de v\u00e9los cargo en libre-service.<\/p>\n<p><strong>Vous avez aim\u00e9 cet article ?<\/strong> N&rsquo;h\u00e9sitez-pas \u00e0 <a href=\"https:\/\/weelz.ouest-france.fr\/newsletter-velo\/\" target=\"_blank\" rel=\"noopener\">vous abonner \u00e0 notre newsletter<\/a>. Vous pouvez aussi nous ajouter en favoris directement dans <a href=\"https:\/\/news.google.com\/publications\/CAAqBwgKMJ3Eugswqt_RAw?hl=fr&amp;gl=FR&amp;ceid=FR%3Afr\" rel=\"external noopener\" target=\"_blank\">Google News<\/a> ou encore nous suivre via <a href=\"https:\/\/bit.ly\/weelz-whatsapp\" target=\"_blank\" rel=\"noopener\">notre chaine WhatsApp<\/a>. Une question, une remarque ? <a href=\"https:\/\/weelz.ouest-france.fr\/contacter-weelz\/\" target=\"_blank\" rel=\"noopener\">Contactez-nous<\/a>.<\/p>\n","protected":false},"excerpt":{"rendered":"Et si le v\u00e9lo cargo devenait un bien commun, accessible \u00e0 tous ? S&rsquo;cargo, premi\u00e8re association de v\u00e9los&hellip;\n","protected":false},"author":2,"featured_media":147055,"comment_status":"","ping_status":"","sticky":false,"template":"","format":"standard","meta":{"footnotes":""},"categories":[2820],"tags":[1111,11,4077,1777,674,1011,27,775,12,25,640,27605],"class_list":{"0":"post-147054","1":"post","2":"type-post","3":"status-publish","4":"format-standard","5":"has-post-thumbnail","7":"category-strasbourg","8":"tag-actu","9":"tag-actualites","10":"tag-association","11":"tag-eu","12":"tag-europe","13":"tag-fr","14":"tag-france","15":"tag-grand-est","16":"tag-news","17":"tag-republique-francaise","18":"tag-strasbourg","19":"tag-velo-cargo"},"share_on_mastodon":{"url":"https:\/\/pubeurope.com\/@fr\/114615249174058778","error":""},"_links":{"self":[{"href":"https:\/\/www.europesays.com\/fr\/wp-json\/wp\/v2\/posts\/147054","targetHints":{"allow":["GET"]}}],"collection":[{"href":"https:\/\/www.europesays.com\/fr\/wp-json\/wp\/v2\/posts"}],"about":[{"href":"https:\/\/www.europesays.com\/fr\/wp-json\/wp\/v2\/types\/post"}],"author":[{"embeddable":true,"href":"https:\/\/www.europesays.com\/fr\/wp-json\/wp\/v2\/users\/2"}],"replies":[{"embeddable":true,"href":"https:\/\/www.europesays.com\/fr\/wp-json\/wp\/v2\/comments?post=147054"}],"version-history":[{"count":0,"href":"https:\/\/www.europesays.com\/fr\/wp-json\/wp\/v2\/posts\/147054\/revisions"}],"wp:featuredmedia":[{"embeddable":true,"href":"https:\/\/www.europesays.com\/fr\/wp-json\/wp\/v2\/media\/147055"}],"wp:attachment":[{"href":"https:\/\/www.europesays.com\/fr\/wp-json\/wp\/v2\/media?parent=147054"}],"wp:term":[{"taxonomy":"category","embeddable":true,"href":"https:\/\/www.europesays.com\/fr\/wp-json\/wp\/v2\/categories?post=147054"},{"taxonomy":"post_tag","embeddable":true,"href":"https:\/\/www.europesays.com\/fr\/wp-json\/wp\/v2\/tags?post=147054"}],"curies":[{"name":"wp","href":"https:\/\/api.w.org\/{rel}","templated":true}]}}