{"id":147062,"date":"2025-06-02T18:47:22","date_gmt":"2025-06-02T18:47:22","guid":{"rendered":"https:\/\/www.europesays.com\/fr\/147062\/"},"modified":"2025-06-02T18:47:22","modified_gmt":"2025-06-02T18:47:22","slug":"urgence-palestine-deploie-une-chaine-humaine-dans-les-rues-de-nantes","status":"publish","type":"post","link":"https:\/\/www.europesays.com\/fr\/147062\/","title":{"rendered":"Urgence Palestine d\u00e9ploie une cha\u00eene humaine dans les rues de Nantes"},"content":{"rendered":"<p>Le collectif Urgence Palestine, organisait une cha\u00eene humaine, ce lundi 2\u00a0juin, au miroir d\u2019eau, \u00e0 Nantes. Plus de 500 personnes se sont donn\u00e9 la main pour composer une cha\u00eene qui s\u2019est ensuite d\u00e9plac\u00e9e vers la place du commerce.<\/p>\n<p>\t<img decoding=\"async\" src=\"https:\/\/www.europesays.com\/fr\/wp-content\/uploads\/2025\/06\/P35266135D6835742G_px_640_.jpg\" alt=\"photo urgence palestine d\u00e9ploie une cha\u00eene humaine dans les rues de nantes  \u00a9  ouest-france\" width=\"640\" title=\" Urgence Palestine d\u00e9ploie une cha\u00eene humaine dans les rues de Nantes   Ouest-France \"\/><\/p>\n<p class=\"elmt-legende\"> Urgence Palestine d\u00e9ploie une cha\u00eene humaine dans les rues de Nantes   Ouest-France <\/p>\n<p>Le collectif Urgence Palestine, menac\u00e9 de dissolution par le minist\u00e8re de l\u2019int\u00e9rieur, continue de se mobiliser et d\u2019alerter sur la situation dramatique \u00e0 Gaza. La mobilisation a eu lieu en musique, les manifestants frappent dans leurs mains en criant \u00ab\u00a0stop g\u00e9nocide\u00a0\u00bb.<\/p>\n<p><strong>Lire aussi\u00a0:<\/strong>\u00a0<a href=\"https:\/\/rennes.maville.com\/actu\/actudet_-israel-accuse-de-genocide-a-gaza-on-vous-decrypte-cette-question-sensible-_54135-6740679_actu.Htm\" target=\"_self\" rel=\"noopener\">Isra\u00ebl accus\u00e9 de \u00ab\u00a0g\u00e9nocide\u00a0\u00bb \u00e0 Gaza\u00a0: on vous d\u00e9crypte cette question sensible<\/a><\/p>\n<p>Dans la cha\u00eene, on voit des drapeaux palestiniens, des personnes portent le keffieh et quelques banderoles scandent\u00a0: \u00ab\u00a0Notre libert\u00e9 est incompl\u00e8te sans la libert\u00e9 des Palestiniens.\u00a0\u00bb Le groupe a ensuite rejoint la place Royale en criant <strong>\u00ab\u00a0de Nantes \u00e0 Gaza r\u00e9sistance, r\u00e9sistance\u00a0\u00bb<\/strong>.<\/p>\n<p>\u00a0<\/p>\n","protected":false},"excerpt":{"rendered":"Le collectif Urgence Palestine, organisait une cha\u00eene humaine, ce lundi 2\u00a0juin, au miroir d\u2019eau, \u00e0 Nantes. Plus de&hellip;\n","protected":false},"author":2,"featured_media":147063,"comment_status":"","ping_status":"","sticky":false,"template":"","format":"standard","meta":{"footnotes":""},"categories":[2818],"tags":[1111,11,3839,12188,1777,674,1011,27,27606,766,12,3518,2636,25,16915,3083],"class_list":{"0":"post-147062","1":"post","2":"type-post","3":"status-publish","4":"format-standard","5":"has-post-thumbnail","7":"category-nantes","8":"tag-actu","9":"tag-actualites","10":"tag-chaine","11":"tag-deploie","12":"tag-eu","13":"tag-europe","14":"tag-fr","15":"tag-france","16":"tag-humaine","17":"tag-nantes","18":"tag-news","19":"tag-palestine","20":"tag-pays-de-la-loire","21":"tag-republique-francaise","22":"tag-rues","23":"tag-urgence"},"share_on_mastodon":{"url":"https:\/\/pubeurope.com\/@fr\/114615264509120028","error":""},"_links":{"self":[{"href":"https:\/\/www.europesays.com\/fr\/wp-json\/wp\/v2\/posts\/147062","targetHints":{"allow":["GET"]}}],"collection":[{"href":"https:\/\/www.europesays.com\/fr\/wp-json\/wp\/v2\/posts"}],"about":[{"href":"https:\/\/www.europesays.com\/fr\/wp-json\/wp\/v2\/types\/post"}],"author":[{"embeddable":true,"href":"https:\/\/www.europesays.com\/fr\/wp-json\/wp\/v2\/users\/2"}],"replies":[{"embeddable":true,"href":"https:\/\/www.europesays.com\/fr\/wp-json\/wp\/v2\/comments?post=147062"}],"version-history":[{"count":0,"href":"https:\/\/www.europesays.com\/fr\/wp-json\/wp\/v2\/posts\/147062\/revisions"}],"wp:featuredmedia":[{"embeddable":true,"href":"https:\/\/www.europesays.com\/fr\/wp-json\/wp\/v2\/media\/147063"}],"wp:attachment":[{"href":"https:\/\/www.europesays.com\/fr\/wp-json\/wp\/v2\/media?parent=147062"}],"wp:term":[{"taxonomy":"category","embeddable":true,"href":"https:\/\/www.europesays.com\/fr\/wp-json\/wp\/v2\/categories?post=147062"},{"taxonomy":"post_tag","embeddable":true,"href":"https:\/\/www.europesays.com\/fr\/wp-json\/wp\/v2\/tags?post=147062"}],"curies":[{"name":"wp","href":"https:\/\/api.w.org\/{rel}","templated":true}]}}