{"id":147070,"date":"2025-06-02T18:51:08","date_gmt":"2025-06-02T18:51:08","guid":{"rendered":"https:\/\/www.europesays.com\/fr\/147070\/"},"modified":"2025-06-02T18:51:08","modified_gmt":"2025-06-02T18:51:08","slug":"17-personnes-dont-4-mineurs-devant-la-justice","status":"publish","type":"post","link":"https:\/\/www.europesays.com\/fr\/147070\/","title":{"rendered":"17 personnes dont 4 mineurs devant la justice"},"content":{"rendered":"<p>            Par<br \/>\n        <strong><br \/>\n            <a href=\"https:\/\/actu.fr\/auteur\/mareva-laville-actu-fr\" title=\"Consulter tous les articles de Mar\u00e9va Laville\" rel=\"nofollow noopener\" target=\"_blank\">Mar\u00e9va Laville<\/a><br \/>\n        <\/strong><\/p>\n<p>        Publi\u00e9 le<\/p>\n<p>            2 juin 2025 \u00e0 19h59        <\/p>\n<p>Les habitants du <strong>quartier d\u2019Empalot<\/strong> \u00e0 <a href=\"http:\/\/www.actu.fr\/toulouse\" rel=\"nofollow noopener\" target=\"_blank\"><strong>Toulouse<\/strong> <\/a>s\u2019en souviennent probablement encore. Mai et septembre\u00a02023, <a href=\"https:\/\/actu.fr\/occitanie\/toulouse_31555\/toulouse-fusillade-mortelle-d-empalot-la-victime-deja-prise-pour-cible-en-aout_60117450.html\" rel=\"nofollow noopener\" target=\"_blank\">deux hommes de 20 et 27\u00a0ans<\/a>, abattus en pleine ville. <a href=\"https:\/\/actu.fr\/occitanie\/toulouse_31555\/toulouse-fusillade-mortelle-d-empalot-la-victime-deja-prise-pour-cible-en-aout_60117450.html\" rel=\"nofollow noopener\" target=\"_blank\">Quatre autres tentatives d\u2019homicides<\/a>. Et une <a href=\"https:\/\/actu.fr\/occitanie\/toulouse_31555\/toulouse-en-proie-a-une-guerre-de-territoire-empalot-sous-etroite-surveillance_60122664.html\" rel=\"nofollow noopener\" target=\"_blank\">rue de Menton<\/a> devenue th\u00e9\u00e2tre <strong>d\u2019une v\u00e9ritable guerre de territoire.<\/strong> Une descente aux enfers sur fonds de<strong> trafic de stup\u00e9fiants<\/strong> qui valait son pesant d\u2019or\u2026 en t\u00e9moignaient les quantit\u00e9s de stup\u00e9fiants saisies lors de l\u2019enqu\u00eate et \u00ab\u2009les sommes d\u2019argent \u00e9voqu\u00e9es par les trafiquants eux-m\u00eames\u2009\u00bb lors de l\u2019enqu\u00eate, indique <strong>David Charmatz<\/strong>, le procureur de la R\u00e9publique de Toulouse.<\/p>\n<p>Un vaste r\u00e9seau de drogue au c\u0153ur d\u2019Empalot<\/p>\n<p class=\" wall-content\">Tout remonte \u00e0 2022.\u00a0Au mois de septembre de cette ann\u00e9e-l\u00e0, \u00ab\u2009les policiers de la Suret\u00e9 d\u00e9partementale de Toulouse \u00e9taient destinataires d\u2019informations sur les identit\u00e9s de plusieurs individus \u00e0 la t\u00eate d\u2019un <strong>vaste trafic de stup\u00e9fiants <\/strong>implant\u00e9 <strong>en plein c\u0153ur du quartier Empalot<\/strong> \u00e0 Toulouse\u2009\u00bb, narre le parquet de Toulouse.<\/p>\n<p class=\" wall-content\"><strong>Une enqu\u00eate \u00e9tait ouverte<\/strong> pour les chefs d\u2019<strong>acquisition, de d\u00e9tention, de transport et d\u2019offre ou cession de produits stup\u00e9fiants.<\/strong><\/p>\n<blockquote class=\"ac-article-quote wall-content\">\n<p>Les investigations men\u00e9es pendant plusieurs mois sous la direction du Parquet de Toulouse puis du magistrat instructeur ont confirm\u00e9 l\u2019existence d\u2019un vaste r\u00e9seau de revente de cannabis et de coca\u00efne particuli\u00e8rement bien structur\u00e9.\u00a0<\/p>\n<p>    <strong>David Charmatz <\/strong><br \/>\n        Procureur de la R\u00e9publique de Toulouse    <\/p><\/blockquote>\n<p>17 pr\u00e9venus dont quatre mineurs devant le tribunal<\/p>\n<p class=\" wall-content\">Presque trois ans apr\u00e8s l\u2019alerte, <strong>17 individus,<\/strong> dont <strong>quatre mineurs<\/strong> (jug\u00e9s par le tribunal pour enfant, NDLR), comparaissent devant le tribunal correctionnel de Toulouse depuis ce lundi 2 juin 2025 et jusqu\u2019\u00e0 vendredi 6 juin. Sept d\u2019entre eux se trouvent en <strong>d\u00e9tention provisoire,<\/strong> huit avaient \u00e9t\u00e9 <strong>plac\u00e9s sous contr\u00f4le judiciaire<\/strong> et un autre faisait l\u2019objet d\u2019un <strong>mandat d\u2019arr\u00eat.<\/strong><\/p>\n<blockquote class=\"ac-article-quote wall-content\">\n<p>Les pr\u00e9venus ont, pour la plupart, d\u00e9j\u00e0 \u00e9t\u00e9 condamn\u00e9s \u00e0 plusieurs reprises, notamment pour des faits en lien avec les stup\u00e9fiants.<\/p>\n<p>    <strong>David Charmatz<\/strong>\n            <\/p><\/blockquote>\n<p>Vid\u00e9os : en ce moment sur ActuDes r\u00f4les \u00ab\u2009bien d\u00e9termin\u00e9s\u2009\u00bb dans le r\u00e9seau, y compris pour les mineurs<\/p>\n<p class=\" wall-content\">Qui sont-ils\u2009? Quelles \u00e9taient leurs implications dans le trafic\u2009? Quelles peinent risquent-ils\u2009? Elles risquent d\u2019\u00eatre nombreuses et plus ou moins \u00e9lev\u00e9s selon le r\u00f4le de chacun dans le <strong>trafic de drogue.<\/strong><\/p>\n<p class=\" wall-content\">Commanditaire, fournisseur, ravitailleur, vendeur du point de vente\u2026 Au total, gr\u00e2ce au travail des enqu\u00eateurs, les forces de l\u2019ordre \u00e9taient parvenues \u00e0 interpeller pas moins de 23\u00a0personnes dont quatre mineurs.<strong> Tous avaient \u00ab\u2009un r\u00f4le bien d\u00e9termin\u00e9\u2009\u00bb<\/strong> dans ce r\u00e9seau d\u00e9sormais d\u00e9mantel\u00e9, pr\u00e9cise le parquet de Toulouse.<\/p>\n<p>La t\u00eate du r\u00e9seau agissait derri\u00e8re les barreaux<\/p>\n<p class=\" wall-content\">Mais c\u2019est encore plus loin que le quartier d\u2019Empalot qu\u2019il a fallu chercher, pour trouver les t\u00eates du r\u00e9seau. L\u2019une d\u2019elles \u00e9tait d\u00e9j\u00e0 entre quatre murs\u2026 C\u2019est en effet<strong> au sein d\u2019une prison<\/strong> que l\u2019un des dirigeants op\u00e9rait. \u00ab\u2009Il \u00e9tait d\u00e9tenu dans le cadre d\u2019une proc\u00e9dure judiciaire distincte\u2009\u00bb, d\u00e9taille le procureur de la R\u00e9publique de Toulouse.<\/p>\n<p class=\" wall-content\">Devant les juges et le parquet, il devra, comme les autres, s\u2019expliquer d\u2019un r\u00e9seau d\u00e9vastateur pour la tranquillit\u00e9 du quartier\u2026<\/p>\n<p class=\" wall-content\">Suivez toute l\u2019actualit\u00e9 de vos villes et m\u00e9dias favoris en vous inscrivant \u00e0 <a href=\"https:\/\/moncompte.actu.fr\" title=\"D\u00e9couvez Mon Actu\" rel=\"nofollow noopener\" data-trk=\"{&quot;cta&quot;:{&quot;action&quot;:&quot;https:\\\/\\\/moncompte.actu.fr&quot;,&quot;category&quot;:&quot;mon compte&quot;,&quot;from&quot;:&quot;article footer&quot;,&quot;name&quot;:&quot;Mon actu&quot;,&quot;type&quot;:&quot;cta&quot;}}\" target=\"_blank\">Mon Actu<\/a>.<\/p>\n","protected":false},"excerpt":{"rendered":"Par Mar\u00e9va Laville Publi\u00e9 le 2 juin 2025 \u00e0 19h59 Les habitants du quartier d\u2019Empalot \u00e0 Toulouse s\u2019en&hellip;\n","protected":false},"author":2,"featured_media":147071,"comment_status":"","ping_status":"","sticky":false,"template":"","format":"standard","meta":{"footnotes":""},"categories":[2816],"tags":[1111,11,1052,1777,674,118,1011,27,303,12,2680,1072,25,2312],"class_list":{"0":"post-147070","1":"post","2":"type-post","3":"status-publish","4":"format-standard","5":"has-post-thumbnail","7":"category-toulouse","8":"tag-actu","9":"tag-actualites","10":"tag-drogue","11":"tag-eu","12":"tag-europe","13":"tag-faits-divers","14":"tag-fr","15":"tag-france","16":"tag-justice","17":"tag-news","18":"tag-occitanie","19":"tag-police","20":"tag-republique-francaise","21":"tag-toulouse"},"share_on_mastodon":{"url":"https:\/\/pubeurope.com\/@fr\/114615280188992627","error":""},"_links":{"self":[{"href":"https:\/\/www.europesays.com\/fr\/wp-json\/wp\/v2\/posts\/147070","targetHints":{"allow":["GET"]}}],"collection":[{"href":"https:\/\/www.europesays.com\/fr\/wp-json\/wp\/v2\/posts"}],"about":[{"href":"https:\/\/www.europesays.com\/fr\/wp-json\/wp\/v2\/types\/post"}],"author":[{"embeddable":true,"href":"https:\/\/www.europesays.com\/fr\/wp-json\/wp\/v2\/users\/2"}],"replies":[{"embeddable":true,"href":"https:\/\/www.europesays.com\/fr\/wp-json\/wp\/v2\/comments?post=147070"}],"version-history":[{"count":0,"href":"https:\/\/www.europesays.com\/fr\/wp-json\/wp\/v2\/posts\/147070\/revisions"}],"wp:featuredmedia":[{"embeddable":true,"href":"https:\/\/www.europesays.com\/fr\/wp-json\/wp\/v2\/media\/147071"}],"wp:attachment":[{"href":"https:\/\/www.europesays.com\/fr\/wp-json\/wp\/v2\/media?parent=147070"}],"wp:term":[{"taxonomy":"category","embeddable":true,"href":"https:\/\/www.europesays.com\/fr\/wp-json\/wp\/v2\/categories?post=147070"},{"taxonomy":"post_tag","embeddable":true,"href":"https:\/\/www.europesays.com\/fr\/wp-json\/wp\/v2\/tags?post=147070"}],"curies":[{"name":"wp","href":"https:\/\/api.w.org\/{rel}","templated":true}]}}