{"id":147082,"date":"2025-06-02T18:57:32","date_gmt":"2025-06-02T18:57:32","guid":{"rendered":"https:\/\/www.europesays.com\/fr\/147082\/"},"modified":"2025-06-02T18:57:32","modified_gmt":"2025-06-02T18:57:32","slug":"a-lyon-tout-le-monde-est-un-peu-retourne-par-les-tags-antisemites-retrouves-dans-une-ecole-primaire-liberation","status":"publish","type":"post","link":"https:\/\/www.europesays.com\/fr\/147082\/","title":{"rendered":"A Lyon, \u00abtout le monde est un peu retourn\u00e9\u00bb par les tags antis\u00e9mites retrouv\u00e9s dans une \u00e9cole primaire \u2013 Lib\u00e9ration"},"content":{"rendered":"<p class=\"sc-ksZaOG ehjQrN text-element\">\u00ab\u00c7a devient d\u00e9solant, je ne vois pas pourquoi on s\u2019en prend \u00e0 une \u00e9cole\u00bb, souffle Mario. Tee-shirt vert olive et pantacourt, le sexag\u00e9naire patiente ce lundi 2 juin \u00e0 la mi-journ\u00e9e devant le groupe scolaire Nov\u00e9 Josserand, dans le IIIe arrondissement de Lyon (Rh\u00f4ne), avant de r\u00e9cup\u00e9rer ses petits-enfants pour la pause d\u00e9jeuner. Des croix gamm\u00e9es, des \u00e9toiles de David, des messages antis\u00e9mites et des tags propalestiniens : ces inscriptions \u00abinqui\u00e9tantes\u00bb, juge le grand-p\u00e8re, <a href=\"https:\/\/www.liberation.fr\/societe\/lyon-des-tags-antisemites-et-des-croix-gammees-retrouves-sur-une-ecole-touchee-par-un-debut-dincendie-20250601_MNRDS5N5YNHPLIHIJO34OMNJOQ\/\" target=\"_blank\" rel=\"noreferrer nofollow noopener\" title=\"https:\/\/www.liberation.fr\/societe\/lyon-des-tags-antisemites-et-des-croix-gammees-retrouves-sur-une-ecole-touchee-par-un-debut-dincendie-20250601_MNRDS5N5YNHPLIHIJO34OMNJOQ\/\">ont \u00e9t\u00e9 d\u00e9couvertes durant le week-end<\/a> sur les tableaux et les murs de trois salles de classe. Elles ont depuis \u00e9t\u00e9 effac\u00e9es par les services de nettoyage mandat\u00e9s par la mairie. Alors que du mat\u00e9riel et du mobilier ont \u00e9t\u00e9 d\u00e9grad\u00e9s dans les locaux, un feu s\u2019est \u00e9galement d\u00e9clar\u00e9 samedi soir dans les toilettes ext\u00e9rieures de l\u2019\u00e9cole primaire. Vite ma\u00eetris\u00e9 par les pompiers, l\u2019incendie n\u2019a suscit\u00e9 que des d\u00e9g\u00e2ts partiels.<\/p>\n<p class=\"sc-ksZaOG ehjQrN text-element\">Labiadh, barbe soign\u00e9e et polo bleu clair, partage l\u2019inqui\u00e9tude de Mario, \u00abpour nos enfants, pour leurs parents, pour l\u2019enseignement en g\u00e9n\u00e9ral\u00bb. \u00abQuelle que soit sa religion, il<\/p>\n","protected":false},"excerpt":{"rendered":"\u00ab\u00c7a devient d\u00e9solant, je ne vois pas pourquoi on s\u2019en prend \u00e0 une \u00e9cole\u00bb, souffle Mario. Tee-shirt vert&hellip;\n","protected":false},"author":2,"featured_media":147083,"comment_status":"","ping_status":"","sticky":false,"template":"","format":"standard","meta":{"footnotes":""},"categories":[1889],"tags":[1111,11,6155,2430,1777,674,1011,27,2428,12,25],"class_list":{"0":"post-147082","1":"post","2":"type-post","3":"status-publish","4":"format-standard","5":"has-post-thumbnail","7":"category-lyon","8":"tag-actu","9":"tag-actualites","10":"tag-antisemitisme","11":"tag-auvergne-rhone-alpes","12":"tag-eu","13":"tag-europe","14":"tag-fr","15":"tag-france","16":"tag-lyon","17":"tag-news","18":"tag-republique-francaise"},"share_on_mastodon":{"url":"https:\/\/pubeurope.com\/@fr\/114615303794081385","error":""},"_links":{"self":[{"href":"https:\/\/www.europesays.com\/fr\/wp-json\/wp\/v2\/posts\/147082","targetHints":{"allow":["GET"]}}],"collection":[{"href":"https:\/\/www.europesays.com\/fr\/wp-json\/wp\/v2\/posts"}],"about":[{"href":"https:\/\/www.europesays.com\/fr\/wp-json\/wp\/v2\/types\/post"}],"author":[{"embeddable":true,"href":"https:\/\/www.europesays.com\/fr\/wp-json\/wp\/v2\/users\/2"}],"replies":[{"embeddable":true,"href":"https:\/\/www.europesays.com\/fr\/wp-json\/wp\/v2\/comments?post=147082"}],"version-history":[{"count":0,"href":"https:\/\/www.europesays.com\/fr\/wp-json\/wp\/v2\/posts\/147082\/revisions"}],"wp:featuredmedia":[{"embeddable":true,"href":"https:\/\/www.europesays.com\/fr\/wp-json\/wp\/v2\/media\/147083"}],"wp:attachment":[{"href":"https:\/\/www.europesays.com\/fr\/wp-json\/wp\/v2\/media?parent=147082"}],"wp:term":[{"taxonomy":"category","embeddable":true,"href":"https:\/\/www.europesays.com\/fr\/wp-json\/wp\/v2\/categories?post=147082"},{"taxonomy":"post_tag","embeddable":true,"href":"https:\/\/www.europesays.com\/fr\/wp-json\/wp\/v2\/tags?post=147082"}],"curies":[{"name":"wp","href":"https:\/\/api.w.org\/{rel}","templated":true}]}}