{"id":147084,"date":"2025-06-02T18:58:09","date_gmt":"2025-06-02T18:58:09","guid":{"rendered":"https:\/\/www.europesays.com\/fr\/147084\/"},"modified":"2025-06-02T18:58:09","modified_gmt":"2025-06-02T18:58:09","slug":"a-paris-les-couples-ne-sont-pas-majoritaires-et-ce-nest-pas-pres-de-changer-selon-linsee","status":"publish","type":"post","link":"https:\/\/www.europesays.com\/fr\/147084\/","title":{"rendered":"\u00c0 Paris, les couples ne sont pas majoritaires et ce n&rsquo;est pas pr\u00e8s de changer selon l&rsquo;Insee"},"content":{"rendered":"<p>            Par<br \/>\n        <strong><br \/>\n            <a href=\"https:\/\/actu.fr\/auteur\/thomas-martin\" title=\"Consulter tous les articles de Thomas Martin\" rel=\"nofollow noopener\" target=\"_blank\">Thomas Martin<\/a><br \/>\n        <\/strong><\/p>\n<p>        Publi\u00e9 le<\/p>\n<p>            2 juin 2025 \u00e0 20h00        <\/p>\n<p>En mati\u00e8re <a href=\"https:\/\/actu.fr\/tag\/demographie\" rel=\"nofollow noopener\" target=\"_blank\">d\u00e9mographique<\/a>, Paris est une exception en \u00cele-de-France. Selon les derni\u00e8res projections de l\u2019Insee, la capitale serait le seul d\u00e9partement de la r\u00e9gion \u00e0 voir son nombre de m\u00e9nages diminuer d\u2019ici 2050. Alors que le nombre de m\u00e9nages pourrait atteindre 5,79 millions en 2050, soit 570 000 m\u00e9nages de plus qu\u2019en 2018 en \u00cele-de-France et une hausse annuelle moyenne r\u00e9gionale de 3,2 \u2030, \u00e0 Paris, leur nombre reculerait chaque ann\u00e9e de 2,4 \u2030. Une exception dans le paysage francilien.\u00a0<\/p>\n<p>Baisse chronique de la population \u00e0 Paris<\/p>\n<p class=\" wall-content\">Cette baisse serait accentu\u00e9e par rapport \u00e0 celle observ\u00e9e en moyenne entre 2008 et 2018 (-0,7 \u2030 par an), note l\u2019Insee, mais proche de celle constat\u00e9e sur les cinq derni\u00e8res ann\u00e9es 2013 \u00e0 2018 (-2,3 \u2030). Cela correspondrait \u00e0 une baisse de 2 600 m\u00e9nages en moyenne chaque ann\u00e9e d\u2019ici 2050, contre -2 700 m\u00e9nages par an entre 2013 et 2018.<\/p>\n<p class=\" wall-content\">\u00ab\u00a0D\u00e9j\u00e0 majoritaires \u00e0 Paris en 2018 (52 %), les m\u00e9nages compos\u00e9s d\u2019une seule personne repr\u00e9senteraient une part croissante de l\u2019ensemble des m\u00e9nages, qui atteindrait 55 % en 2050\u00a0\u00bb, poursuit l\u2019Insee. Mais m\u00eame ces m\u00e9nages seraient touch\u00e9s par une baisse. Car au final, Paris souffre avant tout d\u2019une <a href=\"https:\/\/actu.fr\/ile-de-france\/paris_75056\/la-population-ne-cesse-de-baisser-a-paris-annee-apres-annee-pour-l-insee-il-y-a-trois-causes-principales_62036621.html\" rel=\"nofollow noopener\" target=\"_blank\">baisse chronique de sa population<\/a>. Le rajeunissement de la population ne parvient pas \u00e0 compenser ce d\u00e9clin.\u00a0<\/p>\n<p class=\" wall-content\">Paris resterait le d\u00e9partement o\u00f9 la proportion de m\u00e9nages d\u2019une seule personne serait la plus \u00e9lev\u00e9e parmi l\u2019ensemble des d\u00e9partements de France m\u00e9tropolitaine. La part des\u00a0couples\u00a0(avec ou sans enfant) diminuerait de deux\u00a0points, passant de 35\u00a0% \u00e0 33\u00a0%, et celle des familles monoparentales resterait quasiment stable sur la p\u00e9riode, autour de 7,5\u00a0%.<\/p>\n<p class=\" wall-content\">Paris se distingue \u00e9galement des autres d\u00e9partements franciliens par une diminution particuli\u00e8rement forte de la taille des m\u00e9nages. En 2008 comme en 2018, la capitale affichait d\u00e9j\u00e0 la plus faible moyenne de France m\u00e9tropolitaine avec respectivement 1,88 et 1,87 personne par m\u00e9nage. \u00c0 partir de 2018, la taille des m\u00e9nages baisserait jusqu\u2019\u00e0 atteindre 1,76\u00a0personne en 2050.<\/p>\n<p class=\" wall-content\">Suivez toute l\u2019actualit\u00e9 de vos villes et m\u00e9dias favoris en vous inscrivant \u00e0 <a href=\"https:\/\/moncompte.actu.fr\" title=\"D\u00e9couvez Mon Actu\" rel=\"nofollow noopener\" data-trk=\"{&quot;cta&quot;:{&quot;action&quot;:&quot;https:\\\/\\\/moncompte.actu.fr&quot;,&quot;category&quot;:&quot;mon compte&quot;,&quot;from&quot;:&quot;article footer&quot;,&quot;name&quot;:&quot;Mon actu&quot;,&quot;type&quot;:&quot;cta&quot;}}\" target=\"_blank\">Mon Actu<\/a>.<\/p>\n","protected":false},"excerpt":{"rendered":"Par Thomas Martin Publi\u00e9 le 2 juin 2025 \u00e0 20h00 En mati\u00e8re d\u00e9mographique, Paris est une exception en&hellip;\n","protected":false},"author":2,"featured_media":147085,"comment_status":"","ping_status":"","sticky":false,"template":"","format":"standard","meta":{"footnotes":""},"categories":[1592],"tags":[1111,11,6969,1777,674,1011,27,662,12,626,25,104],"class_list":{"0":"post-147084","1":"post","2":"type-post","3":"status-publish","4":"format-standard","5":"has-post-thumbnail","7":"category-ile-de-france","8":"tag-actu","9":"tag-actualites","10":"tag-demographie","11":"tag-eu","12":"tag-europe","13":"tag-fr","14":"tag-france","15":"tag-ile-de-france","16":"tag-news","17":"tag-paris","18":"tag-republique-francaise","19":"tag-societe"},"share_on_mastodon":{"url":"https:\/\/pubeurope.com\/@fr\/114615307701590687","error":""},"_links":{"self":[{"href":"https:\/\/www.europesays.com\/fr\/wp-json\/wp\/v2\/posts\/147084","targetHints":{"allow":["GET"]}}],"collection":[{"href":"https:\/\/www.europesays.com\/fr\/wp-json\/wp\/v2\/posts"}],"about":[{"href":"https:\/\/www.europesays.com\/fr\/wp-json\/wp\/v2\/types\/post"}],"author":[{"embeddable":true,"href":"https:\/\/www.europesays.com\/fr\/wp-json\/wp\/v2\/users\/2"}],"replies":[{"embeddable":true,"href":"https:\/\/www.europesays.com\/fr\/wp-json\/wp\/v2\/comments?post=147084"}],"version-history":[{"count":0,"href":"https:\/\/www.europesays.com\/fr\/wp-json\/wp\/v2\/posts\/147084\/revisions"}],"wp:featuredmedia":[{"embeddable":true,"href":"https:\/\/www.europesays.com\/fr\/wp-json\/wp\/v2\/media\/147085"}],"wp:attachment":[{"href":"https:\/\/www.europesays.com\/fr\/wp-json\/wp\/v2\/media?parent=147084"}],"wp:term":[{"taxonomy":"category","embeddable":true,"href":"https:\/\/www.europesays.com\/fr\/wp-json\/wp\/v2\/categories?post=147084"},{"taxonomy":"post_tag","embeddable":true,"href":"https:\/\/www.europesays.com\/fr\/wp-json\/wp\/v2\/tags?post=147084"}],"curies":[{"name":"wp","href":"https:\/\/api.w.org\/{rel}","templated":true}]}}